{"id":36719,"date":"2014-06-11T08:07:27","date_gmt":"2014-06-11T06:07:27","guid":{"rendered":"http:\/\/stockportal.hu\/?p=36719"},"modified":"2014-06-10T21:58:51","modified_gmt":"2014-06-10T19:58:51","slug":"merseklodhet-a-reklamado-egyes-mediavallalkozasoknal","status":"publish","type":"post","link":"https:\/\/gazdasagportal.hu\/index.php\/merseklodhet-a-reklamado-egyes-mediavallalkozasoknal\/","title":{"rendered":"M\u00e9rs\u00e9kl\u0151dhet a rekl\u00e1mad\u00f3 egyes m\u00e9diav\u00e1llalkoz\u00e1sokn\u00e1l"},"content":{"rendered":"<p><strong>M\u00e9rs\u00e9kl\u0151dhet a rekl\u00e1mad\u00f3 idei m\u00e9rt\u00e9ke azokn\u00e1l az \u00e9rintett m\u00e9diav\u00e1llalkoz\u00e1sokn\u00e1l, amelyek a t\u00e1rsas\u00e1gi ad\u00f3ban vagy a szem\u00e9lyi j\u00f6vedelemad\u00f3ban a kor\u00e1bbi \u00e9vekben elhat\u00e1rolt vesztes\u00e9get halmoztak fel &#8211; egy err\u0151l sz\u00f3l\u00f3 m\u00f3dos\u00edt\u00f3 ind\u00edtv\u00e1nyt fogadott el kedd esti \u00fcl\u00e9s\u00e9n az Orsz\u00e1ggy\u0171l\u00e9s t\u00f6rv\u00e9nyalkot\u00e1si bizotts\u00e1ga.<\/strong><!--more--><br \/>\n<div class=\"ads-in-post1\"><div id=\"gazdasagportal.hu_fullbanner_wideboard\"><\/div>\r\n<\/div>\n<p>    A H\u00e1z szerd\u00e1n szavaz s\u00fcrg\u0151s elj\u00e1r\u00e1sban a rekl\u00e1mad\u00f3r\u00f3l sz\u00f3l\u00f3 t\u00f6rv\u00e9nyjavaslatr\u00f3l, amely ad\u00f3val s\u00fajtan\u00e1 a rekl\u00e1mokb\u00f3l sz\u00e1rmaz\u00f3 \u00e1rbev\u00e9telt, \u00e9s az ad\u00f3t a saj\u00e1t rekl\u00e1mok k\u00f6lts\u00e9ge ut\u00e1n is felsz\u00e1m\u00edtan\u00e1k.<br \/>\n    A t\u00f6rv\u00e9nyalkot\u00e1si bizotts\u00e1g kedden folytatta le az el\u0151terjeszt\u00e9s r\u00e9szletes vit\u00e1j\u00e1t, amelynek sor\u00e1n korm\u00e1nyp\u00e1rti t\u00e1mogat\u00e1ssal, az ellenz\u00e9ki k\u00e9pvisel\u0151k elutas\u00edt\u00e1sa mellett fogadott el egy v\u00e1ltoztat\u00e1st az eredeti el\u0151terjeszt\u00e9sen. Eszerint az id\u00e9n kezd\u0151d\u0151 ad\u00f3\u00e9v ad\u00f3alapj\u00e1t m\u00e9rs\u00e9kli a t\u00e1rsas\u00e1gi ad\u00f3ban \u00e9s a szem\u00e9lyi j\u00f6vedelemad\u00f3ban a kor\u00e1bbi \u00e9vekben elhat\u00e1rolt vesztes\u00e9g \u00f6tven sz\u00e1zal\u00e9ka.<br \/>\n    A rekl\u00e1mad\u00f3r\u00f3l sz\u00f3l\u00f3 javaslat el\u0151terjeszt\u0151je, L. Simon L\u00e1szl\u00f3 (Fidesz) a vit\u00e1ban elmondta: eredetileg forgalmi t\u00edpus\u00fa, vagyis a nyeres\u00e9gt\u0151l f\u00fcggetlen ad\u00f3t k\u00e9pzelt el, hogy ne vonhass\u00e1k ki al\u00f3la magukat azok sem, akik ak\u00e1r gazdas\u00e1gi okokb\u00f3l, ak\u00e1r az ad\u00f3elker\u00fcl\u00e9si technik\u00e1k miatt vesztes\u00e9gesek. Most m\u00e9gis t\u00e1mogatja a beny\u00fajtott m\u00f3dos\u00edt\u00e1st, hogy lehet\u0151s\u00e9get adjon ezeknek a c\u00e9geknek arra, ne n\u00f6vekedjen tov\u00e1bb a vesztes\u00e9g\u00fck.<br \/>\n    Az \u00fcl\u00e9sen Varga Mih\u00e1ly nemzetgazdas\u00e1gi miniszter a korm\u00e1ny t\u00e1mogat\u00e1s\u00e1r\u00f3l biztos\u00edtotta a bizotts\u00e1got.<br \/>\n    A szocialista B\u00e1r\u00e1ndy Gergely a jobbikos Szil\u00e1gyi Gy\u00f6rggyel egy\u00fctt arra v\u00e1rt v\u00e1laszt: mely m\u00e9diumok a m\u00f3dos\u00edt\u00f3 javaslat kedvezm\u00e9nyezettjei. A f\u00fcggetlen Fodor G\u00e1bor szerint az eg\u00e9sz t\u00f6rv\u00e9nyjavaslat a sajt\u00f3szabads\u00e1got fenyegeti, a m\u00f3dos\u00edt\u00f3 javaslat pedig a TV2-nek kedvez. A szocialista T\u00f3th Bertalan lex TV2-nek titul\u00e1lta a m\u00f3dos\u00edt\u00e1st, \u00e9s a t\u00f6rv\u00e9nyjavaslat legfelh\u00e1bor\u00edt\u00f3bb r\u00e9sz\u00e9nek nevezte a bizotts\u00e1gi javaslatot.<br \/>\n    A fideszes Balla Gy\u00f6rgy viszont \u00fagy \u00e9rvelt: az el\u0151terjeszt\u00e9s nem tesz k\u00fcl\u00f6nbs\u00e9get korm\u00e1nyp\u00e1rti vagy ellenz\u00e9ki m\u00e9diumok k\u00f6z\u00f6tt. A kis m\u00e9diumokat szinte \u00e9rintetlen\u00fcl hagyja &#8211; mondta -, mik\u00f6zben &#8222;a r\u00e1nk sok szennyet bocs\u00e1t\u00f3kat j\u00f3val nagyobb m\u00e9rt\u00e9kben ad\u00f3ztatja&#8221;.<br \/>\n    Frakci\u00f3t\u00e1rsa, Szab\u00f3 Zsolt egy ellenz\u00e9ki kritik\u00e1ra v\u00e1laszul \u00fagy v\u00e9lekedett: az ad\u00f3z\u00e1s szempontj\u00e1b\u00f3l \u00e9ppen j\u00f3 id\u0151pontban sz\u00fcletik az idei ad\u00f3\u00e9vre vonatkoz\u00f3 javaslat. Arra a b\u00edr\u00e1latra pedig, amely szerint az ellenz\u00e9kieknek \u00e1rtana, a korm\u00e1nyp\u00e1rtiaknak pedig kedvezne a most beny\u00fajtott m\u00f3dos\u00edt\u00e1s, azt mondta: hogy kin\u00e9l keletkezett elhat\u00e1rolt vesztes\u00e9g a t\u00e1rsas\u00e1gi vagy a szem\u00e9lyi j\u00f6vedelemad\u00f3 ad\u00f3 miatt, bels\u0151 inform\u00e1ci\u00f3, a m\u00e9rlegb\u0151l vagy az eredm\u00e9nykimutat\u00e1sb\u00f3l nem der\u00fcl ki.<br \/>\n    L. Simon L\u00e1szl\u00f3 v\u00e1lasz\u00e1ban a legnagyobb t\u00e9ved\u00e9snek nevezte, hogy a javaslat s\u00e9rten\u00e9 a sajt\u00f3szabads\u00e1got vagy t\u00f6nkretenn\u00e9 a semleges m\u00e9diumokat, szerinte a politikai v\u00e9lem\u00e9ny soksz\u00edn\u0171s\u00e9g\u00e9t szolg\u00e1l\u00f3 m\u00e9diumokat nem vesz\u00e9lyezteti. Sorolta azokat a korm\u00e1nyp\u00e1rtinak tartott m\u00e9diumokat, amelyeket jelent\u0151sen \u00e9rint a rekl\u00e1mad\u00f3. Szerinte ma a sajt\u00f3szabads\u00e1gra legink\u00e1bb a tulajdonosi v\u00e9lem\u00e9nyek hatnak.<br \/>\n    A bizotts\u00e1g nem t\u00e1mogatta a jobbikos Nov\u00e1k El\u0151d azon v\u00e1ltoztat\u00e1si sz\u00e1nd\u00e9k\u00e1t, amely szerint az ad\u00f3bev\u00e9telt nem iskolafel\u00faj\u00edt\u00e1sra, hanem arra kellene k\u00f6lteni, hogy mindenki ingyenesen hozz\u00e1f\u00e9rjen az internethez. Elfogadt\u00e1k viszont Vas Imre (Fidesz) technikai jelleg\u0171 m\u00f3dos\u00edt\u00f3 javaslat\u00e1t.(MTI)<\/p>\n","protected":false},"excerpt":{"rendered":"<p>M\u00e9rs\u00e9kl\u0151dhet a rekl\u00e1mad\u00f3 idei m\u00e9rt\u00e9ke azokn\u00e1l az \u00e9rintett m\u00e9diav\u00e1llalkoz\u00e1sokn\u00e1l, amelyek a t\u00e1rsas\u00e1gi ad\u00f3ban vagy a szem\u00e9lyi j\u00f6vedelemad\u00f3ban a kor\u00e1bbi \u00e9vekben elhat\u00e1rolt vesztes\u00e9get halmoztak fel &#8211; egy err\u0151l sz\u00f3l\u00f3 m\u00f3dos\u00edt\u00f3 ind\u00edtv\u00e1nyt fogadott el kedd esti \u00fcl\u00e9s\u00e9n az Orsz\u00e1ggy\u0171l\u00e9s t\u00f6rv\u00e9nyalkot\u00e1si bizotts\u00e1ga.<\/p>\n","protected":false},"author":1,"featured_media":0,"comment_status":"open","ping_status":"closed","sticky":false,"template":"","format":"standard","meta":[],"categories":[19],"tags":[],"_links":{"self":[{"href":"https:\/\/gazdasagportal.hu\/index.php\/wp-json\/wp\/v2\/posts\/36719"}],"collection":[{"href":"https:\/\/gazdasagportal.hu\/index.php\/wp-json\/wp\/v2\/posts"}],"about":[{"href":"https:\/\/gazdasagportal.hu\/index.php\/wp-json\/wp\/v2\/types\/post"}],"author":[{"embeddable":true,"href":"https:\/\/gazdasagportal.hu\/index.php\/wp-json\/wp\/v2\/users\/1"}],"replies":[{"embeddable":true,"href":"https:\/\/gazdasagportal.hu\/index.php\/wp-json\/wp\/v2\/comments?post=36719"}],"version-history":[{"count":1,"href":"https:\/\/gazdasagportal.hu\/index.php\/wp-json\/wp\/v2\/posts\/36719\/revisions"}],"predecessor-version":[{"id":36720,"href":"https:\/\/gazdasagportal.hu\/index.php\/wp-json\/wp\/v2\/posts\/36719\/revisions\/36720"}],"wp:attachment":[{"href":"https:\/\/gazdasagportal.hu\/index.php\/wp-json\/wp\/v2\/media?parent=36719"}],"wp:term":[{"taxonomy":"category","embeddable":true,"href":"https:\/\/gazdasagportal.hu\/index.php\/wp-json\/wp\/v2\/categories?post=36719"},{"taxonomy":"post_tag","embeddable":true,"href":"https:\/\/gazdasagportal.hu\/index.php\/wp-json\/wp\/v2\/tags?post=36719"}],"curies":[{"name":"wp","href":"https:\/\/api.w.org\/{rel}","templated":true}]}}