{"id":36692,"date":"2014-06-10T18:11:33","date_gmt":"2014-06-10T16:11:33","guid":{"rendered":"http:\/\/stockportal.hu\/?p=36692"},"modified":"2014-06-10T16:53:24","modified_gmt":"2014-06-10T14:53:24","slug":"mavinform-visszakerhetik-az-utasok-a-franciaorszagba-valtott-jegyek-arat","status":"publish","type":"post","link":"https:\/\/gazdasagportal.hu\/index.php\/mavinform-visszakerhetik-az-utasok-a-franciaorszagba-valtott-jegyek-arat\/","title":{"rendered":"M\u00e1vinform: visszak\u00e9rhetik az utasok a Franciaorsz\u00e1gba v\u00e1ltott jegyek \u00e1r\u00e1t"},"content":{"rendered":"<p><strong>Kezel\u00e9si k\u00f6lts\u00e9g levon\u00e1sa n\u00e9lk\u00fcl visszat\u00e9r\u00edthetik az utasoknak a Franciaorsz\u00e1gba sz\u00f3l\u00f3 Magyarorsz\u00e1gon v\u00e1ltott jegyek, \u00fcl\u0151helyjegyek vagy egy\u00e9b helybiztos\u00edt\u00e1sok \u00e1r\u00e1t a francia vasutasok kedd este kezd\u0151d\u0151 munkabesz\u00fcntet\u00e9se miatt, vagy m\u00e1s id\u0151pontra \u00e9rv\u00e9nyes\u00edtik a menetjegyet &#8211; k\u00f6z\u00f6lte a M\u00e1vinform sajt\u00f3\u00fcgyeletese kedden az MTI-vel.<\/strong><!--more--><br \/>\n<div class=\"ads-in-post1\"><div id=\"gazdasagportal.hu_fullbanner_wideboard\"><\/div>\r\n<\/div>\n<p>    Kavalecz Imre t\u00e1j\u00e9koztat\u00e1sa szerint k\u00f6zvetlen j\u00e1rat nincs Magyarorsz\u00e1g \u00e9s Franciaorsz\u00e1g k\u00f6z\u00f6tt, de az utasok Budapesten v\u00e1ltott jeggyel, \u00e1tsz\u00e1ll\u00e1sokkal eljuthatnak Franciaorsz\u00e1gba.<br \/>\n    Felh\u00edvta a k\u00fclf\u00f6ldre utaz\u00f3k figyelm\u00e9t arra is, hogy amennyiben m\u00e9gis elutaznak, jegyeik z\u00e1rad\u00e9kol\u00e1s\u00e1r\u00f3l, azaz igazoltat\u00e1s\u00e1r\u00f3l sz\u00fcks\u00e9g eset\u00e9n k\u00fclf\u00f6ld\u00f6n gondoskodjanak. A jegyek visszat\u00e9r\u00edt\u00e9s\u00e9t az utasok a jegykiad\u00f3 orsz\u00e1g ezzel megb\u00edzott jegykiad\u00f3 helyein, \u00e1ltal\u00e1ban a nemzetk\u00f6zi p\u00e9nzt\u00e1rakn\u00e1l k\u00e9rhetik.<br \/>\n    Az utaz\u00e1s megkezd\u00e9se el\u0151tt a nemzetk\u00f6zi tudakoz\u00f3kn\u00e1l, vagy a M\u00c1VDIREKT 40\/49-49-49-es telefonsz\u00e1m\u00e1n javasolt \u00e9rdekl\u0151dni.<br \/>\n    A francia \u00e1llami vas\u00fatt\u00e1rsas\u00e1g (SNCF) igazgat\u00f3s\u00e1ga k\u00f6zl\u00e9se szerint jelent\u0151s fennakad\u00e1sok v\u00e1rhat\u00f3k szerd\u00e1n Franciaorsz\u00e1gban a vas\u00fati \u00e9s a v\u00e1rosi k\u00f6zleked\u00e9sben, miut\u00e1n n\u00e9gy vasutas szakszervezet hat\u00e1rozatlan idej\u0171 munkabesz\u00fcntet\u00e9st hirdetett. A tiltakoz\u00f3 megmozdul\u00e1s kedd este 7 \u00f3rakor kezd\u0151dik, de a jelent\u0151sebb fennakad\u00e1sok szerda reggelt\u0151l v\u00e1rhat\u00f3k: a szuper-expresszeknek (TGV) \u00e9s a p\u00e1rizsi agglomer\u00e1ci\u00f3ban a v\u00e1rosi gyorsvasutaknak (RER) csak a fele fog j\u00e1rni.<br \/>\n    Az Amszterdam \u00e9s Br\u00fcsszel fel\u00e9 k\u00f6zleked\u0151 Thalys vonatok h\u00e1romnegyede indul el, Spanyolorsz\u00e1g fel\u00e9 viszont csak minden m\u00e1sodik. Szerd\u00e1ra \u00e9s cs\u00fct\u00f6rt\u00f6kre virrad\u00f3 \u00e9jjel pedig minden vonatot t\u00f6r\u00f6ltek, teljesen le\u00e1ll a vas\u00fati k\u00f6zleked\u00e9s.<br \/>\n     Ezzel p\u00e1rhuzamosan a taxisok egy eur\u00f3pai megmozdul\u00e1s (London, Madrid, Berlin, R\u00f3ma, P\u00e1rizs) keret\u00e9ben fognak tiltakozni, v\u00e1rhat\u00f3an a p\u00e1lyaudvarokra \u00e9s a rep\u00fcl\u0151terekre vezet\u0151 utakat z\u00e1rj\u00e1k le reggel 6 \u00f3ra \u00e9s este 10 \u00f3ra k\u00f6z\u00f6tt.(MTI)<\/p>\n","protected":false},"excerpt":{"rendered":"<p>Kezel\u00e9si k\u00f6lts\u00e9g levon\u00e1sa n\u00e9lk\u00fcl visszat\u00e9r\u00edthetik az utasoknak a Franciaorsz\u00e1gba sz\u00f3l\u00f3 Magyarorsz\u00e1gon v\u00e1ltott jegyek, \u00fcl\u0151helyjegyek vagy egy\u00e9b helybiztos\u00edt\u00e1sok \u00e1r\u00e1t a francia vasutasok kedd este kezd\u0151d\u0151 munkabesz\u00fcntet\u00e9se miatt, vagy m\u00e1s id\u0151pontra \u00e9rv\u00e9nyes\u00edtik a menetjegyet &#8211; k\u00f6z\u00f6lte a M\u00e1vinform sajt\u00f3\u00fcgyeletese kedden az MTI-vel.<\/p>\n","protected":false},"author":1,"featured_media":0,"comment_status":"open","ping_status":"closed","sticky":false,"template":"","format":"standard","meta":[],"categories":[19],"tags":[],"_links":{"self":[{"href":"https:\/\/gazdasagportal.hu\/index.php\/wp-json\/wp\/v2\/posts\/36692"}],"collection":[{"href":"https:\/\/gazdasagportal.hu\/index.php\/wp-json\/wp\/v2\/posts"}],"about":[{"href":"https:\/\/gazdasagportal.hu\/index.php\/wp-json\/wp\/v2\/types\/post"}],"author":[{"embeddable":true,"href":"https:\/\/gazdasagportal.hu\/index.php\/wp-json\/wp\/v2\/users\/1"}],"replies":[{"embeddable":true,"href":"https:\/\/gazdasagportal.hu\/index.php\/wp-json\/wp\/v2\/comments?post=36692"}],"version-history":[{"count":1,"href":"https:\/\/gazdasagportal.hu\/index.php\/wp-json\/wp\/v2\/posts\/36692\/revisions"}],"predecessor-version":[{"id":36693,"href":"https:\/\/gazdasagportal.hu\/index.php\/wp-json\/wp\/v2\/posts\/36692\/revisions\/36693"}],"wp:attachment":[{"href":"https:\/\/gazdasagportal.hu\/index.php\/wp-json\/wp\/v2\/media?parent=36692"}],"wp:term":[{"taxonomy":"category","embeddable":true,"href":"https:\/\/gazdasagportal.hu\/index.php\/wp-json\/wp\/v2\/categories?post=36692"},{"taxonomy":"post_tag","embeddable":true,"href":"https:\/\/gazdasagportal.hu\/index.php\/wp-json\/wp\/v2\/tags?post=36692"}],"curies":[{"name":"wp","href":"https:\/\/api.w.org\/{rel}","templated":true}]}}