{"id":36682,"date":"2014-06-10T16:13:19","date_gmt":"2014-06-10T14:13:19","guid":{"rendered":"http:\/\/stockportal.hu\/?p=36682"},"modified":"2014-06-10T16:13:19","modified_gmt":"2014-06-10T14:13:19","slug":"reklamado-rogan-a-fidesz-kesz-valtozatlan-formaban-elfogadni-a-javaslatot","status":"publish","type":"post","link":"https:\/\/gazdasagportal.hu\/index.php\/reklamado-rogan-a-fidesz-kesz-valtozatlan-formaban-elfogadni-a-javaslatot\/","title":{"rendered":"Rekl\u00e1mad\u00f3 &#8211; Rog\u00e1n: a Fidesz k\u00e9sz v\u00e1ltozatlan form\u00e1ban elfogadni a javaslatot"},"content":{"rendered":"<p><strong>Egyhang\u00falag t\u00e1mogatta a Fidesz k\u00e9pvisel\u0151csoportja kedden a rekl\u00e1mad\u00f3r\u00f3l sz\u00f3l\u00f3 el\u0151terjeszt\u00e9s elfogad\u00e1s\u00e1t, \u00e9s \u00fagy hat\u00e1rozott, hogy a javaslatot, ha kell, v\u00e1ltozatlan form\u00e1j\u00e1ban is j\u00f3v\u00e1hagyja az Orsz\u00e1ggy\u0171l\u00e9sben &#8211; k\u00f6z\u00f6lte Rog\u00e1n Antal, a korm\u00e1nyp\u00e1rt frakci\u00f3vezet\u0151je budapesti sajt\u00f3t\u00e1j\u00e9koztat\u00f3j\u00e1n.<!--more--><\/strong><br \/>\n<div class=\"ads-in-post1\"><div id=\"gazdasagportal.hu_fullbanner_wideboard\"><\/div>\r\n<\/div>\n<p>A politikus azt mondta, egyel\u0151re nem ismeri a rekl\u00e1mad\u00f3-javaslatot \u00e9rint\u0151 esetleges v\u00e1ltoztat\u00e1si sz\u00e1nd\u00e9kokat, de jelezte, kedd este \u00f6ssze\u00fcl a Fidesz frakci\u00f3eln\u00f6ks\u00e9ge, amely \u00e1ttekinti a m\u00f3dos\u00edt\u00f3 ind\u00edtv\u00e1nyokat &#8211; ha lesznek. V\u00e9lem\u00e9nye szerint ugyanakkor nincs \u00e9rtelme &#8222;jelent\u0151s v\u00e1ltoz\u00e1st v\u00e9grehajtani&#8221; a rekl\u00e1mad\u00f3-el\u0151terjeszt\u00e9sen, amelyr\u0151l az Orsz\u00e1ggy\u0171l\u00e9s &#8211; kiv\u00e9teles elj\u00e1r\u00e1sban &#8211; szerd\u00e1n szavazhat.<br \/>\nRog\u00e1n Antal azt azonban hozz\u00e1tette, hogy az \u00faj ad\u00f3r\u00f3l az \u0151sszel, az ad\u00f3t\u00f6rv\u00e9nyek vit\u00e1jakor m\u00e9g lehet majd egyeztetni, lehet rajta m\u00f3dos\u00edtani, vagyis a rekl\u00e1mad\u00f3ra &#8222;ebben az \u00e9vben m\u00e9g mindenk\u00e9ppen vissza fogunk t\u00e9rni&#8221;.<br \/>\nMegjegyezte egy\u00fattal, a korm\u00e1ny k\u00e9pvisel\u0151je arr\u00f3l t\u00e1j\u00e9koztatta, hogy a kabinet r\u00f6videsen kezdem\u00e9nyezi a b\u00fcdzs\u00e9 m\u00f3dos\u00edt\u00e1s\u00e1t &#8211; a k\u00f6zm\u0171c\u00e9g-v\u00e1s\u00e1rl\u00e1sok \u00e1tvezet\u00e9se miatt -, vagyis v\u00e1rhat\u00f3an a j\u00f6v\u0151 h\u00e9ten megny\u00edlik a k\u00f6lts\u00e9gvet\u00e9si t\u00f6rv\u00e9ny vit\u00e1ja, \u00edgy az Orsz\u00e1ggy\u0171l\u00e9sben ak\u00e1r a rekl\u00e1mad\u00f3-bev\u00e9telr\u0151l is lehet majd t\u00e1rgyalni.<br \/>\nA rekl\u00e1mad\u00f3val kapcsolatban egy\u00e9bk\u00e9nt meger\u0151s\u00edtette kor\u00e1bbi \u00e1ll\u00e1spontj\u00e1t, amely szerint az \u00faj ad\u00f3 azokat a v\u00e1llalkoz\u00e1sokat s\u00fajtja a legjobban, amelyek a legnagyobb rekl\u00e1mbev\u00e9telt \u00e9rt\u00e9k el, &#8222;ebben semmi meglep\u0151 nincsen&#8221;, ez a k\u00f6ztehervisel\u00e9s kiteljes\u00edt\u00e9se.<br \/>\n&#8222;A baloldalr\u00f3l mindig az emberekkel, a csal\u00e1dokkal szemben szoktak progressz\u00edv ad\u00f3t k\u00f6vetelni, mi azt gondoljuk, a progressz\u00edv ad\u00f3z\u00e1snak nem itt van a helye&#8221; &#8211; fogalmazott a frakci\u00f3vezet\u0151, aki azt is mondta, hogy a bankad\u00f3 \u00e9s a t\u00e1vk\u00f6zl\u00e9si ad\u00f3 bevezet\u00e9sekor ugyanazokat a &#8222;fenyeget\u00e9seket&#8221; hallott\u00e1k, mint most, a rekl\u00e1mad\u00f3 miatti esetleges elbocs\u00e1t\u00e1sok emleget\u00e9sekor.<br \/>\nA fideszes politikus term\u00e9szetesnek nevezte a tiltakoz\u00e1sokat, de szerinte &#8222;a rekl\u00e1mad\u00f3nak \u00e9s az \u00fajs\u00e1g\u00edr\u00e1s tartalmi vonatkoz\u00e1sainak&#8221; nincs semmi k\u00f6z\u00fck egym\u00e1shoz.<br \/>\nRog\u00e1n Antal a gazdas\u00e1gi bizotts\u00e1g eln\u00f6kek\u00e9nt arr\u00f3l is besz\u00e1molt, hogy a test\u00fclet \u00fcl\u00e9s\u00e9n fel fogj\u00e1k k\u00e9rni az \u00c1llami Sz\u00e1mvev\u0151sz\u00e9ket (\u00c1SZ) az \u00e1prilisi orsz\u00e1ggy\u0171l\u00e9si v\u00e1laszt\u00e1son indul\u00f3, \u00e1llami kamp\u00e1nyfinansz\u00edroz\u00e1sban r\u00e9szes\u00fcl\u0151 \u00f6sszes, a parlamentbe be nem ker\u00fcl\u0151 jel\u00f6lt \u00e9s jel\u00f6l\u0151szervezet gazd\u00e1lkod\u00e1s\u00e1nak ellen\u0151rz\u00e9s\u00e9re.(MTI)<\/p>\n","protected":false},"excerpt":{"rendered":"<p>Egyhang\u00falag t\u00e1mogatta a Fidesz k\u00e9pvisel\u0151csoportja kedden a rekl\u00e1mad\u00f3r\u00f3l sz\u00f3l\u00f3 el\u0151terjeszt\u00e9s elfogad\u00e1s\u00e1t, \u00e9s \u00fagy hat\u00e1rozott, hogy a javaslatot, ha kell, v\u00e1ltozatlan form\u00e1j\u00e1ban is j\u00f3v\u00e1hagyja az Orsz\u00e1ggy\u0171l\u00e9sben &#8211; k\u00f6z\u00f6lte Rog\u00e1n Antal, a korm\u00e1nyp\u00e1rt frakci\u00f3vezet\u0151je budapesti sajt\u00f3t\u00e1j\u00e9koztat\u00f3j\u00e1n.<\/p>\n","protected":false},"author":1,"featured_media":0,"comment_status":"open","ping_status":"closed","sticky":false,"template":"","format":"standard","meta":[],"categories":[20,18],"tags":[],"_links":{"self":[{"href":"https:\/\/gazdasagportal.hu\/index.php\/wp-json\/wp\/v2\/posts\/36682"}],"collection":[{"href":"https:\/\/gazdasagportal.hu\/index.php\/wp-json\/wp\/v2\/posts"}],"about":[{"href":"https:\/\/gazdasagportal.hu\/index.php\/wp-json\/wp\/v2\/types\/post"}],"author":[{"embeddable":true,"href":"https:\/\/gazdasagportal.hu\/index.php\/wp-json\/wp\/v2\/users\/1"}],"replies":[{"embeddable":true,"href":"https:\/\/gazdasagportal.hu\/index.php\/wp-json\/wp\/v2\/comments?post=36682"}],"version-history":[{"count":1,"href":"https:\/\/gazdasagportal.hu\/index.php\/wp-json\/wp\/v2\/posts\/36682\/revisions"}],"predecessor-version":[{"id":36683,"href":"https:\/\/gazdasagportal.hu\/index.php\/wp-json\/wp\/v2\/posts\/36682\/revisions\/36683"}],"wp:attachment":[{"href":"https:\/\/gazdasagportal.hu\/index.php\/wp-json\/wp\/v2\/media?parent=36682"}],"wp:term":[{"taxonomy":"category","embeddable":true,"href":"https:\/\/gazdasagportal.hu\/index.php\/wp-json\/wp\/v2\/categories?post=36682"},{"taxonomy":"post_tag","embeddable":true,"href":"https:\/\/gazdasagportal.hu\/index.php\/wp-json\/wp\/v2\/tags?post=36682"}],"curies":[{"name":"wp","href":"https:\/\/api.w.org\/{rel}","templated":true}]}}