{"id":36623,"date":"2014-06-09T17:42:52","date_gmt":"2014-06-09T15:42:52","guid":{"rendered":"http:\/\/stockportal.hu\/?p=36623"},"modified":"2014-06-09T16:04:16","modified_gmt":"2014-06-09T14:04:16","slug":"roszatom-iden-elszallitjak-magyarorszagrol-a-serult-paksi-futoelemeket","status":"publish","type":"post","link":"https:\/\/gazdasagportal.hu\/index.php\/roszatom-iden-elszallitjak-magyarorszagrol-a-serult-paksi-futoelemeket\/","title":{"rendered":"Roszatom: id\u00e9n elsz\u00e1ll\u00edtj\u00e1k Magyarorsz\u00e1gr\u00f3l a s\u00e9r\u00fclt paksi f\u0171t\u0151elemeket"},"content":{"rendered":"<p><strong>M\u00e9g az id\u00e9n elsz\u00e1ll\u00edtj\u00e1k Magyarorsz\u00e1gr\u00f3l a paksi atomer\u0151m\u0171ben 2003-ban megs\u00e9r\u00fclt f\u0171t\u0151elemeket &#8211; nyilatkozta a Roszatom illet\u00e9kes szakembere h\u00e9tf\u0151n a moszkvai Atomexp\u00f3n.<\/strong><!--more--><br \/>\n<div class=\"ads-in-post1\"><div id=\"gazdasagportal.hu_fullbanner_wideboard\"><\/div>\r\n<\/div>\n<p>    Alekszandr Dorofejev, az orosz \u00e1llami atomenergetikai c\u00e9g irodavezet\u0151je az MTI k\u00e9rd\u00e9s\u00e9re eml\u00e9keztetett: az eltelt \u00e9vek alatt t\u00f6bb feladatot is v\u00e9gre kellett hajtaniuk annak \u00e9rdek\u00e9ben, hogy a f\u0171t\u0151elemek sz\u00e1ll\u00edthat\u00f3 \u00e1llapotban legyenek, kiemel\u00e9s\u00fckt\u0151l kezdve h\u0171t\u0151medenc\u00e9kbe helyez\u00e9s\u00fckig, majd sz\u00e1r\u00edt\u00e1sukig.<br \/>\n    &#8222;Hatalmas munk\u00e1t v\u00e9gezt\u00fcnk el. Mostan\u00e1ra felvet\u0151d\u00f6tt a s\u00e9r\u00fclt f\u0171t\u0151elemek Oroszorsz\u00e1gba sz\u00e1ll\u00edt\u00e1sa, amely szerintem teljesen logikus, hiszen a Majak (az atomhullad\u00e9kok t\u00e1rol\u00e1s\u00e1t \u00e9s \u00fajrahasznos\u00edt\u00e1s\u00e1t is v\u00e9gz\u0151 szib\u00e9riai \u00fczem) m\u0171k\u00f6dik, \u00e9s nem helyes a s\u00e9r\u00fclt f\u0171t\u0151elemeket a medenc\u00e9kben hagyni, fenntartva \u00edgy a potenci\u00e1lis vesz\u00e9lyt. El kell sz\u00e1ll\u00edtani \u00e9s fel kell dolgozni \u0151ket az \u00fajrahasznos\u00edt\u00e1shoz&#8221; &#8211; mondta.<br \/>\n    A Roszatom szakembere k\u00f6z\u00f6lte, hogy a s\u00e9r\u00fclt paksi atomer\u0151m\u0171vi f\u0171t\u0151elemeket tartalmaz\u00f3 kazett\u00e1k biztons\u00e1gos sz\u00e1ll\u00edt\u00e1s\u00e1hoz minden k\u00e9szen \u00e1ll. M\u00e1r csak meg kell \u00e1llapodni az ukr\u00e1n hat\u00f3s\u00e1gokkal arr\u00f3l, hogy a f\u0171t\u0151elemeket Ukrajna ter\u00fclet\u00e9n \u00e1tsz\u00e1ll\u00edts\u00e1k.<br \/>\n    Alekszandr Dorofejev hangs\u00falyozta, hogy a f\u0171t\u0151elemek sz\u00e1ll\u00edt\u00e1s\u00e1t nem \u00e9rintheti az Ukrajn\u00e1ban kialakult helyzet. A nukle\u00e1ris anyagok \u00e1tsz\u00e1ll\u00edt\u00e1s\u00e1nak a biztons\u00e1g\u00e1\u00e9rt az adott orsz\u00e1g felel, amelynek ter\u00fclet\u00e9n a sz\u00e1ll\u00edtm\u00e1ny \u00e1thalad, \u00e9s ebben az esetben Ukrajna mint a Nemzetk\u00f6zi Atomenergia \u00dcgyn\u00f6ks\u00e9g (NA\u00dc) tagja, a sz\u00e1ll\u00edt\u00e1sokra vonatkoz\u00f3 egyezm\u00e9ny al\u00e1\u00edr\u00f3ja ezt biztos\u00edtani fogja. Minthogy t\u00f6bb t\u00edz \u00e9ve kialakult gyakorlatr\u00f3l van sz\u00f3, a nukle\u00e1ris f\u0171t\u0151elemek sz\u00e1ll\u00edt\u00e1si \u00fatvonala, a sz\u00e1ll\u00edt\u00e1s m\u00f3dja, a felel\u0151ss\u00e9g\u00e1tad\u00e1si mechanizmus is megb\u00edzhat\u00f3an m\u0171k\u00f6dik.<br \/>\n    Szerinte a reaktor \u00e1ll\u00e1sa, az \u00fczemzavar elh\u00e1r\u00edt\u00e1sa, az ideiglenes t\u00e1rol\u00e1s, az elsz\u00e1ll\u00edt\u00e1s igen sokba ker\u00fclt a paksi atomer\u0151m\u0171nek. Megfogalmaz\u00e1sa szerint az orosz technol\u00f3giai elj\u00e1r\u00e1s megs\u00e9rt\u00e9se &#8222;j\u00f3 lecke volt&#8221;.<br \/>\n    A Paksi Atomer\u0151m\u0171 2. blokkj\u00e1ban 2003. \u00e1prilis 10-\u00e9n t\u00f6rt\u00e9nt s\u00falyos \u00fczemzavar, amelynek sor\u00e1n tiszt\u00edt\u00e1s alatt l\u00e9v\u0151 f\u0171t\u0151elemek s\u00e9r\u00fcltek meg. Elt\u00e1vol\u00edt\u00e1suk az Orsz\u00e1gos Atomenergia Hivatal j\u00f3v\u00e1hagy\u00e1s\u00e1val 2006. okt\u00f3ber 15-\u00e9n kezd\u0151d\u00f6tt meg. A munk\u00e1t p\u00e1ly\u00e1zat \u00fatj\u00e1n nyerte el a Roszatom c\u00e9ge, az orosz TVEL konzorcium.<br \/>\n    Pjotr Lavrenyuk, az els\u0151sorban nukle\u00e1ris f\u0171t\u0151anyagokat el\u0151\u00e1ll\u00edt\u00f3 c\u00e9g vez\u00e9rigazgat\u00f3-helyettese a moszkvai Atomexp\u00f3n magyar \u00fajs\u00e1g\u00edr\u00f3kat t\u00e1j\u00e9koztatva kijelentette: az enged\u00e9lyeztet\u00e9si elj\u00e1r\u00e1s miatt az \u00fczemzavar k\u00f6vetkezm\u00e9nyeinek elh\u00e1r\u00edt\u00e1s\u00e1ra a felk\u00e9sz\u00fcl\u00e9s majdnem 3 \u00e9vig tartott, de azt k\u00f6vet\u0151en meglehet\u0151sen gyorsan ki tudt\u00e1k emelni a s\u00e9r\u00fclt f\u0171t\u0151elemeket, \u00edgy a munk\u00e1latokat elv\u00e9gz\u0151ket nem \u00e9rte a megengedettn\u00e9l nagyobb sug\u00e1rterhel\u00e9s.<br \/>\n    Elmondta, hogy ugyan nem kaptak t\u00fal sok p\u00e9nzt a munk\u00e1\u00e9rt, de el\u00e9gedettek, mert hasznos tapasztalatokra tettek szert. Meger\u0151s\u00edtette: az lenne a legbiztons\u00e1gosabb, ha a s\u00e9r\u00fclt paksi f\u0171t\u0151elemeket elsz\u00e1ll\u00edtan\u00e1k Oroszorsz\u00e1gba, \u00e9s \u00fajrahasznos\u00edt\u00e1sra feldolgozn\u00e1k. A sz\u00e1ll\u00edt\u00e1s \u00e9s a feldolgoz\u00e1s k\u00fcl\u00f6n k\u00f6lts\u00e9get jelent a magyar f\u00e9lnek.<br \/>\n    Lavrenyuk az MTI k\u00e9rd\u00e9s\u00e9re elmondta, \u00e1ltal\u00e1ban el\u00e9gedettek a Paksi Atomer\u0151m\u0171 Zrt.-vel fenn\u00e1ll\u00f3 egy\u00fcttm\u0171k\u00f6d\u00e9s\u00fckkel, mert a magyarorsz\u00e1gi atomer\u0151m\u0171 egyike annak a kev\u00e9s v\u00e1llalatnak, ahol nagyon j\u00f3 hat\u00e9konys\u00e1ggal haszn\u00e1lj\u00e1k a TVEL-n\u00e9l gy\u00e1rtott nukle\u00e1ris f\u0171t\u0151elemeket. A 2003-as \u00fczemzavar szerinte bebizony\u00edtotta, hogy nekik \u00e9s magyar partner\u00fcknek tov\u00e1bbra is egy\u00fctt kell m\u0171k\u00f6dni\u00fck.(MTI)<\/p>\n","protected":false},"excerpt":{"rendered":"<p>M\u00e9g az id\u00e9n elsz\u00e1ll\u00edtj\u00e1k Magyarorsz\u00e1gr\u00f3l a paksi atomer\u0151m\u0171ben 2003-ban megs\u00e9r\u00fclt f\u0171t\u0151elemeket &#8211; nyilatkozta a Roszatom illet\u00e9kes szakembere h\u00e9tf\u0151n a moszkvai Atomexp\u00f3n.<\/p>\n","protected":false},"author":1,"featured_media":0,"comment_status":"open","ping_status":"closed","sticky":false,"template":"","format":"standard","meta":[],"categories":[19],"tags":[],"_links":{"self":[{"href":"https:\/\/gazdasagportal.hu\/index.php\/wp-json\/wp\/v2\/posts\/36623"}],"collection":[{"href":"https:\/\/gazdasagportal.hu\/index.php\/wp-json\/wp\/v2\/posts"}],"about":[{"href":"https:\/\/gazdasagportal.hu\/index.php\/wp-json\/wp\/v2\/types\/post"}],"author":[{"embeddable":true,"href":"https:\/\/gazdasagportal.hu\/index.php\/wp-json\/wp\/v2\/users\/1"}],"replies":[{"embeddable":true,"href":"https:\/\/gazdasagportal.hu\/index.php\/wp-json\/wp\/v2\/comments?post=36623"}],"version-history":[{"count":1,"href":"https:\/\/gazdasagportal.hu\/index.php\/wp-json\/wp\/v2\/posts\/36623\/revisions"}],"predecessor-version":[{"id":36624,"href":"https:\/\/gazdasagportal.hu\/index.php\/wp-json\/wp\/v2\/posts\/36623\/revisions\/36624"}],"wp:attachment":[{"href":"https:\/\/gazdasagportal.hu\/index.php\/wp-json\/wp\/v2\/media?parent=36623"}],"wp:term":[{"taxonomy":"category","embeddable":true,"href":"https:\/\/gazdasagportal.hu\/index.php\/wp-json\/wp\/v2\/categories?post=36623"},{"taxonomy":"post_tag","embeddable":true,"href":"https:\/\/gazdasagportal.hu\/index.php\/wp-json\/wp\/v2\/tags?post=36623"}],"curies":[{"name":"wp","href":"https:\/\/api.w.org\/{rel}","templated":true}]}}