{"id":36615,"date":"2014-06-09T14:14:51","date_gmt":"2014-06-09T12:14:51","guid":{"rendered":"http:\/\/stockportal.hu\/?p=36615"},"modified":"2014-06-09T14:45:47","modified_gmt":"2014-06-09T12:45:47","slug":"nemetorszagban-matricas-autopalyadij-rendszert-vezetnek-be","status":"publish","type":"post","link":"https:\/\/gazdasagportal.hu\/index.php\/nemetorszagban-matricas-autopalyadij-rendszert-vezetnek-be\/","title":{"rendered":"N\u00e9metorsz\u00e1gban matric\u00e1s aut\u00f3p\u00e1lyad\u00edj-rendszert vezetnek be"},"content":{"rendered":"<p><strong>N\u00e9metorsz\u00e1gban matric\u00e1s aut\u00f3p\u00e1lyad\u00edj-rendszert vezetnek be, fizetni v\u00e1rhat\u00f3an 2016-t\u00f3l kell majd.<\/strong><!--more--><br \/>\n<div class=\"ads-in-post1\"><div id=\"gazdasagportal.hu_fullbanner_wideboard\"><\/div>\r\n<\/div>\n<p>    A matric\u00e1s rendszer egyszer\u0171 \u00e9s nem t\u00falzottan b\u00fcrokratikus &#8211; indokolta a megold\u00e1st Alexander Dobrindt k\u00f6zleked\u00e9si miniszter n\u00e9met h\u00edrport\u00e1lok h\u00e9tf\u0151i besz\u00e1mol\u00f3ja szerint. Azzal kapcsolatban, hogy az \u00e9ves d\u00edj a v\u00e1rakoz\u00e1sok szerint 100 eur\u00f3 lesz, a t\u00e1rcavezet\u0151 a bajor k\u00f6zszolg\u00e1lati telev\u00edzi\u00f3nak azt mondta, hogy &#8222;a sz\u00e1z egy \u00e9rdekes sz\u00e1m&#8221;, de &#8222;lehet egy kicsit kevesebb is, f\u0151leg akkor, ha van \u00f6kob\u00f3nusz&#8221; az alacsony k\u00e1rosanyag-kibocs\u00e1t\u00e1s\u00fa kocsit haszn\u00e1l\u00f3 aut\u00f3sok sz\u00e1m\u00e1ra.<br \/>\n    Az aut\u00f3p\u00e1lyad\u00edj a bajor CSU k\u00f6vetel\u00e9s\u00e9re ker\u00fclt be a n\u00e9met korm\u00e1ny programj\u00e1ba. A bajor konzervat\u00edvok azt akarj\u00e1k el\u00e9rni, hogy a k\u00fclf\u00f6ldiek  fizessenek a n\u00e9met aut\u00f3p\u00e1ly\u00e1k haszn\u00e1lat\u00e1\u00e9rt. Az uni\u00f3s jogi el\u0151\u00edr\u00e1sok miatt azonban valamennyi aut\u00f3sra ki kell vetni a d\u00edjat, a n\u00e9meteket pedig valamilyen form\u00e1ban kompenz\u00e1lj\u00e1k. Ennek r\u00e9szleteir\u0151l Alexander Dobrindt nem \u00e1rult el r\u00e9szleteket, de hangs\u00falyozta, hogy a rendszer megfelel majd az uni\u00f3s el\u0151\u00edr\u00e1soknak. &#8222;Egyetlen k\u00fclf\u00f6ldi sem ker\u00fcl h\u00e1tr\u00e1nyos helyzetbe&#8221; &#8211; h\u00fazta al\u00e1 a CSU politikusa.<br \/>\n    A k\u00f6zleked\u00e9si miniszt\u00e9rium m\u00e9g a ny\u00e1ri parlamenti sz\u00fcnet el\u0151tt bemutatja a koncepci\u00f3t, az id\u00e9n megalkotj\u00e1k a sz\u00fcks\u00e9ges jogszab\u00e1lyokat, \u00e9s 2016-ban elind\u00edtj\u00e1k a rendszert.<br \/>\n    Ellenz\u00e9ki p\u00e1rtok t\u00e1madj\u00e1k a t\u00e1rca terv\u00e9t. A kompenz\u00e1ci\u00f3t csak a g\u00e9pj\u00e1rm\u0171 \u00fczemben tart\u00e1si ad\u00f3 cs\u00f6kkent\u00e9s\u00e9vel lehet el\u00e9rni &#8211; emelte ki a Z\u00f6ldek k\u00f6zleked\u00e9spolitikai sz\u00f3viv\u0151je, Valerie Wilms, aki a ZDF k\u00f6zszolg\u00e1lati telev\u00edzi\u00f3nak nyilatkozva kiemelte, hogy &#8222;csak a n\u00e9metek profit\u00e1lnak abb\u00f3l, ha egyszerre vezetik be az aut\u00f3p\u00e1lyad\u00edjat \u00e9s cs\u00f6kkentik a g\u00e9pj\u00e1rm\u0171ad\u00f3t, ez pedig a k\u00fclf\u00f6ldiek egy\u00e9rtelm\u0171 diszkrimin\u00e1ci\u00f3ja.&#8221;<br \/>\n    A Z\u00f6ldek szerint  az aut\u00f3p\u00e1lyad\u00edj bevezet\u00e9se helyett a n\u00e9met \u00e9s a k\u00fclf\u00f6ldi teheraut\u00f3kra egyar\u00e1nt vonatkoz\u00f3 \u00fathaszn\u00e1lati d\u00edjat kell kiterjeszteni &#8211; tette hozz\u00e1.<br \/>\n    A Baloldal szerint a CSU a k\u00fclf\u00f6ldieket terhel\u0151 aut\u00f3p\u00e1lyad\u00edjjal k\u00f6zleked\u00e9spolitika helyett a k\u00fclf\u00f6ldieket c\u00e9lz\u00f3 &#8222;kocsmai szint\u0171, populista&#8221; hangulatkelt\u00e9st folytat.<br \/>\n    A csaknem 13 ezer kilom\u00e9teres n\u00e9met aut\u00f3p\u00e1lya-h\u00e1l\u00f3zat haszn\u00e1lat\u00e1\u00e9rt a 12 tonna \u00f6sszt\u00f6meg feletti teherg\u00e9pj\u00e1rm\u0171vek ut\u00e1n m\u00e1r 2005 \u00f3ta fizetni kell, \u00e9s 2012-ben t\u00f6bb mint ezer kilom\u00e9ternyi f\u0151utat is fizet\u0151ss\u00e9 tettek. 2015-t\u0151l a 7,5 tonna \u00f6sszt\u00f6meg feletti teherg\u00e9pj\u00e1rm\u0171vek ut\u00e1n kell majd fizetni, \u00e9s 1000 kilom\u00e9terrel n\u00f6velik a d\u00edjfizet\u00e9si k\u00f6telezetts\u00e9g al\u00e1 vont szakaszok hossz\u00e1t a k\u00e9tszer k\u00e9ts\u00e1vos aut\u00f3utak h\u00e1l\u00f3zat\u00e1ban.(MTI)<\/p>\n","protected":false},"excerpt":{"rendered":"<p>N\u00e9metorsz\u00e1gban matric\u00e1s aut\u00f3p\u00e1lyad\u00edj-rendszert vezetnek be, fizetni v\u00e1rhat\u00f3an 2016-t\u00f3l kell majd.<\/p>\n","protected":false},"author":1,"featured_media":0,"comment_status":"open","ping_status":"closed","sticky":false,"template":"","format":"standard","meta":[],"categories":[12],"tags":[],"_links":{"self":[{"href":"https:\/\/gazdasagportal.hu\/index.php\/wp-json\/wp\/v2\/posts\/36615"}],"collection":[{"href":"https:\/\/gazdasagportal.hu\/index.php\/wp-json\/wp\/v2\/posts"}],"about":[{"href":"https:\/\/gazdasagportal.hu\/index.php\/wp-json\/wp\/v2\/types\/post"}],"author":[{"embeddable":true,"href":"https:\/\/gazdasagportal.hu\/index.php\/wp-json\/wp\/v2\/users\/1"}],"replies":[{"embeddable":true,"href":"https:\/\/gazdasagportal.hu\/index.php\/wp-json\/wp\/v2\/comments?post=36615"}],"version-history":[{"count":1,"href":"https:\/\/gazdasagportal.hu\/index.php\/wp-json\/wp\/v2\/posts\/36615\/revisions"}],"predecessor-version":[{"id":36616,"href":"https:\/\/gazdasagportal.hu\/index.php\/wp-json\/wp\/v2\/posts\/36615\/revisions\/36616"}],"wp:attachment":[{"href":"https:\/\/gazdasagportal.hu\/index.php\/wp-json\/wp\/v2\/media?parent=36615"}],"wp:term":[{"taxonomy":"category","embeddable":true,"href":"https:\/\/gazdasagportal.hu\/index.php\/wp-json\/wp\/v2\/categories?post=36615"},{"taxonomy":"post_tag","embeddable":true,"href":"https:\/\/gazdasagportal.hu\/index.php\/wp-json\/wp\/v2\/tags?post=36615"}],"curies":[{"name":"wp","href":"https:\/\/api.w.org\/{rel}","templated":true}]}}