{"id":36606,"date":"2014-06-09T08:29:23","date_gmt":"2014-06-09T06:29:23","guid":{"rendered":"http:\/\/stockportal.hu\/?p=36606"},"modified":"2014-06-10T11:46:31","modified_gmt":"2014-06-10T09:46:31","slug":"ilo-a-vilag-lakossaganak-tobb-mint-70-szazaleka-nem-kap-megfelelo-szocialis-ellatast","status":"publish","type":"post","link":"https:\/\/gazdasagportal.hu\/index.php\/ilo-a-vilag-lakossaganak-tobb-mint-70-szazaleka-nem-kap-megfelelo-szocialis-ellatast\/","title":{"rendered":"ILO: a vil\u00e1g lakoss\u00e1g\u00e1nak t\u00f6bb mint 70 sz\u00e1zal\u00e9ka nem kap megfelel\u0151 szoci\u00e1lis ell\u00e1t\u00e1st"},"content":{"rendered":"<p><strong>A vil\u00e1g lakoss\u00e1g\u00e1nak t\u00f6bb mint 70 sz\u00e1zal\u00e9ka nem kap megfelel\u0151 szoci\u00e1lis ell\u00e1t\u00e1st, \u00e9s sz\u00e1mos magas j\u00f6vedelm\u0171 orsz\u00e1g le\u00e9p\u00edti szoci\u00e1lis v\u00e9delmi rendszer\u00e9t &#8211; olvashat\u00f3 a Nemzetk\u00f6zi Munka\u00fcgyi Szervezet (ILO) legfrissebb, szoci\u00e1lis v\u00e9delemr\u0151l sz\u00f3l\u00f3 nemzetk\u00f6zi jelent\u00e9s\u00e9ben.<\/strong><!--more--><br \/>\n<div class=\"ads-in-post1\"><div id=\"gazdasagportal.hu_fullbanner_wideboard\"><\/div>\r\n<\/div>\n<p>    Az ILO MTI-hez eljuttatott k\u00f6zlem\u00e9ny\u00e9ben kiemeli, hogy a vil\u00e1g lakoss\u00e1g\u00e1nak csup\u00e1n 27 sz\u00e1zal\u00e9ka sz\u00e1m\u00e1ra el\u00e9rhet\u0151 az \u00e1tfog\u00f3 szoci\u00e1lis v\u00e9delem.<br \/>\n    A szoci\u00e1lis v\u00e9delem kulcsfontoss\u00e1g\u00fa strat\u00e9giai eszk\u00f6z a szeg\u00e9nys\u00e9g \u00e9s az egyenl\u0151tlens\u00e9gek cs\u00f6kkent\u00e9s\u00e9hez \u00e9s a befogad\u00f3 n\u00f6veked\u00e9s egyidej\u0171 \u00f6szt\u00f6nz\u00e9s\u00e9hez, mivel jav\u00edtja a t\u00e1rsadalom s\u00e9r\u00fcl\u00e9keny szegmenseinek eg\u00e9szs\u00e9g\u00fcgyi \u00e1llapot\u00e1t \u00e9s n\u00f6veli a teljes\u00edt\u0151k\u00e9pess\u00e9g\u00fcket, fokozza a termel\u00e9kenys\u00e9g\u00fcket, t\u00e1mogatja a bels\u0151 keresletet, \u00e9s el\u0151mozd\u00edtja a nemzeti gazdas\u00e1gok szerkezeti \u00e1talakul\u00e1s\u00e1t &#8211; v\u00e9lekedik az ILO.<br \/>\n     A szoci\u00e1lis v\u00e9delem melletti \u00e9rvek m\u00e9g meggy\u0151z\u0151bbek lehetnek a mostani bizonytalan gazdas\u00e1gi helyzetben, amelyet alacsony n\u00f6veked\u00e9s, \u00e9s egyre nagyobb m\u00e9ret\u0171 egyenl\u0151tlens\u00e9g jellemez &#8211; mondta  Sandra Polaski, az ILO f\u0151igazgat\u00f3-helyettese. Hozz\u00e1tette: a nemzetk\u00f6zi k\u00f6z\u00f6ss\u00e9gnek is kiemelten kell foglalkoznia ezzel a k\u00e9rd\u00e9ssel a 2015 ut\u00e1ni fejleszt\u00e9si programban.<br \/>\n    122 korm\u00e1ny \u2013 amelyek k\u00f6z\u00fcl 82 fejl\u0151d\u0151 orsz\u00e1gban van \u2013 cs\u00f6kkenti a k\u00f6zkiad\u00e1sait 2014-ben. Ezek az int\u00e9zked\u00e9sek kiterjednek a nyugd\u00edjrendszer, az eg\u00e9szs\u00e9g\u00fcgyi ell\u00e1t\u00e1s \u00e9s a j\u00f3l\u00e9ti rendszer reformj\u00e1ra, amely sok esetben a rendszerek finansz\u00edroz\u00e1s\u00e1nak vagy a fenntart\u00e1sukra sz\u00e1nt \u00f6sszegeknek a cs\u00f6kkent\u00e9s\u00e9t jelenti, illetve a t\u00e1mogat\u00e1sok megsz\u00fcntet\u00e9s\u00e9t vagy az eg\u00e9szs\u00e9g\u00fcgyi dolgoz\u00f3k \u00e9s szoci\u00e1lis munk\u00e1sok sz\u00e1m\u00e1nak cs\u00f6kkent\u00e9s\u00e9t vagy korl\u00e1toz\u00e1s\u00e1t, vagy a b\u00e9r\u00fck visszaszor\u00edt\u00e1s\u00e1t. A fisk\u00e1lis konszolid\u00e1ci\u00f3 \u00e9s kiigaz\u00edt\u00e1s k\u00f6lts\u00e9gei val\u00f3j\u00e1ban az orsz\u00e1gok lakosaira h\u00e1rulnak, \u00e9ppen akkor, amikor alacsony a foglalkoztat\u00e1s szintje, \u00e9s a legnagyobb sz\u00fcks\u00e9ge lenne a t\u00e1mogat\u00e1sra &#8211; emelte ki Isabel Ortiz, az ILO Szoci\u00e1lis V\u00e9delmi R\u00e9szleg\u00e9nek igazgat\u00f3ja.<br \/>\n     A jelent\u00e9s szerint a leg\u00fajabb fejlem\u00e9nyek azt mutatj\u00e1k, hogy sz\u00e1mos magas j\u00f6vedelm\u0171 orsz\u00e1g is cs\u00f6kkenti a szoci\u00e1lis v\u00e9delmi rendszer\u00e9t. Az Eur\u00f3pai Uni\u00f3ban a szoci\u00e1lis v\u00e9delemb\u0151l kivont \u00f6sszegek m\u00e1r hozz\u00e1j\u00e1rultak a szeg\u00e9nys\u00e9g n\u00f6veked\u00e9s\u00e9hez, amely jelenleg 123 milli\u00f3 embert \u00e9rint, vagyis a lakoss\u00e1g 24 sz\u00e1zal\u00e9k\u00e1t, k\u00f6zt\u00fck gyerekeket, n\u0151ket, id\u0151seket \u00e9s fogyat\u00e9kkal \u00e9l\u0151ket.<br \/>\n     M\u00e1sr\u00e9szt viszont sz\u00e1mos k\u00f6zepes j\u00f6vedelm\u0171 orsz\u00e1g b\u0151v\u00edti a szoci\u00e1lis v\u00e9delmi rendszer\u00e9t, t\u00e1mogatva a h\u00e1ztart\u00e1sok j\u00f6vedelm\u00e9t, beind\u00edtva ez\u00e1ltal a keresletvez\u00e9relt n\u00f6veked\u00e9st \u00e9s a befogad\u00f3 fejl\u0151d\u00e9st. K\u00edna p\u00e9ld\u00e1ul k\u00f6zel \u00e1ll ahhoz, hogy el\u00e9rje a mindenkire kiterjed\u0151 nyugd\u00edjat, \u00e9s dr\u00e1mai m\u00f3don megemelte a b\u00e9reket, Braz\u00edlia pedig 2009 \u00f3ta felgyors\u00edtotta a szoci\u00e1lis v\u00e9delem kiterjeszt\u00e9s\u00e9t \u00e9s a minim\u00e1lb\u00e9rek emel\u00e9s\u00e9t.<br \/>\n    A jelent\u00e9s szerint a munkak\u00e9pes kor\u00faak szoci\u00e1lis v\u00e9delm\u00e9re sz\u00e1nt kiad\u00e1sok (p\u00e9ld\u00e1ul munkan\u00e9lk\u00fclis\u00e9g, gyermekv\u00e1llal\u00e1s, fogyat\u00e9koss\u00e1g vagy munkahelyi baleset miatt) komoly elt\u00e9r\u00e9seket mutatnak a k\u00fcl\u00f6nb\u00f6z\u0151 r\u00e9gi\u00f3kban, az afrikai 0,5 sz\u00e1zal\u00e9kt\u00f3l eg\u00e9szen a nyugat-eur\u00f3pai 5,9 sz\u00e1zal\u00e9kig. Vil\u00e1gszerte a munkan\u00e9lk\u00fcliek csup\u00e1n 12 sz\u00e1zal\u00e9ka kap munkan\u00e9lk\u00fcli t\u00e1mogat\u00e1st; ez Nyugat-Eur\u00f3p\u00e1ban 64 sz\u00e1zal\u00e9kot \u00e9rint, a K\u00f6zel-Keleten \u00e9s Afrik\u00e1ban viszont kevesebb mint 5 sz\u00e1zal\u00e9kot.<br \/>\n     A nyugd\u00edjkorhat\u00e1r feletti lakoss\u00e1g csaknem fele (49 sz\u00e1zal\u00e9k) nem kap nyugd\u00edjat, \u00e9s azok k\u00f6z\u00fcl is, akik nyugd\u00edjell\u00e1t\u00e1sban r\u00e9szes\u00fclnek, sokan b\u0151ven a szeg\u00e9nys\u00e9gi k\u00fcsz\u00f6b alatt \u00e9lnek. A majdani nyugd\u00edjasok legal\u00e1bb 14 eur\u00f3pai orsz\u00e1gban kapnak majd alacsonyabb nyugd\u00edjat.<br \/>\nA jelent\u00e9s arra is r\u00e1mutat, hogy a vil\u00e1g lakoss\u00e1g\u00e1nak k\u00f6r\u00fclbel\u00fcl 39 sz\u00e1zal\u00e9ka nem tartozik semmilyen eg\u00e9szs\u00e9g\u00fcgyi ell\u00e1t\u00f3rendszerbe, s\u0151t az alacsony j\u00f6vedelm\u0171 orsz\u00e1gokban ez az ar\u00e1ny meghaladja a 90 sz\u00e1zal\u00e9kot. Az ILO becsl\u00e9sei szerint vil\u00e1gszerte 10,3 milli\u00f3 eg\u00e9szs\u00e9g\u00fcgyi dolgoz\u00f3 hi\u00e1nyzik ahhoz, hogy minden r\u00e1szorul\u00f3nak min\u0151s\u00e9gi eg\u00e9szs\u00e9g\u00fcgyi ell\u00e1t\u00e1st lehessen ny\u00fajtani.(MTI)<\/p>\n","protected":false},"excerpt":{"rendered":"<p>A vil\u00e1g lakoss\u00e1g\u00e1nak t\u00f6bb mint 70 sz\u00e1zal\u00e9ka nem kap megfelel\u0151 szoci\u00e1lis ell\u00e1t\u00e1st, \u00e9s sz\u00e1mos magas j\u00f6vedelm\u0171 orsz\u00e1g le\u00e9p\u00edti szoci\u00e1lis v\u00e9delmi rendszer\u00e9t &#8211; olvashat\u00f3 a Nemzetk\u00f6zi Munka\u00fcgyi Szervezet (ILO) legfrissebb, szoci\u00e1lis v\u00e9delemr\u0151l sz\u00f3l\u00f3 nemzetk\u00f6zi jelent\u00e9s\u00e9ben.<\/p>\n","protected":false},"author":1,"featured_media":0,"comment_status":"open","ping_status":"closed","sticky":false,"template":"","format":"standard","meta":[],"categories":[13,14,12],"tags":[],"_links":{"self":[{"href":"https:\/\/gazdasagportal.hu\/index.php\/wp-json\/wp\/v2\/posts\/36606"}],"collection":[{"href":"https:\/\/gazdasagportal.hu\/index.php\/wp-json\/wp\/v2\/posts"}],"about":[{"href":"https:\/\/gazdasagportal.hu\/index.php\/wp-json\/wp\/v2\/types\/post"}],"author":[{"embeddable":true,"href":"https:\/\/gazdasagportal.hu\/index.php\/wp-json\/wp\/v2\/users\/1"}],"replies":[{"embeddable":true,"href":"https:\/\/gazdasagportal.hu\/index.php\/wp-json\/wp\/v2\/comments?post=36606"}],"version-history":[{"count":1,"href":"https:\/\/gazdasagportal.hu\/index.php\/wp-json\/wp\/v2\/posts\/36606\/revisions"}],"predecessor-version":[{"id":36607,"href":"https:\/\/gazdasagportal.hu\/index.php\/wp-json\/wp\/v2\/posts\/36606\/revisions\/36607"}],"wp:attachment":[{"href":"https:\/\/gazdasagportal.hu\/index.php\/wp-json\/wp\/v2\/media?parent=36606"}],"wp:term":[{"taxonomy":"category","embeddable":true,"href":"https:\/\/gazdasagportal.hu\/index.php\/wp-json\/wp\/v2\/categories?post=36606"},{"taxonomy":"post_tag","embeddable":true,"href":"https:\/\/gazdasagportal.hu\/index.php\/wp-json\/wp\/v2\/tags?post=36606"}],"curies":[{"name":"wp","href":"https:\/\/api.w.org\/{rel}","templated":true}]}}