{"id":36602,"date":"2014-06-09T07:05:09","date_gmt":"2014-06-09T05:05:09","guid":{"rendered":"http:\/\/stockportal.hu\/?p=36602"},"modified":"2014-06-09T08:15:44","modified_gmt":"2014-06-09T06:15:44","slug":"felfuggesztettek-a-deli-aramlat-bolgar-szakaszanak-epiteset-moszkvat-hivatalosan-meg-nem-ertesitettek","status":"publish","type":"post","link":"https:\/\/gazdasagportal.hu\/index.php\/felfuggesztettek-a-deli-aramlat-bolgar-szakaszanak-epiteset-moszkvat-hivatalosan-meg-nem-ertesitettek\/","title":{"rendered":"Felf\u00fcggesztett\u00e9k a D\u00e9li \u00c1ramlat bolg\u00e1r szakasz\u00e1nak \u00e9p\u00edt\u00e9s\u00e9t, Moszkv\u00e1t hivatalosan m\u00e9g nem \u00e9rtes\u00edtett\u00e9k"},"content":{"rendered":"<p><strong>A bolg\u00e1r korm\u00e1nyf\u0151 utas\u00edt\u00e1st adott a D\u00e9li \u00c1ramlat megval\u00f3s\u00edt\u00e1s\u00e1nak felf\u00fcggeszt\u00e9s\u00e9re orsz\u00e1ga ter\u00fclet\u00e9n, de err\u0151l a sz\u00f3fiai korm\u00e1ny m\u00e9g nem \u00e9rtes\u00edtette Moszkv\u00e1t &#8211; t\u00e1j\u00e9koztatott vas\u00e1rnap az orosz energia\u00fcgyi miniszt\u00e9rium.<\/strong><br \/>\n<!--more--><\/p>\n<div class=\"ads-in-post1\"><div id=\"gazdasagportal.hu_fullbanner_wideboard\"><\/div>\r\n<\/div>\n<p>    A t\u00e1rca k\u00e9pvisel\u0151je \u00fagy v\u00e9lte, hogy a k\u00e9rd\u00e9st megvitathatj\u00e1k a h\u00e9tf\u0151re Br\u00fcsszelbe tervezett orosz-ukr\u00e1n-EU h\u00e1romoldal\u00fa g\u00e1zt\u00e1rgyal\u00e1son.<br \/>\n    Plamen Oresarszki bolg\u00e1r minisztereln\u00f6k a d\u00f6nt\u00e9st azt k\u00f6vet\u0151en jelentette be, hogy vas\u00e1rnap Sz\u00f3fi\u00e1ban amerikai szen\u00e1torokkal tal\u00e1lkozott. Azt mondta, hogy az Eur\u00f3pai Bizotts\u00e1g k\u00e9r\u00e9s\u00e9re felf\u00fcggesztett\u00e9k a g\u00e1zvezet\u00e9k bulg\u00e1riai szakasz\u00e1val kapcsolatos munk\u00e1latokat. &#8222;A Br\u00fcsszellel val\u00f3 \u00fajabb egyeztet\u00e9seket k\u00f6vet\u0151en meghat\u00e1rozzuk a munka j\u00f6v\u0151beni menet\u00e9t&#8221; &#8211; mondta Oresaszki, majd egy orosz \u00fajs\u00e1g\u00edr\u00f3 k\u00e9rd\u00e9s\u00e9re pontos\u00edtott, miszerint a bolg\u00e1r szakasz \u00e9p\u00edt\u00e9se gyakorlatilag el sem kezd\u0151d\u00f6tt.<br \/>\n    A sz\u00f3fiai t\u00e1j\u00e9koztat\u00f3n az amerikai szen\u00e1tus k\u00fcld\u00f6tts\u00e9g\u00e9nek tagja, John McCain republik\u00e1nus politikus k\u00f6z\u00f6lte, hogy a D\u00e9li \u00c1ramlat beruh\u00e1z\u00e1sban cs\u00f6kkenteni kell az orosz r\u00e9szv\u00e9teli ar\u00e1nyt. Azt mondta, hogy Bulg\u00e1ri\u00e1nak &#8222;az eur\u00f3pai koll\u00e9g\u00e1kkal&#8221; egy\u00fcttm\u0171k\u00f6dve kell megoldania a probl\u00e9m\u00e1kat.      <\/p>\n<p>    Br\u00fcsszel kedden sz\u00f3l\u00edtotta fel Bulg\u00e1ri\u00e1t, hogy halassza el a D\u00e9li \u00c1ramlat g\u00e1zvezet\u00e9k ter\u00fclet\u00e9n \u00e1tmen\u0151 szakasza kivitelez\u00e9s\u00e9nek megkezd\u00e9s\u00e9t, mivel az nem felel meg az \u00e9rv\u00e9nyes uni\u00f3s szab\u00e1lyoz\u00e1snak. Az Eur\u00f3pai Bizotts\u00e1g (EB) v\u00e9lem\u00e9nye szerint az orosz g\u00e1zt Ukrajna megker\u00fcl\u00e9s\u00e9vel a Fekete-tenger alatt Bulg\u00e1ri\u00e1n, Szerbi\u00e1n kereszt\u00fcl Magyarorsz\u00e1gra is eljuttat\u00f3 vezet\u00e9k terve s\u00e9rti az uni\u00f3s szab\u00e1lyokat. Az \u00fagynevezett harmadik energiacsomag tiltja, hogy g\u00e1zszolg\u00e1ltat\u00f3k egyben g\u00e1zvezet\u00e9k tulajdonosok is legyenek. Az EB ez\u00e9rt felf\u00fcggesztette a projekt elfogad\u00e1si elj\u00e1r\u00e1s\u00e1t.<br \/>\n    &#8222;Am\u00edg folynak a megbesz\u00e9l\u00e9sek a bulg\u00e1riai hat\u00f3s\u00e1gokkal \u00e9s am\u00edg nincs meg a teljes alkalmazkod\u00e1s az EU-s joghoz, addig arra k\u00e9rj\u00fck a bulg\u00e1riai hat\u00f3s\u00e1gokat, hogy f\u00fcggessz\u00e9k fel a projektet&#8221; &#8211; nyilatkozta az EB sz\u00f3viv\u0151je, Chantal Hughes.<br \/>\n    A hivatalos br\u00fcsszeli bejelent\u00e9st megel\u0151zve Alekszej Miller a Gazprom vez\u00e9rigazgat\u00f3ja \u00e9s Alekszandr Medvegyev, az orosz \u00e1llami energetikai holding exportv\u00e1llalat\u00e1nak vezet\u0151je is azt hangoztatta, hogy nincs \u00e9s nem is lehet akad\u00e1lya a f\u00f6ldg\u00e1zvezet\u00e9k meg\u00e9p\u00edt\u00e9s\u00e9nek.<br \/>\n    Medvegyev keddi moszkvai t\u00e1j\u00e9kozat\u00f3j\u00e1n k\u00f6z\u00f6lte, hogy a D\u00e9li \u00c1ramlat az elfogadott \u00fctemterv szerint \u00e9p\u00fcl \u00e9s arr\u00f3l is meg van gy\u0151z\u0151dve, hogy az els\u0151 g\u00e1zsz\u00e1ll\u00edt\u00e1sok 2015 v\u00e9g\u00e9n megindulnak a vezet\u00e9ken. A Gazprom exportv\u00e1llalat\u00e1nak vezet\u0151je hangs\u00falyozta, hogy b\u00e1r jelenleg az ukr\u00e1n-orosz g\u00e1zt\u00e1rgyal\u00e1sok uralj\u00e1k az energetikai kapcsolatokat, azokat nem szabad \u00f6sszekapcsolni a D\u00e9li \u00c1ramlat g\u00e1zvezet\u00e9k meg\u00e9p\u00edt\u00e9s\u00e9vel.<br \/>\n    Alekszej Miller szerint m\u00e9g van id\u0151 az Eur\u00f3pai Bizotts\u00e1ggal tiszt\u00e1zni a D\u00e9li \u00c1ramlat \u00e9s a m\u00e1r megl\u00e9v\u0151 \u00c9szaki \u00c1ramlat hasznos\u00edt\u00e1s\u00e1val kapcsolatos k\u00e9rd\u00e9seket.(MTI)<\/p><div id=\"gazda-3924591958\" class=\"gazda-tartalomban gazda-entity-placement\"><script async src=\"https:\/\/pagead2.googlesyndication.com\/pagead\/js\/adsbygoogle.js\"><\/script>\r\n<ins class=\"adsbygoogle\"\r\n     style=\"display:block\"\r\n     data-ad-format=\"fluid\"\r\n     data-ad-layout-key=\"-6t+ed+2i-1n-4w\"\r\n     data-ad-client=\"ca-pub-1959107119989764\"\r\n     data-ad-slot=\"4008251320\"><\/ins>\r\n<script>\r\n     (adsbygoogle = window.adsbygoogle || []).push({});\r\n<\/script><\/div>\n","protected":false},"excerpt":{"rendered":"<p>A bolg\u00e1r korm\u00e1nyf\u0151 utas\u00edt\u00e1st adott a D\u00e9li \u00c1ramlat megval\u00f3s\u00edt\u00e1s\u00e1nak felf\u00fcggeszt\u00e9s\u00e9re orsz\u00e1ga ter\u00fclet\u00e9n, de err\u0151l a sz\u00f3fiai korm\u00e1ny m\u00e9g nem \u00e9rtes\u00edtette Moszkv\u00e1t &#8211; t\u00e1j\u00e9koztatott vas\u00e1rnap az orosz energia\u00fcgyi miniszt\u00e9rium.<\/p>\n","protected":false},"author":1,"featured_media":0,"comment_status":"open","ping_status":"closed","sticky":false,"template":"","format":"standard","meta":[],"categories":[12],"tags":[],"_links":{"self":[{"href":"https:\/\/gazdasagportal.hu\/index.php\/wp-json\/wp\/v2\/posts\/36602"}],"collection":[{"href":"https:\/\/gazdasagportal.hu\/index.php\/wp-json\/wp\/v2\/posts"}],"about":[{"href":"https:\/\/gazdasagportal.hu\/index.php\/wp-json\/wp\/v2\/types\/post"}],"author":[{"embeddable":true,"href":"https:\/\/gazdasagportal.hu\/index.php\/wp-json\/wp\/v2\/users\/1"}],"replies":[{"embeddable":true,"href":"https:\/\/gazdasagportal.hu\/index.php\/wp-json\/wp\/v2\/comments?post=36602"}],"version-history":[{"count":2,"href":"https:\/\/gazdasagportal.hu\/index.php\/wp-json\/wp\/v2\/posts\/36602\/revisions"}],"predecessor-version":[{"id":36608,"href":"https:\/\/gazdasagportal.hu\/index.php\/wp-json\/wp\/v2\/posts\/36602\/revisions\/36608"}],"wp:attachment":[{"href":"https:\/\/gazdasagportal.hu\/index.php\/wp-json\/wp\/v2\/media?parent=36602"}],"wp:term":[{"taxonomy":"category","embeddable":true,"href":"https:\/\/gazdasagportal.hu\/index.php\/wp-json\/wp\/v2\/categories?post=36602"},{"taxonomy":"post_tag","embeddable":true,"href":"https:\/\/gazdasagportal.hu\/index.php\/wp-json\/wp\/v2\/tags?post=36602"}],"curies":[{"name":"wp","href":"https:\/\/api.w.org\/{rel}","templated":true}]}}