{"id":36592,"date":"2014-06-08T16:09:00","date_gmt":"2014-06-08T14:09:00","guid":{"rendered":"http:\/\/stockportal.hu\/?p=36592"},"modified":"2014-06-08T16:09:00","modified_gmt":"2014-06-08T14:09:00","slug":"kina-kivitele-nott-behozatala-csokkent-majusban","status":"publish","type":"post","link":"https:\/\/gazdasagportal.hu\/index.php\/kina-kivitele-nott-behozatala-csokkent-majusban\/","title":{"rendered":"K\u00edna kivitele n\u0151tt, behozatala cs\u00f6kkent m\u00e1jusban"},"content":{"rendered":"<p><strong>K\u00edna exportja n\u0151tt m\u00e1jusban, az importja azonban cs\u00f6kkent \u00e9ves \u00f6sszehasonl\u00edt\u00e1sban a vas\u00e1rnap k\u00f6z\u00f6lt adatok szerint.<\/strong><!--more--><br \/>\n<div class=\"ads-in-post1\"><div id=\"gazdasagportal.hu_fullbanner_wideboard\"><\/div>\r\n<\/div>\n<p>    A k\u00ednai kivitel 7 sz\u00e1zal\u00e9kkal b\u0151v\u00fclt tavaly m\u00e1jushoz k\u00e9pest, ami nagyj\u00e1b\u00f3l megegyezett a szak\u00e9rt\u0151k \u00e1ltal v\u00e1rt 7,2 sz\u00e1zal\u00e9kkal, \u00e9s j\u00f3val fel\u00fclm\u00falta az \u00e1prilisi 0,9 sz\u00e1zal\u00e9kos n\u00f6veked\u00e9st &#8211; der\u00fclt ki f\u0151v\u00e1mhivatal adataib\u00f3l. \u00c1prilisban mind\u00f6ssze 0,9 sz\u00e1zal\u00e9kos volt az export n\u00f6veked\u00e9se \u00e9ves b\u00e1zison, m\u00edg m\u00e1rciusban \u00e9s febru\u00e1rban jelent\u0151s cs\u00f6kken\u00e9st mutattak a sz\u00e1mok.<br \/>\n    Az \u00e1zsiai orsz\u00e1g m\u00e1jusi behozatala 1,6 sz\u00e1zal\u00e9kkal cs\u00f6kkent. Az elemz\u0151k igencsak mell\u00e9l\u0151ttek becsl\u00e9seikben, mivel az import 6 sz\u00e1zal\u00e9kos n\u00f6veked\u00e9s\u00e9re sz\u00e1m\u00edtottak. A m\u00e9rs\u00e9kelt n\u00f6veked\u00e9st r\u00e9szben az importban meghat\u00e1roz\u00f3 \u00f6mlesztett \u00e1ruk \u00e1r\u00e1nak visszaes\u00e9s\u00e9vel magyar\u00e1zt\u00e1k. \u00c1prilisban alig 0,8 sz\u00e1zal\u00e9kot tett ki a behozatal \u00e9ves n\u00f6vekm\u00e9nye.<br \/>\n    M\u00e1jusban az export 195,47 milli\u00e1rd doll\u00e1rt, az import 159,55 milli\u00e1rd doll\u00e1rt tett ki. Ennek alapj\u00e1n a m\u00falt h\u00f3napban 35,92 milli\u00e1rd doll\u00e1r k\u00ednai k\u00fclkereskedelmi t\u00f6bblet alakult ki.<br \/>\n    Paj Ming a k\u00ednai kereskedelmi miniszt\u00e9rium vezet\u0151 elemz\u0151je szerint a m\u00e1jusi statisztika az els\u0151, amely az id\u00e9n t\u00e9nylegesen ir\u00e1nyad\u00f3, mivel janu\u00e1r \u00e9s \u00e1prilis k\u00f6z\u00f6tt a b\u00e1zist a valutakorl\u00e1toz\u00e1s elker\u00fcl\u00e9s\u00e9t c\u00e9lz\u00f3 hamis sz\u00e1ml\u00e1z\u00e1sok torz\u00edtott\u00e1k.<br \/>\n    Az importtal kapcsolatban k\u00ednai szak\u00e9rt\u0151k azt hangoztatt\u00e1k, hogy a hazai kereslet nem fog cs\u00f6kkenni, a stabiliz\u00e1l\u00f3d\u00f3 gazdas\u00e1g \u00e9s a gyorsul\u00f3 urbaniz\u00e1ci\u00f3 elegend\u0151 lehet\u0151s\u00e9get teremt az import b\u0151v\u00edt\u00e9s\u00e9hez.<br \/>\n    A r\u00e9szletes adatokb\u00f3l kit\u0171nik, hogy az els\u0151 \u00f6t h\u00f3napban a K\u00edna \u00e9s az Eur\u00f3pai Uni\u00f3 k\u00f6z\u00f6tti kereskedelmi forgalom 11,7 sz\u00e1zal\u00e9kkal n\u0151tt, az Egyes\u00fclt \u00c1llamokkal 5,1 sz\u00e1zal\u00e9kkal, a D\u00e9lkelet-\u00e1zsiai Nemzetek Sz\u00f6vets\u00e9g\u00e9nek (ASEAN) tagorsz\u00e1gaival 3,6 sz\u00e1zal\u00e9kkal, m\u00edg Jap\u00e1nnal 3,4 sz\u00e1zal\u00e9kkal b\u0151v\u00fclt.<br \/>\n    A k\u00ednai k\u00fclkereskedelem helyzet\u00e9t mindazon\u00e1ltal &#8211; a politikusokhoz hasonl\u00f3an &#8211; tov\u00e1bbra is &#8222;bonyolultnak&#8221; nevezik a k\u00ednai elemz\u0151k, s a minisztereln\u00f6kh\u00f6z hasonl\u00f3an a k\u00ednai gazdas\u00e1gra nehezed\u0151 lefel\u00e9 ir\u00e1nyul\u00f3 nyom\u00e1st emlegetik. Megjegyzik, hogy a jelen k\u00f6r\u00fclm\u00e9nyek k\u00f6z\u00f6tt nehezen lenne teljes\u00edthet\u0151 az idei \u00e9vre tervezett 7,5 sz\u00e1zal\u00e9kos kereskedelmi forgalomn\u00f6veked\u00e9s.<br \/>\n    K\u00edna 2013-ra 8 sz\u00e1zal\u00e9kban hat\u00e1rozta meg a tervet, s v\u00e9g\u00fcl 7,6 sz\u00e1zal\u00e9kos \u00e9ves n\u00f6veked\u00e9st teljes\u00edtett. A 2014. \u00e9vi c\u00e9l el\u00e9r\u00e9s\u00e9hez az \u00e9v h\u00e1tralev\u0151 r\u00e9sz\u00e9ben havonta k\u00e9tsz\u00e1mjegy\u0171 b\u0151v\u00fcl\u00e9st kellene produk\u00e1lni. M\u00e9g ha ennek megval\u00f3s\u00edthat\u00f3s\u00e1g\u00e1t a szakemberek nagy r\u00e9sze k\u00e9tli is, azt j\u00f3solj\u00e1k, hogy az id\u0151k\u00f6zben meghozott kereskedelem\u00f6szt\u00f6nz\u0151 int\u00e9zked\u00e9seknek, mint a v\u00e1mkezel\u00e9s hat\u00e9konys\u00e1g\u00e1nak jav\u00edt\u00e1sa, a v\u00e1llalkoz\u00e1sok terheinek enyh\u00edt\u00e9se, a szolg\u00e1ltat\u00e1skereskedelem fokoz\u00e1sa \u00e9s a b\u00fcrokr\u00e1cia cs\u00f6kkent\u00e9se, meg lesz az eredm\u00e9ny\u00fck.(MTI)<\/p>\n","protected":false},"excerpt":{"rendered":"<p>K\u00edna exportja n\u0151tt m\u00e1jusban, az importja azonban cs\u00f6kkent \u00e9ves \u00f6sszehasonl\u00edt\u00e1sban a vas\u00e1rnap k\u00f6z\u00f6lt adatok szerint.<\/p>\n","protected":false},"author":1,"featured_media":0,"comment_status":"open","ping_status":"closed","sticky":false,"template":"","format":"standard","meta":[],"categories":[14],"tags":[],"_links":{"self":[{"href":"https:\/\/gazdasagportal.hu\/index.php\/wp-json\/wp\/v2\/posts\/36592"}],"collection":[{"href":"https:\/\/gazdasagportal.hu\/index.php\/wp-json\/wp\/v2\/posts"}],"about":[{"href":"https:\/\/gazdasagportal.hu\/index.php\/wp-json\/wp\/v2\/types\/post"}],"author":[{"embeddable":true,"href":"https:\/\/gazdasagportal.hu\/index.php\/wp-json\/wp\/v2\/users\/1"}],"replies":[{"embeddable":true,"href":"https:\/\/gazdasagportal.hu\/index.php\/wp-json\/wp\/v2\/comments?post=36592"}],"version-history":[{"count":1,"href":"https:\/\/gazdasagportal.hu\/index.php\/wp-json\/wp\/v2\/posts\/36592\/revisions"}],"predecessor-version":[{"id":36593,"href":"https:\/\/gazdasagportal.hu\/index.php\/wp-json\/wp\/v2\/posts\/36592\/revisions\/36593"}],"wp:attachment":[{"href":"https:\/\/gazdasagportal.hu\/index.php\/wp-json\/wp\/v2\/media?parent=36592"}],"wp:term":[{"taxonomy":"category","embeddable":true,"href":"https:\/\/gazdasagportal.hu\/index.php\/wp-json\/wp\/v2\/categories?post=36592"},{"taxonomy":"post_tag","embeddable":true,"href":"https:\/\/gazdasagportal.hu\/index.php\/wp-json\/wp\/v2\/tags?post=36592"}],"curies":[{"name":"wp","href":"https:\/\/api.w.org\/{rel}","templated":true}]}}