{"id":36590,"date":"2014-06-08T12:17:13","date_gmt":"2014-06-08T10:17:13","guid":{"rendered":"http:\/\/stockportal.hu\/?p=36590"},"modified":"2014-06-08T12:17:13","modified_gmt":"2014-06-08T10:17:13","slug":"kozep-es-kelet-europa-es-kina-szorosabb-gazdasagi-egyuttmukodeset-szorgalmazta-szijjarto-peter","status":"publish","type":"post","link":"https:\/\/gazdasagportal.hu\/index.php\/kozep-es-kelet-europa-es-kina-szorosabb-gazdasagi-egyuttmukodeset-szorgalmazta-szijjarto-peter\/","title":{"rendered":"K\u00f6z\u00e9p- \u00e9s Kelet-Eur\u00f3pa \u00e9s K\u00edna szorosabb gazdas\u00e1gi egy\u00fcttm\u0171k\u00f6d\u00e9s\u00e9t szorgalmazta Szijj\u00e1rt\u00f3 P\u00e9ter"},"content":{"rendered":"<p><strong>A k\u00f6z\u00e9p- \u00e9s kelet-eur\u00f3pai orsz\u00e1gok \u00e9s K\u00edna szorosabb gazdas\u00e1gi egy\u00fcttm\u0171k\u00f6d\u00e9s\u00e9t szorgalmazta Szijj\u00e1rt\u00f3 P\u00e9ter, a magyar-k\u00ednai kapcsolatok \u00f6sszehangol\u00e1s\u00e1\u00e9rt felel\u0151s korm\u00e1nybiztos Ningp\u00f3ban &#8211; k\u00f6z\u00f6lte F\u00fcl\u00f6p Judit, a korm\u00e1nybiztos sajt\u00f3f\u0151n\u00f6ke vas\u00e1rnap az MTI-vel.<\/strong><!--more--><br \/>\n<div class=\"ads-in-post1\"><div id=\"gazdasagportal.hu_fullbanner_wideboard\"><\/div>\r\n<\/div>\n<p>    A korm\u00e1nybiztos a K\u00edna \u00e9s Kelet-K\u00f6z\u00e9p-Eur\u00f3pa k\u00f6z\u00f6tti gazdas\u00e1gi \u00e9s kereskedelmi egy\u00fcttm\u0171k\u00f6d\u00e9sr\u0151l tartott cs\u00facstal\u00e1lkoz\u00f3 plen\u00e1ris \u00fcl\u00e9s\u00e9n elhangzott angol nyelv\u0171 felsz\u00f3lal\u00e1s\u00e1ban elmondta, hogy Eur\u00f3p\u00e1nak komoly gazdas\u00e1gi kih\u00edv\u00e1sokkal kell szemben\u00e9znie, a bez\u00e1rk\u00f3z\u00e1s nem j\u00f3 megold\u00e1s, ez\u00e9rt s\u00fcrgette a k\u00e9t eur\u00f3pai t\u00e9rs\u00e9g \u00e9s K\u00edna szorosabb gazdas\u00e1gi egy\u00fcttm\u0171k\u00f6d\u00e9s\u00e9t.<br \/>\n    Felh\u00edvta a figyelmet arra, hogy a kereskedelmi forgalom jelent\u0151s r\u00e9sz\u00e9t nagy multinacion\u00e1lis v\u00e1llalatok bonyol\u00edtj\u00e1k, ez\u00e9rt olyan int\u00e9zked\u00e9ssorozat kidolgoz\u00e1s\u00e1t kezdem\u00e9nyezte, amelynek k\u00f6vetkezt\u00e9ben a kis- \u00e9s k\u00f6zepes v\u00e1llalatok n\u00f6velhetik exportjukat K\u00edn\u00e1ba. Szijj\u00e1rt\u00f3 P\u00e9ter javaslatot tett arra is, hogy a r\u00e9gi\u00f3 orsz\u00e1gai csatlakozzanak a k\u00ednai \u00e9s a magyar Eximbank \u00e1ltal l\u00e9trehozott 500 milli\u00f3 doll\u00e1ros k\u00f6z\u00e9p-eur\u00f3pai befektet\u00e9si alaphoz.<br \/>\n    A cs\u00facstal\u00e1lkoz\u00f3n Szijj\u00e1rt\u00f3 P\u00e9ter meg\u00e1llapodott Stevan Nikcevic szerb kereskedelmi \u00e1llamtitk\u00e1rral a k\u00e9t szerb-magyar hat\u00e1r\u00e1tkel\u0151 &#8211; R\u00f6szke-Horgos \u00e9s B\u00e1csszentgy\u00f6rgy-Rastina &#8211; meg\u00e9p\u00edt\u00e9s\u00e9nek felgyors\u00edt\u00e1s\u00e1r\u00f3l. Megbesz\u00e9l\u00e9st folytatott Arben Ahmetaj alb\u00e1n gazdas\u00e1gi \u00e9s kereskedelmi miniszterrel is, a t\u00e1rcavezet\u0151t biztos\u00edtotta arr\u00f3l, hogy a magyar korm\u00e1ny t\u00e1mogatja Alb\u00e1ni\u00e1t az eur\u00f3pai integr\u00e1ci\u00f3 folyamat\u00e1ban. Mile Janakieszki maced\u00f3n k\u00f6zleked\u00e9si \u00e9s t\u00e1vk\u00f6zl\u00e9si miniszterrel arr\u00f3l egyeztetett a korm\u00e1nybiztos, hogyan lehetne magyar c\u00e9geket bevonni a maced\u00f3n villamosenergia-h\u00e1l\u00f3zat moderniz\u00e1l\u00e1s\u00e1ba.(MTI)<\/p>\n","protected":false},"excerpt":{"rendered":"<p>A k\u00f6z\u00e9p- \u00e9s kelet-eur\u00f3pai orsz\u00e1gok \u00e9s K\u00edna szorosabb gazdas\u00e1gi egy\u00fcttm\u0171k\u00f6d\u00e9s\u00e9t szorgalmazta Szijj\u00e1rt\u00f3 P\u00e9ter, a magyar-k\u00ednai kapcsolatok \u00f6sszehangol\u00e1s\u00e1\u00e9rt felel\u0151s korm\u00e1nybiztos Ningp\u00f3ban &#8211; k\u00f6z\u00f6lte F\u00fcl\u00f6p Judit, a korm\u00e1nybiztos sajt\u00f3f\u0151n\u00f6ke vas\u00e1rnap az MTI-vel.<\/p>\n","protected":false},"author":1,"featured_media":0,"comment_status":"open","ping_status":"closed","sticky":false,"template":"","format":"standard","meta":[],"categories":[19],"tags":[],"_links":{"self":[{"href":"https:\/\/gazdasagportal.hu\/index.php\/wp-json\/wp\/v2\/posts\/36590"}],"collection":[{"href":"https:\/\/gazdasagportal.hu\/index.php\/wp-json\/wp\/v2\/posts"}],"about":[{"href":"https:\/\/gazdasagportal.hu\/index.php\/wp-json\/wp\/v2\/types\/post"}],"author":[{"embeddable":true,"href":"https:\/\/gazdasagportal.hu\/index.php\/wp-json\/wp\/v2\/users\/1"}],"replies":[{"embeddable":true,"href":"https:\/\/gazdasagportal.hu\/index.php\/wp-json\/wp\/v2\/comments?post=36590"}],"version-history":[{"count":1,"href":"https:\/\/gazdasagportal.hu\/index.php\/wp-json\/wp\/v2\/posts\/36590\/revisions"}],"predecessor-version":[{"id":36591,"href":"https:\/\/gazdasagportal.hu\/index.php\/wp-json\/wp\/v2\/posts\/36590\/revisions\/36591"}],"wp:attachment":[{"href":"https:\/\/gazdasagportal.hu\/index.php\/wp-json\/wp\/v2\/media?parent=36590"}],"wp:term":[{"taxonomy":"category","embeddable":true,"href":"https:\/\/gazdasagportal.hu\/index.php\/wp-json\/wp\/v2\/categories?post=36590"},{"taxonomy":"post_tag","embeddable":true,"href":"https:\/\/gazdasagportal.hu\/index.php\/wp-json\/wp\/v2\/tags?post=36590"}],"curies":[{"name":"wp","href":"https:\/\/api.w.org\/{rel}","templated":true}]}}