{"id":36588,"date":"2014-06-08T11:07:19","date_gmt":"2014-06-08T09:07:19","guid":{"rendered":"http:\/\/stockportal.hu\/?p=36588"},"modified":"2014-06-08T09:58:31","modified_gmt":"2014-06-08T07:58:31","slug":"szeverodonyeckben-tartjak-fogva-az-ebesz-megfigyeloket","status":"publish","type":"post","link":"https:\/\/gazdasagportal.hu\/index.php\/szeverodonyeckben-tartjak-fogva-az-ebesz-megfigyeloket\/","title":{"rendered":"Szeverodonyeckben tartj\u00e1k fogva az EBESZ-megfigyel\u0151ket"},"content":{"rendered":"<p><strong>A Luhanszk megyei Szeverodonyeckben tartj\u00e1k fogva az Eur\u00f3pai Biztons\u00e1gi \u00e9s Egy\u00fcttm\u0171k\u00f6d\u00e9si Szervezet (EBESZ) k\u00e9t megfigyel\u0151i csoportj\u00e1nak a tagjait a Moszkva-bar\u00e1t fegyveresek &#8211; k\u00f6z\u00f6lte a szakad\u00e1rok egyik vezet\u0151je, Andrij Purhin.<!--more--><\/strong><br \/>\n<div class=\"ads-in-post1\"><div id=\"gazdasagportal.hu_fullbanner_wideboard\"><\/div>\r\n<\/div>\n<p>&#8222;Tudom\u00e1som szerint az EBESZ elfogott csoportjai Szeverodonyeck v\u00e1ros\u00e1ban vannak. Ez (az elfog\u00e1suk) tiszt\u00e1n v\u00e1laszl\u00e9p\u00e9s volt, mert az ott l\u00e9v\u0151 misszi\u00f3tagok jelentenek garanci\u00e1t arra, hogy a v\u00e1rosban nem lesznek hadm\u0171veletek&#8221; &#8211; id\u00e9zte Purhint vas\u00e1rnapra virrad\u00f3ra a Novosztyi Donbasza c\u00edm\u0171 donyecki h\u00edrport\u00e1l.<br \/>\nAz EBESZ egyik, n\u00e9gytag\u00fa megfigyel\u0151 csoportj\u00e1val m\u00e1jus 26-\u00e1n szakadt meg a kapcsolat, \u00e9s holl\u00e9te az\u00f3ta ismeretlen. A misszi\u00f3nak egy sv\u00e1jci, egy d\u00e1n, egy \u00e9szt \u00e9s egy t\u00f6r\u00f6k megfigyel\u0151 a tagja.<br \/>\nA szervezet n\u00e9gy napra r\u00e1, m\u00e1jus 30-\u00e1n azt k\u00f6z\u00f6lte, hogy el\u0151z\u0151n napon Kelet-Ukrajn\u00e1ban elt\u0171nt m\u00e9g egy csoportja, amely ugyancsak n\u00e9gy f\u0151b\u0151l \u00e9s egy ukr\u00e1n tolm\u00e1csb\u00f3l \u00e1llt. Az EBESZ t\u00e1j\u00e9koztat\u00e1sa szerint a megfigyel\u0151k k\u00e9t aut\u00f3val utaztak, amikor fegyveres szakad\u00e1rok feltart\u00f3ztatt\u00e1k \u0151ket a Luhanszkt\u00f3l mintegy 100 kilom\u00e9terre l\u00e9v\u0151 Szeverodonyeck v\u00e1ros\u00e1ban.<br \/>\nAz UNIAN h\u00edr\u00fcgyn\u00f6ks\u00e9g azt \u00edrta vas\u00e1rnap, az ukr\u00e1n biztons\u00e1gi szolg\u00e1lat (SZBU) f\u00e9nyt der\u00edtett arra, hogy orosz koz\u00e1kok l\u00e1tj\u00e1k el fegyverekkel a kelet-ukrajnai szakad\u00e1rokat, \u00e9s ugyancsak nekik van k\u00f6z\u00fck az ut\u00f3bbi EBESZ-misszi\u00f3 elrabl\u00e1s\u00e1hoz. Az SZBU egy lehallgatott telefonbesz\u00e9lget\u00e9s alapj\u00e1n \u00e1ll\u00edtotta ezt.(MTI)<\/p>\n<p><a title=\"Hely megnyit\u00e1sa\" href=\"http:\/\/www.unian.ua\/politics\/926576-teroristi-zayavlyayut-scho-sposterigachi-obse-znahodyatsya-u-severodonetsku-yak-zaruchniki.html\" target=\"_blank\" rel=\"noopener\">http:\/\/www.unian.ua\/politics\/926576-teroristi-zayavlyayut-scho-sposterigachi-obse-znahodyatsya-u-severodonetsku-yak-zaruchniki.html<\/a><br \/>\n<a title=\"Hely megnyit\u00e1sa\" href=\"http:\/\/novosti.dn.ua\/details\/227043\/\" target=\"_blank\" rel=\"noopener\">http:\/\/novosti.dn.ua\/details\/227043\/<\/a><\/p>\n","protected":false},"excerpt":{"rendered":"<p>A Luhanszk megyei Szeverodonyeckben tartj\u00e1k fogva az Eur\u00f3pai Biztons\u00e1gi \u00e9s Egy\u00fcttm\u0171k\u00f6d\u00e9si Szervezet (EBESZ) k\u00e9t megfigyel\u0151i csoportj\u00e1nak a tagjait a Moszkva-bar\u00e1t fegyveresek &#8211; k\u00f6z\u00f6lte a szakad\u00e1rok egyik vezet\u0151je, Andrij Purhin.<\/p>\n","protected":false},"author":1,"featured_media":0,"comment_status":"open","ping_status":"closed","sticky":false,"template":"","format":"standard","meta":[],"categories":[139],"tags":[],"_links":{"self":[{"href":"https:\/\/gazdasagportal.hu\/index.php\/wp-json\/wp\/v2\/posts\/36588"}],"collection":[{"href":"https:\/\/gazdasagportal.hu\/index.php\/wp-json\/wp\/v2\/posts"}],"about":[{"href":"https:\/\/gazdasagportal.hu\/index.php\/wp-json\/wp\/v2\/types\/post"}],"author":[{"embeddable":true,"href":"https:\/\/gazdasagportal.hu\/index.php\/wp-json\/wp\/v2\/users\/1"}],"replies":[{"embeddable":true,"href":"https:\/\/gazdasagportal.hu\/index.php\/wp-json\/wp\/v2\/comments?post=36588"}],"version-history":[{"count":1,"href":"https:\/\/gazdasagportal.hu\/index.php\/wp-json\/wp\/v2\/posts\/36588\/revisions"}],"predecessor-version":[{"id":36589,"href":"https:\/\/gazdasagportal.hu\/index.php\/wp-json\/wp\/v2\/posts\/36588\/revisions\/36589"}],"wp:attachment":[{"href":"https:\/\/gazdasagportal.hu\/index.php\/wp-json\/wp\/v2\/media?parent=36588"}],"wp:term":[{"taxonomy":"category","embeddable":true,"href":"https:\/\/gazdasagportal.hu\/index.php\/wp-json\/wp\/v2\/categories?post=36588"},{"taxonomy":"post_tag","embeddable":true,"href":"https:\/\/gazdasagportal.hu\/index.php\/wp-json\/wp\/v2\/tags?post=36588"}],"curies":[{"name":"wp","href":"https:\/\/api.w.org\/{rel}","templated":true}]}}