{"id":36584,"date":"2014-06-08T07:34:33","date_gmt":"2014-06-08T05:34:33","guid":{"rendered":"http:\/\/stockportal.hu\/?p=36584"},"modified":"2014-06-07T22:06:29","modified_gmt":"2014-06-07T20:06:29","slug":"torokorszag-teljes-egeszeben-europai-orszag-az-ankarai-magyar-nagykovet-szerint","status":"publish","type":"post","link":"https:\/\/gazdasagportal.hu\/index.php\/torokorszag-teljes-egeszeben-europai-orszag-az-ankarai-magyar-nagykovet-szerint\/","title":{"rendered":"T\u00f6r\u00f6korsz\u00e1g teljes eg\u00e9sz\u00e9ben eur\u00f3pai orsz\u00e1g az ankarai magyar nagyk\u00f6vet szerint"},"content":{"rendered":"<p><strong>Magyarorsz\u00e1g mindig ki\u00e1llt \u00e9s ki is fog \u00e1llni amellett, hogy T\u00f6r\u00f6korsz\u00e1g teljes eg\u00e9sz\u00e9ben eur\u00f3pai orsz\u00e1g, bar\u00e1t, sz\u00f6vets\u00e9ges, s az orsz\u00e1gnak az EU-ban van a helye &#8211; jelentett ki H\u00f3v\u00e1ri J\u00e1nos, Magyarorsz\u00e1g ankarai nagyk\u00f6vete a Rodost\u00f3i (Tekirdag) Magyar Nap megnyit\u00f3j\u00e1n szombaton a telep\u00fcl\u00e9sen.<\/strong><!--more--><br \/>\n<div class=\"ads-in-post1\"><div id=\"gazdasagportal.hu_fullbanner_wideboard\"><\/div>\r\n<\/div>\n<p>    A magyar napok kezdem\u00e9nyez\u0151je 12 \u00e9vvel ezel\u0151tt Erdogan Erken, Rodost\u00f3 tiszteletbeli magyar konzulja volt.<br \/>\n    Az esem\u00e9nyen ebben az esztend\u0151ben Ibrahim M\u00fcteferrik\u00e1ra eml\u00e9keznek, aki k\u00fcl\u00f6nleges kapocs a magyarok \u00e9s a t\u00f6r\u00f6k\u00f6k k\u00f6z\u00f6tt. A magyar sz\u00fclet\u00e9s\u0171 Ibrahim M\u00fcteferrika a t\u00f6r\u00f6ks\u00e9get \u00faj \u00fatra vezette azzal, hogy megind\u00edtotta a t\u00f6r\u00f6k nyelv\u0171 k\u00f6nyvnyomtat\u00e1st 1727-ben.<br \/>\n    Ez nemcsak technikai tett volt, hanem szellemi is &#8211; mondta H\u00f3v\u00e1ri J\u00e1nos.<br \/>\n    Hozz\u00e1tette, azon az \u00faton, amelyet Ibrahim M\u00fcteferrika kezdett meg, a t\u00f6r\u00f6k\u00f6knek v\u00e9gig kell menni\u00fck. A v\u00e9gpont nem lehet m\u00e1s, mint az uni\u00f3s tags\u00e1g &#8211; fejtette ki.<br \/>\n    A nagyk\u00f6vet \u00fagy v\u00e9lte, ennek el\u00e9r\u00e9s\u00e9t illet\u0151en egyform\u00e1n felel\u0151sek az uni\u00f3 tag\u00e1llamai \u00e9s a t\u00f6r\u00f6k politikai vezet\u0151k.<br \/>\n    H\u00f3v\u00e1ri J\u00e1nos szerint Magyarorsz\u00e1gra, T\u00f6r\u00f6korsz\u00e1g bar\u00e1tjak\u00e9nt, a nyelvi \u00e9s antropol\u00f3giai rokons\u00e1g, valamint a k\u00f6z\u00f6s t\u00f6rt\u00e9nelem miatt a folyamatban k\u00fcl\u00f6nleges szerep h\u00e1rul.<br \/>\n    Ekrem Eskinat, a telep\u00fcl\u00e9s Szulejm\u00e1n pasa nev\u0171 ker\u00fclet\u00e9nek polg\u00e1rmestere bejelentette, hogy a j\u00f6v\u0151 \u00e9vt\u0151l kiemelik a Cseresznye Fesztiv\u00e1l programjai k\u00f6z\u00fcl a magyar napot \u00e9s helyette egy Magyar Hetet szerveznek, hogy m\u00e9lt\u00f3 m\u00f3don tudjanak eml\u00e9kezni a t\u00f6r\u00f6k\u00f6k \u00e9s magyarok egy\u00fctt Tekirdagban.<br \/>\n    Kadir Albayrak, Rodost\u00f3 f\u0151polg\u00e1rmestere bejelentette, hogy II. R\u00e1k\u00f3czi Ferenc tiszt\u00e9let\u00e9re fel\u00faj\u00edtj\u00e1k azt a k\u00f6rny\u00e9ket, ahol M\u00fcteferrika \u00e9s R\u00e1k\u00f3czi \u00e9ltek magyar emigr\u00e1nsokkal egy\u00fctt.(MTI)<\/p>\n","protected":false},"excerpt":{"rendered":"<p>Magyarorsz\u00e1g mindig ki\u00e1llt \u00e9s ki is fog \u00e1llni amellett, hogy T\u00f6r\u00f6korsz\u00e1g teljes eg\u00e9sz\u00e9ben eur\u00f3pai orsz\u00e1g, bar\u00e1t, sz\u00f6vets\u00e9ges, s az orsz\u00e1gnak az EU-ban van a helye &#8211; jelentett ki H\u00f3v\u00e1ri J\u00e1nos, Magyarorsz\u00e1g ankarai nagyk\u00f6vete a Rodost\u00f3i (Tekirdag) Magyar Nap megnyit\u00f3j\u00e1n szombaton a telep\u00fcl\u00e9sen.<\/p>\n","protected":false},"author":1,"featured_media":0,"comment_status":"open","ping_status":"closed","sticky":false,"template":"","format":"standard","meta":[],"categories":[12],"tags":[],"_links":{"self":[{"href":"https:\/\/gazdasagportal.hu\/index.php\/wp-json\/wp\/v2\/posts\/36584"}],"collection":[{"href":"https:\/\/gazdasagportal.hu\/index.php\/wp-json\/wp\/v2\/posts"}],"about":[{"href":"https:\/\/gazdasagportal.hu\/index.php\/wp-json\/wp\/v2\/types\/post"}],"author":[{"embeddable":true,"href":"https:\/\/gazdasagportal.hu\/index.php\/wp-json\/wp\/v2\/users\/1"}],"replies":[{"embeddable":true,"href":"https:\/\/gazdasagportal.hu\/index.php\/wp-json\/wp\/v2\/comments?post=36584"}],"version-history":[{"count":1,"href":"https:\/\/gazdasagportal.hu\/index.php\/wp-json\/wp\/v2\/posts\/36584\/revisions"}],"predecessor-version":[{"id":36585,"href":"https:\/\/gazdasagportal.hu\/index.php\/wp-json\/wp\/v2\/posts\/36584\/revisions\/36585"}],"wp:attachment":[{"href":"https:\/\/gazdasagportal.hu\/index.php\/wp-json\/wp\/v2\/media?parent=36584"}],"wp:term":[{"taxonomy":"category","embeddable":true,"href":"https:\/\/gazdasagportal.hu\/index.php\/wp-json\/wp\/v2\/categories?post=36584"},{"taxonomy":"post_tag","embeddable":true,"href":"https:\/\/gazdasagportal.hu\/index.php\/wp-json\/wp\/v2\/tags?post=36584"}],"curies":[{"name":"wp","href":"https:\/\/api.w.org\/{rel}","templated":true}]}}