{"id":36582,"date":"2014-06-08T05:03:20","date_gmt":"2014-06-08T03:03:20","guid":{"rendered":"http:\/\/stockportal.hu\/?p=36582"},"modified":"2014-06-07T22:04:14","modified_gmt":"2014-06-07T20:04:14","slug":"devizahitelek-varga-a-kormany-tobb-megoldassal-keszul-a-jogegysegi-dontesere","status":"publish","type":"post","link":"https:\/\/gazdasagportal.hu\/index.php\/devizahitelek-varga-a-kormany-tobb-megoldassal-keszul-a-jogegysegi-dontesere\/","title":{"rendered":"Devizahitelek &#8211; Varga: a korm\u00e1ny t\u00f6bb megold\u00e1ssal k\u00e9sz\u00fcl a jogegys\u00e9gi d\u00f6nt\u00e9s\u00e9re"},"content":{"rendered":"<p><strong>A korm\u00e1ny t\u00f6bbf\u00e9le javaslattal k\u00e9sz\u00fcl a K\u00faria jogegys\u00e9gi d\u00f6nt\u00e9s\u00e9re a devizahiteles probl\u00e9ma megold\u00e1sa \u00e9rdek\u00e9ben az\u00e9rt, hogy a hat\u00e1rozat megsz\u00fclet\u00e9se ut\u00e1n a lehet\u0151 legr\u00f6videbb id\u0151n bel\u00fcl l\u00e9pni tudjon &#8211; mondta Varga Mih\u00e1ly r\u00e9gi-\u00faj nemzetgazdas\u00e1gi miniszter szombaton a H\u00edr TV P8 c\u00edm\u0171 m\u0171sor\u00e1ban.<\/strong><!--more--><br \/>\n<div class=\"ads-in-post1\"><div id=\"gazdasagportal.hu_fullbanner_wideboard\"><\/div>\r\n<\/div>\n<p>    A K\u00faria j\u00fanius 16-\u00e1n jogegys\u00e9gi d\u00f6nt\u00e9st hozhat t\u00f6bb, devizahitellel kapcsolatos k\u00e9rd\u00e9sben.<br \/>\n    Varga Mih\u00e1ly kiemelte, hogy sokf\u00e9le megold\u00e1s lehets\u00e9ges, amelyekr\u0151l egyeztetni fognak az \u00e9rintett szerepl\u0151kkel. Elmondta, a bankoknak is \u00e9rdeke, hogy &#8222;ett\u0151l a probl\u00e9mahalmazt\u00f3l megszabaduljanak&#8221;.<br \/>\n    Hozz\u00e1f\u0171zte, hogy kedden m\u00e1r a Magyar Banksz\u00f6vets\u00e9g k\u00e9pvisel\u0151ivel t\u00e1rgyal, a korm\u00e1ny c\u00e9lja v\u00e1ltozatlan: ki kell vezetni a devizahiteleket.<br \/>\n    A rekl\u00e1mad\u00f3val kapcsolatban arra a felvet\u00e9sre, hogy a l\u00e9p\u00e9s k\u00f6vetkezm\u00e9nyek\u00e9nt a b\u00fcdzs\u00e9be befoly\u00f3 9 milli\u00e1rd forintos bev\u00e9tel gyakorlatilag elhanyagolhat\u00f3 t\u00e9tel a teljes k\u00f6lts\u00e9gvet\u00e9st tekintve, Varga Mih\u00e1ly kifejtette: &#8222;szerintem nem tud mutatni olyan p\u00e9nz\u00fcgyminisztert vagy gazdas\u00e1gi minisztert, aki tiltakozna akkor, ha valami bev\u00e9tel j\u00f6n az \u00e1llamkassz\u00e1ba&#8221;.<br \/>\n    Elmondta: a rekl\u00e1mad\u00f3 arr\u00f3l sz\u00f3l, hogy azokat a j\u00f3l teljes\u00edt\u0151, sz\u00e9p nyeres\u00e9get hoz\u00f3 ter\u00fcleteket is bekapcsolj\u00e1k a k\u00f6z\u00f6s tehervisel\u00e9sbe, amelyek eddig nem vett\u00e9k ki a r\u00e9sz\u00fcket ebb\u0151l. Az \u00edgy befoly\u00f3 bev\u00e9tel nagys\u00e1g\u00e1t m\u00e1sodlagosnak nevezte Varga Mih\u00e1ly, de kiemelte, hogy ebb\u0151l a p\u00e9nzb\u0151l iskolafejleszt\u00e9sre k\u00f6ltenek majd.<br \/>\n    Magyarorsz\u00e1g hitelmin\u0151s\u00edt\u0151i meg\u00edt\u00e9l\u00e9s\u00e9vel kapcsolatban elmondta: ha a piacon el lehet adni a magyar \u00e1llamk\u00f6tv\u00e9nyeket, \u00e9s azokat hatszorosan jegyzik t\u00fal, &#8222;akkor azt nem azt jelenti, hogy b\u00f3vli kateg\u00f3ri\u00e1ban vagyunk&#8221;. &#8222;A hitelmin\u0151s\u00edt\u0151kn\u00e9l igen, de a piacn\u00e1l nem&#8221; &#8211; emelte ki Varga Mih\u00e1ly, hozz\u00e1f\u0171zve, hogy sokkal fontosabb a piaci v\u00e9lem\u00e9ny.<br \/>\n    Sz\u00f3lt arr\u00f3l is, hogy a nemzetgazdas\u00e1gi miniszt\u00e9rium strukt\u00far\u00e1j\u00e1ban vannak kisebb m\u00f3dosul\u00e1sok, p\u00e9ld\u00e1ul az Eximbankot a k\u00fclgazdas\u00e1gi miniszt\u00e9riumnak adj\u00e1k \u00e1t, m\u00edg a sz\u00e9n-dioxid kv\u00f3ta kereskedelem a nemzetgazdas\u00e1gi t\u00e1rc\u00e1hoz ker\u00fcl.<br \/>\n    Kifejtette: a legf\u0151bb v\u00e1ltoz\u00e1s, hogy a k\u00fclgazdas\u00e1g \u00f6n\u00e1ll\u00f3 t\u00e1rca lesz, &#8222;a magyar gazdas\u00e1gnak ez lesz a hegye, erre kell r\u00e1\u00e1llni&#8221;.<br \/>\n    Varga Mih\u00e1ly fontos c\u00e9lnak nevezte, hogy a bels\u0151 piac meger\u0151s\u00edt\u00e9s\u00e9n kereszt\u00fcl egyre t\u00f6bb magyar c\u00e9g legyen k\u00e9pes vil\u00e1gsz\u00ednvonal\u00fa term\u00e9keket \u00e9s szolg\u00e1ltat\u00e1sokat el\u0151\u00e1ll\u00edtani \u00e9s ezeket export\u00e1lni. A k\u00f6vetkez\u0151 n\u00e9gy \u00e9v gazdas\u00e1gpolitik\u00e1j\u00e1nak a f\u00f3kusza az, hogy a magyar gazdas\u00e1got stabil n\u00f6veked\u00e9si p\u00e1ly\u00e1ra \u00e1ll\u00edts\u00e1k &#8211; jelezte.<br \/>\n    Az id\u00e9n is 3 sz\u00e1zal\u00e9k alatt marad a k\u00f6lts\u00e9gvet\u00e9si hi\u00e1ny, hiszen a parlament ezzel fogadta el a k\u00f6lts\u00e9gvet\u00e9st, s az orsz\u00e1g nem akar visszaker\u00fclni az uni\u00f3s t\u00falzottdeficit-elj\u00e1r\u00e1s al\u00e1 &#8211; hangs\u00falyozta.<br \/>\n    A nemzetgazdas\u00e1gi miniszter elmondta, hogy b\u00e1r lehetnek k\u00f6lts\u00e9gvet\u00e9si m\u00f3dos\u00edt\u00e1sok a korm\u00e1ny \u00e1ltal j\u00f3v\u00e1hagyott vagyonv\u00e1s\u00e1rl\u00e1sok &#8211; k\u00f6zm\u0171szolg\u00e1ltat\u00f3 c\u00e9gek visszav\u00e1s\u00e1rl\u00e1sa &#8211; miatt, &#8222;de nincs ok arra, hogy b\u00e1rmif\u00e9le megszor\u00edt\u00e1s legyen&#8221;.     Az, hogy egy nonprofit k\u00f6zm\u0171szolg\u00e1ltat\u00f3 szektor j\u00f6jj\u00f6n l\u00e9tre, az\u00e9rt fontos, hogy a magyar lakoss\u00e1g megfizethet\u0151 energia\u00e1rakkal tal\u00e1lkozzon, m\u00e1sr\u00e9szt pedig jav\u00edtani kell a magyar gazdas\u00e1g versenyk\u00e9pess\u00e9g\u00e9t &#8211; mondta.<br \/>\n    Az ad\u00f3rendszerrel kapcsolatban kifejtette, hogy tov\u00e1bbra is a j\u00f6vedelmet terhel\u0151 ad\u00f3k cs\u00f6kkent\u00e9se a f\u0151 ir\u00e1ny. Varga Mih\u00e1ly kit\u00e9rt arra is, hogy 2013 volt az els\u0151 \u00e9v, amikor az egykulcsos, 16 sz\u00e1zal\u00e9kos ad\u00f3rendszer tiszta form\u00e1j\u00e1ban val\u00f3sult meg, s az err\u0151l sz\u00f3l\u00f3 bevall\u00e1sok nemr\u00e9g \u00e9rkeztek be az ad\u00f3hivatalhoz.<br \/>\n    Elmondta, augusztus k\u00f6r\u00fcl lesznek pontos inform\u00e1ci\u00f3k arr\u00f3l, hogy az egykulcsos ad\u00f3rendszer milyen bev\u00e9teleket hozott. Lehet\u0151s\u00e9g szerint tov\u00e1bb kellene cs\u00f6kkenteni az szja-kulcsot, de azt is l\u00e1tni kell, hogy ennek k\u00f6lts\u00e9gvet\u00e9si vonzata van &#8211; h\u00edvta fel a figyelmet a miniszter.<br \/>\n    \u00dagy v\u00e9lte, \u00f6r\u00fclni kell, ha a magyar gazdas\u00e1g olyan helyzetbe ker\u00fcl, hogy be tudja vezetni az eur\u00f3t; ez nagy el\u0151rel\u00e9p\u00e9s 2010-hez k\u00e9pest. &#8222;Most eljutottunk oda, hogy a magyar gazdas\u00e1g csatlakoz\u00e1sk\u00f6zeli \u00e1llapotba ker\u00fclt&#8221; &#8211; mondta.<br \/>\n    Varga Mih\u00e1ly szerint 2-3 \u00e9ven bel\u00fcl re\u00e1lis lehet a magyar eur\u00f3csatlakoz\u00e1s is, azonban az eur\u00f3\u00f6vezet probl\u00e9m\u00e1i miatt a csatlakoz\u00e1s &#8222;alapos \u00e1tgondol\u00e1st ig\u00e9nyel&#8221;, m\u00e9rlegelni kell az el\u0151ny\u00f6ket \u00e9s h\u00e1tr\u00e1nyokat.(MTI)<\/p>\n","protected":false},"excerpt":{"rendered":"<p>A korm\u00e1ny t\u00f6bbf\u00e9le javaslattal k\u00e9sz\u00fcl a K\u00faria jogegys\u00e9gi d\u00f6nt\u00e9s\u00e9re a devizahiteles probl\u00e9ma megold\u00e1sa \u00e9rdek\u00e9ben az\u00e9rt, hogy a hat\u00e1rozat megsz\u00fclet\u00e9se ut\u00e1n a lehet\u0151 legr\u00f6videbb id\u0151n bel\u00fcl l\u00e9pni tudjon &#8211; mondta Varga Mih\u00e1ly r\u00e9gi-\u00faj nemzetgazdas\u00e1gi miniszter szombaton a H\u00edr TV P8 c\u00edm\u0171 m\u0171sor\u00e1ban.<\/p>\n","protected":false},"author":1,"featured_media":0,"comment_status":"open","ping_status":"closed","sticky":false,"template":"","format":"standard","meta":[],"categories":[19,112],"tags":[],"_links":{"self":[{"href":"https:\/\/gazdasagportal.hu\/index.php\/wp-json\/wp\/v2\/posts\/36582"}],"collection":[{"href":"https:\/\/gazdasagportal.hu\/index.php\/wp-json\/wp\/v2\/posts"}],"about":[{"href":"https:\/\/gazdasagportal.hu\/index.php\/wp-json\/wp\/v2\/types\/post"}],"author":[{"embeddable":true,"href":"https:\/\/gazdasagportal.hu\/index.php\/wp-json\/wp\/v2\/users\/1"}],"replies":[{"embeddable":true,"href":"https:\/\/gazdasagportal.hu\/index.php\/wp-json\/wp\/v2\/comments?post=36582"}],"version-history":[{"count":1,"href":"https:\/\/gazdasagportal.hu\/index.php\/wp-json\/wp\/v2\/posts\/36582\/revisions"}],"predecessor-version":[{"id":36583,"href":"https:\/\/gazdasagportal.hu\/index.php\/wp-json\/wp\/v2\/posts\/36582\/revisions\/36583"}],"wp:attachment":[{"href":"https:\/\/gazdasagportal.hu\/index.php\/wp-json\/wp\/v2\/media?parent=36582"}],"wp:term":[{"taxonomy":"category","embeddable":true,"href":"https:\/\/gazdasagportal.hu\/index.php\/wp-json\/wp\/v2\/categories?post=36582"},{"taxonomy":"post_tag","embeddable":true,"href":"https:\/\/gazdasagportal.hu\/index.php\/wp-json\/wp\/v2\/tags?post=36582"}],"curies":[{"name":"wp","href":"https:\/\/api.w.org\/{rel}","templated":true}]}}