{"id":36577,"date":"2014-06-07T17:27:56","date_gmt":"2014-06-07T15:27:56","guid":{"rendered":"http:\/\/stockportal.hu\/?p=36577"},"modified":"2014-06-07T17:27:56","modified_gmt":"2014-06-07T15:27:56","slug":"sziria-ft-nyugati-szolgalatok-szerint-otezer-kulfoldi-dzsihadista-keszul-sziriaba","status":"publish","type":"post","link":"https:\/\/gazdasagportal.hu\/index.php\/sziria-ft-nyugati-szolgalatok-szerint-otezer-kulfoldi-dzsihadista-keszul-sziriaba\/","title":{"rendered":"Sz\u00edria &#8211; FT: nyugati szolg\u00e1latok szerint \u00f6tezer k\u00fclf\u00f6ldi dzsih\u00e1dista k\u00e9sz\u00fcl Sz\u00edri\u00e1ba"},"content":{"rendered":"<p><strong>Nyugati h\u00edrszerz\u00e9si szolg\u00e1latok csaknem \u00f6tezer olyan ember nev\u00e9t adt\u00e1k \u00e1t a t\u00f6r\u00f6k hat\u00f3s\u00e1goknak, akikr\u0151l \u00fagy tudj\u00e1k, hogy T\u00f6r\u00f6korsz\u00e1gon kereszt\u00fcl Sz\u00edri\u00e1ba akarnak utazni, \u00e9s ott csatlakozni akarnak az al-Kaida terrorh\u00e1l\u00f3zathoz k\u00f6t\u0151d\u0151 dzsih\u00e1dista felkel\u0151 csoportokhoz &#8211; \u00edrta titkosszolg\u00e1lati forr\u00e1sokat id\u00e9zve a szombati Financial Times.<\/strong><!--more--><br \/>\n<div class=\"ads-in-post1\"><div id=\"gazdasagportal.hu_fullbanner_wideboard\"><\/div>\r\n<\/div>\n<p>    A londoni gazdas\u00e1gi napilap kiemelte, hogy e lista tan\u00fas\u00e1ga szerint a sz\u00e9ls\u0151s\u00e9ges felkel\u0151csoportokhoz csatlakozni k\u00edv\u00e1n\u00f3k sz\u00e1ma j\u00f3val fel\u00fclm\u00falja azok\u00e9t, akik m\u00e1r Sz\u00edri\u00e1ba utaztak Eur\u00f3p\u00e1b\u00f3l \u00e9s Amerik\u00e1b\u00f3l, hogy e csoportok oldal\u00e1n harcoljanak Bass\u00e1r el-Aszad eln\u00f6k rezsimje ellen.<br \/>\n    A Financial Times adatai szerint eddig 2-3 ezer k\u00fclf\u00f6ldi csatlakozhatott a sz\u00edriai sz\u00e9ls\u0151s\u00e9ges l\u00e1zad\u00f3 er\u0151kh\u00f6z, \u00e9s a f\u0151 tranzit\u00fatvonal T\u00f6r\u00f6korsz\u00e1g.<br \/>\n    A nyugati terrorelh\u00e1r\u00edt\u00f3 szolg\u00e1latok att\u00f3l tartanak, hogy a Sz\u00edri\u00e1ban harcol\u00f3 k\u00fclf\u00f6ldiek a k\u00f6vetkez\u0151 \u00e9vekben a 2001. szeptember 11-i mer\u00e9nyletsorozat \u00f3ta nem l\u00e1tott m\u00e9ret\u0171 terrorhadj\u00e1ratot kezdhetnek nyugati c\u00e9lpontok ellen &#8211; \u00e1ll a Financial Times \u00edr\u00e1s\u00e1ban.<br \/>\n    A lap forr\u00e1sai szerint a br\u00fcsszeli zsid\u00f3 m\u00fazeumn\u00e1l k\u00e9t hete elk\u00f6vetett h\u00e1rmas gyilkoss\u00e1g is m\u00e1r ilyen jelleg\u0171 t\u00e1mad\u00e1s lehetett.<br \/>\n    A Financial Times titkosszolg\u00e1lati illet\u00e9kesekt\u0151l \u00fagy \u00e9rtes\u00fclt, hogy cs\u00fct\u00f6rt\u00f6k\u00f6n a legink\u00e1bb vesz\u00e9lyeztetettnek tartott kilenc eur\u00f3pai orsz\u00e1g Br\u00fcsszelben miniszteri szint\u0171 egyeztet\u00e9st tartott a k\u00e9rd\u00e9sr\u0151l, terrorelh\u00e1r\u00edt\u00e1si illet\u00e9kesek r\u00e9szv\u00e9tel\u00e9vel. A lap nem nevezte meg ezeket az orsz\u00e1gokat, de \u00fagy tudja, hogy az \u00e9rtekezleten jelen volt Theresa May brit bel\u00fcgyminiszter is.(MTI)<\/p>\n","protected":false},"excerpt":{"rendered":"<p>Nyugati h\u00edrszerz\u00e9si szolg\u00e1latok csaknem \u00f6tezer olyan ember nev\u00e9t adt\u00e1k \u00e1t a t\u00f6r\u00f6k hat\u00f3s\u00e1goknak, akikr\u0151l \u00fagy tudj\u00e1k, hogy T\u00f6r\u00f6korsz\u00e1gon kereszt\u00fcl Sz\u00edri\u00e1ba akarnak utazni, \u00e9s ott csatlakozni akarnak az al-Kaida terrorh\u00e1l\u00f3zathoz k\u00f6t\u0151d\u0151 dzsih\u00e1dista felkel\u0151 csoportokhoz &#8211; \u00edrta titkosszolg\u00e1lati forr\u00e1sokat id\u00e9zve a szombati Financial Times.<\/p>\n","protected":false},"author":1,"featured_media":0,"comment_status":"open","ping_status":"closed","sticky":false,"template":"","format":"standard","meta":[],"categories":[16],"tags":[],"_links":{"self":[{"href":"https:\/\/gazdasagportal.hu\/index.php\/wp-json\/wp\/v2\/posts\/36577"}],"collection":[{"href":"https:\/\/gazdasagportal.hu\/index.php\/wp-json\/wp\/v2\/posts"}],"about":[{"href":"https:\/\/gazdasagportal.hu\/index.php\/wp-json\/wp\/v2\/types\/post"}],"author":[{"embeddable":true,"href":"https:\/\/gazdasagportal.hu\/index.php\/wp-json\/wp\/v2\/users\/1"}],"replies":[{"embeddable":true,"href":"https:\/\/gazdasagportal.hu\/index.php\/wp-json\/wp\/v2\/comments?post=36577"}],"version-history":[{"count":1,"href":"https:\/\/gazdasagportal.hu\/index.php\/wp-json\/wp\/v2\/posts\/36577\/revisions"}],"predecessor-version":[{"id":36578,"href":"https:\/\/gazdasagportal.hu\/index.php\/wp-json\/wp\/v2\/posts\/36577\/revisions\/36578"}],"wp:attachment":[{"href":"https:\/\/gazdasagportal.hu\/index.php\/wp-json\/wp\/v2\/media?parent=36577"}],"wp:term":[{"taxonomy":"category","embeddable":true,"href":"https:\/\/gazdasagportal.hu\/index.php\/wp-json\/wp\/v2\/categories?post=36577"},{"taxonomy":"post_tag","embeddable":true,"href":"https:\/\/gazdasagportal.hu\/index.php\/wp-json\/wp\/v2\/tags?post=36577"}],"curies":[{"name":"wp","href":"https:\/\/api.w.org\/{rel}","templated":true}]}}