{"id":36573,"date":"2014-06-07T13:24:46","date_gmt":"2014-06-07T11:24:46","guid":{"rendered":"http:\/\/stockportal.hu\/?p=36573"},"modified":"2014-06-07T13:24:46","modified_gmt":"2014-06-07T11:24:46","slug":"fidesz-folytatodhat-a-2010-ben-megkezdett-kormanyzati-munka","status":"publish","type":"post","link":"https:\/\/gazdasagportal.hu\/index.php\/fidesz-folytatodhat-a-2010-ben-megkezdett-kormanyzati-munka\/","title":{"rendered":"Fidesz: folytat\u00f3dhat a 2010-ben megkezdett korm\u00e1nyzati munka"},"content":{"rendered":"<p><strong>A magyarok bizalm\u00e1nak \u00e9s t\u00e1mogat\u00e1s\u00e1nak k\u00f6sz\u00f6nhet\u0151en folytat\u00f3dhat a 2010-ben megkezdett korm\u00e1nyzati munka, amelyet h\u00e1rom legfontosabb alap\u00e9rt\u00e9ke, a munka, a csal\u00e1d \u00e9s a szoci\u00e1lis biztons\u00e1g ment\u00e9n v\u00e9gez majd a harmadik Orb\u00e1n-korm\u00e1ny &#8211; mondta a Fidesz sz\u00f3viv\u0151je szombaton P\u00e9csen.<\/strong><!--more--><br \/>\n<div class=\"ads-in-post1\"><div id=\"gazdasagportal.hu_fullbanner_wideboard\"><\/div>\r\n<\/div>\n<p>    Hopp\u00e1l P\u00e9ter sajt\u00f3t\u00e1j\u00e9koztat\u00f3j\u00e1n hangs\u00falyozta: folytat\u00f3dik a gazdas\u00e1g meger\u0151s\u00edt\u00e9s\u00e9nek, a munkahelyteremt\u00e9snek, a nyugd\u00edjak megv\u00e9d\u00e9s\u00e9nek, a rezsi cs\u00f6kkent\u00e9s\u00e9nek a politik\u00e1ja, de a vezet\u00e9s figyelemmel lesz a hazai v\u00e1llalkoz\u00f3k t\u00e1mogat\u00e1s\u00e1ra is.<br \/>\n    Hozz\u00e1tette, szeretn\u00e9k tov\u00e1bb cs\u00f6kkenteni a csal\u00e1dok terheit, folytatni a bajba jutott devizahitelesek megment\u00e9s\u00e9t, de emellett az\u00e9rt is dolgoznak, hogy m\u00e9g t\u00f6bb csal\u00e1dban v\u00e1ltsa fel a seg\u00e9lyt a munka, s folytat\u00f3djon a k\u00f6zszf\u00e9r\u00e1ban elind\u00edtott b\u00e9remel\u00e9si program.<br \/>\n    A nagyobbik korm\u00e1nyp\u00e1rt sz\u00f3viv\u0151je \u00fagy fogalmazott, a munk\u00e1hoz, a csal\u00e1dhoz \u00e9s a szoci\u00e1lis biztons\u00e1ghoz az\u00e9rt is kell ragaszkodniuk, mert az ezen \u00e9rt\u00e9keket szem el\u0151tt tart\u00f3 politika az, amely az elm\u00falt n\u00e9gy \u00e9vben bizony\u00edtott, eredm\u00e9nyeket tett le az asztalra, valamint ezen \u00e9rt\u00e9kekkel v\u00e9gleg le lehet z\u00e1rni a kor\u00e1bbi, kudarcokkal, munkan\u00e9lk\u00fclis\u00e9ggel, megszor\u00edt\u00e1sokkal teli Gyurcs\u00e1ny-korszakot.<br \/>\n    Hopp\u00e1l P\u00e9ter kit\u00e9rt arra, hogy a p\u00e9nteken esk\u00fct tett Orb\u00e1n-korm\u00e1ny Eur\u00f3pa legcselekv\u0151k\u00e9pesebb korm\u00e1nya, mert a legstabilabb t\u00e1rsadalmi t\u00e1mogat\u00e1st tudhatja maga m\u00f6g\u00f6tt Eur\u00f3p\u00e1ban.<br \/>\n    A politikus felh\u00edvta a figyelmet arra, hogy Magyarorsz\u00e1gon a pozit\u00edv gazdas\u00e1gi folyamatok egyre ink\u00e1bb \u00e9reztetik a hat\u00e1sukat az emberek mindennapjaiban.<br \/>\n    P\u00e9ldak\u00e9nt hozta fel, hogy Magyarorsz\u00e1gon egy \u00e9v alatt 10,6 sz\u00e1zal\u00e9kr\u00f3l 7,8 sz\u00e1zal\u00e9kra cs\u00f6kkent a munkan\u00e9lk\u00fclis\u00e9g, a m\u00e9rs\u00e9kl\u0151d\u00e9s \u00e1prilisban Magyarorsz\u00e1gon volt a legnagyobb az Eur\u00f3pai Uni\u00f3ban. Az elm\u00falt egy \u00e9vben rekordm\u00e9ret\u0171, 23 sz\u00e1zal\u00e9kos volt a beruh\u00e1z\u00e1sok n\u00f6veked\u00e9se, az ipari termel\u00e9s t\u00f6bb mint 10 sz\u00e1zal\u00e9kkal haladta meg az egy \u00e9vvel kor\u00e1bbit.<br \/>\n    Hozz\u00e1tette: az orsz\u00e1g ir\u00e1nt folyamatosan n\u0151 a bizalom, s mik\u00f6zben az eur\u00f3pai gazdas\u00e1g n\u00f6veked\u00e9si \u00fcteme elmaradt az elemz\u0151i v\u00e1rakoz\u00e1sokt\u00f3l, a magyar gazdas\u00e1g jobban gyorsult, mint amit el\u0151re jeleztek, a s\u00e9r\u00fcl\u00e9kenys\u00e9ge pedig cs\u00f6kkent.<br \/>\n    Hopp\u00e1l P\u00e9ter kiemelte, hogy a gazdas\u00e1got seg\u00edti a bizalmi index javul\u00e1sa, a j\u00f6vedelmek emelked\u00e9se, a belf\u00f6ldi fogyaszt\u00e1s fokozatos b\u0151v\u00fcl\u00e9se, valamint az is, hogy egyre t\u00f6bben dolgoznak \u00e9s egyre t\u00f6bbet \u00e9r a munka.<br \/>\n    \u00dagy v\u00e9lte: minden ok megvan az \u00f3vatos optimizmusra, az eddig megtett int\u00e9zked\u00e9sekkel Magyarorsz\u00e1g hat\u00e1rozottan elindult egy olyan ir\u00e1nyba, melynek k\u00f6sz\u00f6nhet\u0151en a csal\u00e1dok, a magyar v\u00e1llalkoz\u00e1sok \u00e9s a telep\u00fcl\u00e9sek is b\u00e1trabban tervezhetnek el\u0151re, mint 2010 el\u0151tt.<br \/>\n    A sz\u00f3viv\u0151 hangs\u00falyozta, hogy tov\u00e1bbra is a k\u00f6lcs\u00f6n\u00f6s tehervisel\u00e9sben, a szoci\u00e1lis biztons\u00e1g megteremt\u00e9s\u00e9ben hisznek, nem a megszor\u00edt\u00e1sok rossz politik\u00e1j\u00e1ban, amely egyszer m\u00e1r t\u00f6nkretette Magyarorsz\u00e1got.(MTI)<\/p>\n","protected":false},"excerpt":{"rendered":"<p>A magyarok bizalm\u00e1nak \u00e9s t\u00e1mogat\u00e1s\u00e1nak k\u00f6sz\u00f6nhet\u0151en folytat\u00f3dhat a 2010-ben megkezdett korm\u00e1nyzati munka, amelyet h\u00e1rom legfontosabb alap\u00e9rt\u00e9ke, a munka, a csal\u00e1d \u00e9s a szoci\u00e1lis biztons\u00e1g ment\u00e9n v\u00e9gez majd a harmadik Orb\u00e1n-korm\u00e1ny &#8211; mondta a Fidesz sz\u00f3viv\u0151je szombaton P\u00e9csen.<\/p>\n","protected":false},"author":1,"featured_media":0,"comment_status":"open","ping_status":"closed","sticky":false,"template":"","format":"standard","meta":[],"categories":[18],"tags":[],"_links":{"self":[{"href":"https:\/\/gazdasagportal.hu\/index.php\/wp-json\/wp\/v2\/posts\/36573"}],"collection":[{"href":"https:\/\/gazdasagportal.hu\/index.php\/wp-json\/wp\/v2\/posts"}],"about":[{"href":"https:\/\/gazdasagportal.hu\/index.php\/wp-json\/wp\/v2\/types\/post"}],"author":[{"embeddable":true,"href":"https:\/\/gazdasagportal.hu\/index.php\/wp-json\/wp\/v2\/users\/1"}],"replies":[{"embeddable":true,"href":"https:\/\/gazdasagportal.hu\/index.php\/wp-json\/wp\/v2\/comments?post=36573"}],"version-history":[{"count":1,"href":"https:\/\/gazdasagportal.hu\/index.php\/wp-json\/wp\/v2\/posts\/36573\/revisions"}],"predecessor-version":[{"id":36574,"href":"https:\/\/gazdasagportal.hu\/index.php\/wp-json\/wp\/v2\/posts\/36573\/revisions\/36574"}],"wp:attachment":[{"href":"https:\/\/gazdasagportal.hu\/index.php\/wp-json\/wp\/v2\/media?parent=36573"}],"wp:term":[{"taxonomy":"category","embeddable":true,"href":"https:\/\/gazdasagportal.hu\/index.php\/wp-json\/wp\/v2\/categories?post=36573"},{"taxonomy":"post_tag","embeddable":true,"href":"https:\/\/gazdasagportal.hu\/index.php\/wp-json\/wp\/v2\/tags?post=36573"}],"curies":[{"name":"wp","href":"https:\/\/api.w.org\/{rel}","templated":true}]}}