{"id":36539,"date":"2014-06-06T15:25:35","date_gmt":"2014-06-06T13:25:35","guid":{"rendered":"http:\/\/stockportal.hu\/?p=36539"},"modified":"2014-06-06T15:25:35","modified_gmt":"2014-06-06T13:25:35","slug":"juliustol-3-regioban-csokken-vagy-megszunik-a-fejlesztesi-adokedvezmeny","status":"publish","type":"post","link":"https:\/\/gazdasagportal.hu\/index.php\/juliustol-3-regioban-csokken-vagy-megszunik-a-fejlesztesi-adokedvezmeny\/","title":{"rendered":"J\u00faliust\u00f3l 3 r\u00e9gi\u00f3ban cs\u00f6kken, vagy megsz\u0171nik a fejleszt\u00e9si ad\u00f3kedvezm\u00e9ny"},"content":{"rendered":"<p><strong>J\u00falius elsej\u00e9t\u0151l az Eur\u00f3pai Bizotts\u00e1g \u00e1ltal a 2014-2020 k\u00f6z\u00f6tti id\u0151szakra j\u00f3v\u00e1hagyott tervek alapj\u00e1n cs\u00f6kken, illetve megsz\u0171nik a fejleszt\u00e9si ad\u00f3kedvezm\u00e9ny, illetve \u00e1llami t\u00e1mogat\u00e1s ig\u00e9nybev\u00e9tel\u00e9nek lehet\u0151s\u00e9ge bizonyos r\u00e9gi\u00f3kban &#8211; h\u00edvta fel a figyelmet az RSM DTM Hungary Ad\u00f3tan\u00e1csad\u00f3 \u00e9s P\u00e9nz\u00fcgyi Szolg\u00e1ltat\u00f3 Zrt. p\u00e9nteki k\u00f6zlem\u00e9nye.<\/strong><!--more--><br \/>\n<div class=\"ads-in-post1\"><div id=\"gazdasagportal.hu_fullbanner_wideboard\"><\/div>\r\n<\/div>\n<p>    J\u00fanius 30-\u00e1ig m\u00e9g a kor\u00e1bbi, 2007-2013-as fejleszt\u00e9si id\u0151szakra vonatkoz\u00f3 t\u00e1mogat\u00e1si t\u00e9rk\u00e9pet kell alkalmazni.<br \/>\n    J\u00falius elsej\u00e9t\u0151l a v\u00e1llalkoz\u00e1sok m\u00e1r az \u00faj felt\u00e9telek mellett ig\u00e9nyelhetnek fejleszt\u00e9si ad\u00f3kedvezm\u00e9nyt, illetve t\u00e1mogat\u00e1st beruh\u00e1z\u00e1saikhoz.<br \/>\n    Kiemelik, hogy a legjelent\u0151sebb a v\u00e1ltoz\u00e1s a K\u00f6z\u00e9p-Magyarorsz\u00e1g r\u00e9gi\u00f3ban: itt a kor\u00e1bbi 30 sz\u00e1zal\u00e9k &#8211; Budapest eset\u00e9n 10 sz\u00e1zal\u00e9k &#8211; helyett, n\u00e9h\u00e1ny kiv\u00e9tellel az \u00e1ltal\u00e1nos intenzit\u00e1si kulcs 0 sz\u00e1zal\u00e9kra cs\u00f6kken, azaz alapesetben nem vehet\u0151 ig\u00e9nybe t\u00e1mogat\u00e1s. A kiv\u00e9telek k\u00f6z\u00e9 tartozik t\u00f6bbek k\u00f6z\u00f6tt Cegl\u00e9d, \u00c9rd, G\u00f6d\u00f6ll\u0151, Kiskunlach\u00e1za, Magl\u00f3d, Szigetszentmikl\u00f3s, P\u00e9cel, R\u00e1ckeve, V\u00e1c, Vecs\u00e9s 35 sz\u00e1zal\u00e9kos t\u00e1mogat\u00e1si intenzit\u00e1ssal, illetve Piliscsaba, Pilisj\u00e1szfalu, Pilisv\u00f6r\u00f6sv\u00e1r, Solym\u00e1r 20 sz\u00e1zal\u00e9kos t\u00e1mogat\u00e1si intenzit\u00e1ssal. A fejleszt\u00e9si t\u00e9rk\u00e9p m\u00f3dos\u00edt\u00e1sai k\u00f6vetkezm\u00e9nyek\u00e9nt t\u00f6bb olyan Pest megyei telep\u00fcl\u00e9s is kiesik a t\u00e1mogat\u00e1si k\u00f6rb\u0151l, amelyek jelenleg kifejezetten kedveltek, \u00edgy p\u00e9ld\u00e1ul Buda\u00f6rs, Biatorb\u00e1gy, Dunakeszi, G\u00f6d, Mogyor\u00f3d, Szentendre, T\u00f6r\u00f6kb\u00e1lint.<br \/>\n    A k\u00f6zlem\u00e9ny id\u00e9zi Heged\u00fcs S\u00e1ndort, az RSM DTM Zrt. ad\u00f3\u00fczlet\u00e1g-vezet\u0151 partner\u00e9t, aki elmondta: k\u00fcl\u00f6n\u00f6sen a Pest Megye t\u00e9rs\u00e9g\u00e9ben, illetve Budapesten beruh\u00e1zni sz\u00e1nd\u00e9koz\u00f3k sz\u00e1m\u00e1ra javasolt m\u00e9g az el\u0151tt\u00fcnk \u00e1ll\u00f3 egy h\u00f3napot kihaszn\u00e1lni arra, hogy a fejleszt\u00e9si ad\u00f3kedvezm\u00e9ny ir\u00e1nti ig\u00e9ny\u00fcket bejelents\u00e9k a nemzetgazdas\u00e1gi t\u00e1rca fel\u00e9, hogy beruh\u00e1z\u00e1saikra ig\u00e9nybe tudj\u00e1k venni a kedvezm\u00e9nyt.<br \/>\n    Ismertet\u00e9s\u00fck szerint 4 r\u00e9gi\u00f3ban &#8211; \u00c9szak- Magyarorsz\u00e1g, \u00c9szak-Alf\u00f6ld, D\u00e9l-Alf\u00f6ld \u00e9s D\u00e9l-Dun\u00e1nt\u00fal r\u00e9gi\u00f3kban &#8211; nem lesz v\u00e1ltoz\u00e1s, tov\u00e1bbra is 50 sz\u00e1zal\u00e9kos m\u00e9rt\u00e9k\u0171 t\u00e1mogat\u00e1s \u00e9rv\u00e9nyes\u00edthet\u0151. A K\u00f6z\u00e9p-Dun\u00e1nt\u00fali r\u00e9gi\u00f3ban 40 sz\u00e1zal\u00e9kr\u00f3l 35 sz\u00e1zal\u00e9kra cs\u00f6kken, a Nyugat-Dun\u00e1nt\u00fal r\u00e9gi\u00f3ban 30 sz\u00e1zal\u00e9kr\u00f3l 25 sz\u00e1zal\u00e9kra cs\u00f6kken a fejleszt\u00e9si t\u00e1mogat\u00e1s intenzit\u00e1s\u00e1nak ar\u00e1nya.<br \/>\n    A kis- \u00e9s k\u00f6z\u00e9pv\u00e1llalkoz\u00e1sok \u00e1ltal megval\u00f3s\u00edtott beruh\u00e1z\u00e1sokat tov\u00e1bbra is k\u00fcl\u00f6n \u00f6szt\u00f6nzi a program, \u00edgy a t\u00e1mogat\u00e1si m\u00e9rt\u00e9kek kisv\u00e1llalatok eset\u00e9n 20, k\u00f6z\u00e9pv\u00e1llalkoz\u00e1sok eset\u00e9n 10 sz\u00e1zal\u00e9kponttal n\u00f6velhet\u0151k. Heged\u00fcs S\u00e1ndor szerint k\u00fcl\u00f6n\u00f6sen fontos lehet ez a K\u00f6z\u00e9p-Magyarorsz\u00e1g r\u00e9gi\u00f3 \u00fagynevezett nem t\u00e1mogatott ter\u00fclet\u00e9n, hiszen itt egy beny\u00fajtott k\u00e9pvisel\u0151i ind\u00edtv\u00e1ny alapj\u00e1n az indul\u00f3 beruh\u00e1z\u00e1sok is r\u00e9szes\u00fclhetnek, m\u00e9g ha korl\u00e1tozott m\u00e9rt\u00e9kben is, ad\u00f3kedvezm\u00e9nyben. Tov\u00e1bbi k\u00f6nny\u00edt\u00e9st jelenthet a m\u00f3dos\u00edt\u00f3 tervezet szerint a kis- \u00e9s k\u00f6z\u00e9pv\u00e1llalkoz\u00e1sok sz\u00e1m\u00e1ra, hogy az 500 milli\u00f3 forintot meghalad\u00f3 beruh\u00e1z\u00e1sok eset\u00e9n a kisv\u00e1llalkoz\u00e1sok sz\u00e1m\u00e1ra a kor\u00e1bbi 20-szal szemben el\u00e9g 10, m\u00edg a k\u00f6z\u00e9pv\u00e1llalkoz\u00e1soknak a kor\u00e1bbi 50 helyett 25 f\u0151vel n\u00f6velni a foglalkoztatottak \u00e1tlagos \u00e1llom\u00e1nyi l\u00e9tsz\u00e1m\u00e1t.<br \/>\n    Az 50 milli\u00f3 eur\u00f3s \u00e9rt\u00e9ket meghalad\u00f3 nagyberuh\u00e1z\u00e1s eset\u00e9n csak cs\u00f6kkentett m\u00e9rt\u00e9kben vehet\u0151 ig\u00e9nybe t\u00e1mogat\u00e1s, az 50 milli\u00f3 eur\u00f3 feletti r\u00e9szre a fenti t\u00e1mogat\u00e1si intenzit\u00e1sok 50 sz\u00e1zal\u00e9ka, m\u00edg a 100 milli\u00f3 eur\u00f3 feletti r\u00e9sz 34 sz\u00e1zal\u00e9ka a maxim\u00e1lis ar\u00e1ny. Az \u00fajonnan beny\u00fajtott javaslat szerint a nagyv\u00e1llalkoz\u00e1sok a K\u00f6z\u00e9p-Magyarorsz\u00e1g r\u00e9gi\u00f3 t\u00e1mogatott ter\u00fcletein is csak \u00fagynevezett \u00faj gazdas\u00e1gi tev\u00e9kenys\u00e9get eredm\u00e9nyez\u0151 indul\u00f3 beruh\u00e1z\u00e1shoz, tov\u00e1bb\u00e1 megl\u00e9v\u0151 l\u00e9tes\u00edtm\u00e9ny term\u00e9kk\u00edn\u00e1lat\u00e1nak kib\u0151v\u00edt\u00e9s\u00e9t eredm\u00e9nyez\u0151 beruh\u00e1z\u00e1shoz kapcsol\u00f3d\u00f3an vehetnek majd ig\u00e9nybe fejleszt\u00e9si ad\u00f3kedvezm\u00e9nyt &#8211; mondta Heged\u00fcs S\u00e1ndor.<br \/>\n    Mez\u0151gazdas\u00e1gi term\u00e9kek feldolgoz\u00e1s\u00e1t \u00e9s forgalmaz\u00e1s\u00e1t c\u00e9lz\u00f3 beruh\u00e1z\u00e1sok eset\u00e9n, a jelenlegi szab\u00e1lyok szerint 12 milli\u00f3 eur\u00f3t meghalad\u00f3 \u00e1llami t\u00e1mogat\u00e1s, illetve 25 milli\u00f3 eur\u00f3t meghalad\u00f3 elsz\u00e1molhat\u00f3 beruh\u00e1z\u00e1si k\u00f6lts\u00e9g felett csak a Bizotts\u00e1g egyedi j\u00f3v\u00e1hagy\u00e1sa alapj\u00e1n adhat\u00f3 tov\u00e1bbra is t\u00e1mogat\u00e1s.<br \/>\n    A t\u00e1mogat\u00e1si program alapvet\u0151 c\u00e9lja az uni\u00f3n bel\u00fcli egyenl\u0151tlens\u00e9gek cs\u00f6kkent\u00e9se, a h\u00e1tr\u00e1nyos helyzet\u0171 t\u00e9rs\u00e9gek fejl\u0151d\u00e9s\u00e9nek el\u0151seg\u00edt\u00e9s\u00e9vel. Az Eur\u00f3pai Bizotts\u00e1g ir\u00e1nymutat\u00e1sa szerint a tagorsz\u00e1gok azon r\u00e9gi\u00f3i jogosultak els\u0151dlegesen t\u00e1mogat\u00e1sra, amelyek egy f\u0151re jut\u00f3 GDP-je nem haladja meg az uni\u00f3s \u00e1tlag 75 sz\u00e1zal\u00e9k\u00e1t. Ezeken a ter\u00fcleteken \u00e9l Magyarorsz\u00e1g lakoss\u00e1g\u00e1nak t\u00f6bb mint k\u00e9tharmada. \u00c9szak-Magyarorsz\u00e1g, az Alf\u00f6ld, illetve D\u00e9l-Dun\u00e1nt\u00fal eset\u00e9n maradt a kiemelten magas, 50 sz\u00e1zal\u00e9kos m\u00e9rt\u00e9k\u0171 t\u00e1mogathat\u00f3s\u00e1g, mivel ott az egy f\u0151re jut\u00f3 GDP nem \u00e9ri el az uni\u00f3s \u00e1tlag 45 sz\u00e1zal\u00e9k\u00e1t sem. Lehet\u0151s\u00e9g van tov\u00e1bbi, viszonylag h\u00e1tr\u00e1nyos r\u00e9gi\u00f3k kijel\u00f6l\u00e9s\u00e9re is, amennyiben e t\u00e9rs\u00e9gek megfelelnek bizonyos felt\u00e9teleknek, vagy a teljes n\u00e9pess\u00e9gi ar\u00e1nyra vonatkoz\u00f3 korl\u00e1tnak. \u00cdgy juthatnak t\u00e1mogat\u00e1shoz \u00e9s egyben fejleszt\u00e9si ad\u00f3kedvezm\u00e9nyhez a K\u00f6z\u00e9p Magyarorsz\u00e1g r\u00e9gi\u00f3 kijel\u00f6lt telep\u00fcl\u00e9sei, illetve v\u00e1llalkoz\u00e1sai a 2014. j\u00falius elseje \u00e9s 2020. december 31-e k\u00f6z\u00f6tti id\u0151szakban &#8211; olvashat\u00f3 a k\u00f6zlem\u00e9nyben.(MTI)<\/p>\n","protected":false},"excerpt":{"rendered":"<p>J\u00falius elsej\u00e9t\u0151l az Eur\u00f3pai Bizotts\u00e1g \u00e1ltal a 2014-2020 k\u00f6z\u00f6tti id\u0151szakra j\u00f3v\u00e1hagyott tervek alapj\u00e1n cs\u00f6kken, illetve megsz\u0171nik a fejleszt\u00e9si ad\u00f3kedvezm\u00e9ny, illetve \u00e1llami t\u00e1mogat\u00e1s ig\u00e9nybev\u00e9tel\u00e9nek lehet\u0151s\u00e9ge bizonyos r\u00e9gi\u00f3kban &#8211; h\u00edvta fel a figyelmet az RSM DTM Hungary Ad\u00f3tan\u00e1csad\u00f3 \u00e9s P\u00e9nz\u00fcgyi Szolg\u00e1ltat\u00f3 Zrt. p\u00e9nteki k\u00f6zlem\u00e9nye.<\/p>\n","protected":false},"author":1,"featured_media":0,"comment_status":"open","ping_status":"closed","sticky":false,"template":"","format":"standard","meta":[],"categories":[20],"tags":[],"_links":{"self":[{"href":"https:\/\/gazdasagportal.hu\/index.php\/wp-json\/wp\/v2\/posts\/36539"}],"collection":[{"href":"https:\/\/gazdasagportal.hu\/index.php\/wp-json\/wp\/v2\/posts"}],"about":[{"href":"https:\/\/gazdasagportal.hu\/index.php\/wp-json\/wp\/v2\/types\/post"}],"author":[{"embeddable":true,"href":"https:\/\/gazdasagportal.hu\/index.php\/wp-json\/wp\/v2\/users\/1"}],"replies":[{"embeddable":true,"href":"https:\/\/gazdasagportal.hu\/index.php\/wp-json\/wp\/v2\/comments?post=36539"}],"version-history":[{"count":1,"href":"https:\/\/gazdasagportal.hu\/index.php\/wp-json\/wp\/v2\/posts\/36539\/revisions"}],"predecessor-version":[{"id":36540,"href":"https:\/\/gazdasagportal.hu\/index.php\/wp-json\/wp\/v2\/posts\/36539\/revisions\/36540"}],"wp:attachment":[{"href":"https:\/\/gazdasagportal.hu\/index.php\/wp-json\/wp\/v2\/media?parent=36539"}],"wp:term":[{"taxonomy":"category","embeddable":true,"href":"https:\/\/gazdasagportal.hu\/index.php\/wp-json\/wp\/v2\/categories?post=36539"},{"taxonomy":"post_tag","embeddable":true,"href":"https:\/\/gazdasagportal.hu\/index.php\/wp-json\/wp\/v2\/tags?post=36539"}],"curies":[{"name":"wp","href":"https:\/\/api.w.org\/{rel}","templated":true}]}}