{"id":36535,"date":"2014-06-06T14:21:26","date_gmt":"2014-06-06T12:21:26","guid":{"rendered":"http:\/\/stockportal.hu\/?p=36535"},"modified":"2014-06-06T14:21:26","modified_gmt":"2014-06-06T12:21:26","slug":"merkel-az-orosz-elnok-felelossegere-figyelmeztetett-a-rendezeseben","status":"publish","type":"post","link":"https:\/\/gazdasagportal.hu\/index.php\/merkel-az-orosz-elnok-felelossegere-figyelmeztetett-a-rendezeseben\/","title":{"rendered":"Merkel az orosz eln\u00f6k felel\u0151ss\u00e9g\u00e9re figyelmeztetett a rendez\u00e9s\u00e9ben"},"content":{"rendered":"<p><strong>Angela Merkel n\u00e9met kancell\u00e1r arra k\u00e9rte Vlagyimir Putyin orosz eln\u00f6k\u00f6t, hogy v\u00e1llalja a felel\u0151ss\u00e9g r\u00e1es\u0151 &#8222;nagy&#8221; r\u00e9sz\u00e9t az ukr\u00e1n v\u00e1ls\u00e1g rendez\u00e9s\u00e9ben &#8211; der\u00fcl ki a k\u00f6zlem\u00e9ny\u00e9b\u0151l, amelyet a k\u00e9t vezet\u0151 deauville-i tal\u00e1lkoz\u00f3ja ut\u00e1n tett k\u00f6zz\u00e9 a n\u00e9met f\u00e9l.<\/strong><!--more--><br \/>\n<div class=\"ads-in-post1\"><div id=\"gazdasagportal.hu_fullbanner_wideboard\"><\/div>\r\n<\/div>\n<p>    &#8222;A kancell\u00e1r kifejezte a meggy\u0151z\u0151d\u00e9s\u00e9t, hogy a nemzetk\u00f6zileg elismert (ukr\u00e1n) eln\u00f6kv\u00e1laszt\u00e1s ut\u00e1n elj\u00f6tt az id\u0151 a helyzet stabiliz\u00e1l\u00e1s\u00e1ra, k\u00fcl\u00f6n\u00f6sen Ukrajna keleti r\u00e9sz\u00e9n. Oroszorsz\u00e1gnak ezen a t\u00e9ren v\u00e1llalnia kell a nagy felel\u0151ss\u00e9g\u00e9t&#8221; &#8211; olvashat\u00f3 a k\u00f6zlem\u00e9nyben.<br \/>\n    Merkel \u00e9s Putyin csaknem egy\u00f3r\u00e1s megbesz\u00e9l\u00e9st folytatott a normandiai partrasz\u00e1ll\u00e1s hetvenedik \u00e9vfordul\u00f3j\u00e1n rendezett nemzetk\u00f6zi megeml\u00e9kez\u00e9s el\u0151tt, amelyre mindketten hivatalosak.(MTI)<\/p>\n","protected":false},"excerpt":{"rendered":"<p>Angela Merkel n\u00e9met kancell\u00e1r arra k\u00e9rte Vlagyimir Putyin orosz eln\u00f6k\u00f6t, hogy v\u00e1llalja a felel\u0151ss\u00e9g r\u00e1es\u0151 &#8222;nagy&#8221; r\u00e9sz\u00e9t az ukr\u00e1n v\u00e1ls\u00e1g rendez\u00e9s\u00e9ben &#8211; der\u00fcl ki a k\u00f6zlem\u00e9ny\u00e9b\u0151l, amelyet a k\u00e9t vezet\u0151 deauville-i tal\u00e1lkoz\u00f3ja ut\u00e1n tett k\u00f6zz\u00e9 a n\u00e9met f\u00e9l.<\/p>\n","protected":false},"author":1,"featured_media":0,"comment_status":"open","ping_status":"closed","sticky":false,"template":"","format":"standard","meta":[],"categories":[139],"tags":[],"_links":{"self":[{"href":"https:\/\/gazdasagportal.hu\/index.php\/wp-json\/wp\/v2\/posts\/36535"}],"collection":[{"href":"https:\/\/gazdasagportal.hu\/index.php\/wp-json\/wp\/v2\/posts"}],"about":[{"href":"https:\/\/gazdasagportal.hu\/index.php\/wp-json\/wp\/v2\/types\/post"}],"author":[{"embeddable":true,"href":"https:\/\/gazdasagportal.hu\/index.php\/wp-json\/wp\/v2\/users\/1"}],"replies":[{"embeddable":true,"href":"https:\/\/gazdasagportal.hu\/index.php\/wp-json\/wp\/v2\/comments?post=36535"}],"version-history":[{"count":1,"href":"https:\/\/gazdasagportal.hu\/index.php\/wp-json\/wp\/v2\/posts\/36535\/revisions"}],"predecessor-version":[{"id":36536,"href":"https:\/\/gazdasagportal.hu\/index.php\/wp-json\/wp\/v2\/posts\/36535\/revisions\/36536"}],"wp:attachment":[{"href":"https:\/\/gazdasagportal.hu\/index.php\/wp-json\/wp\/v2\/media?parent=36535"}],"wp:term":[{"taxonomy":"category","embeddable":true,"href":"https:\/\/gazdasagportal.hu\/index.php\/wp-json\/wp\/v2\/categories?post=36535"},{"taxonomy":"post_tag","embeddable":true,"href":"https:\/\/gazdasagportal.hu\/index.php\/wp-json\/wp\/v2\/tags?post=36535"}],"curies":[{"name":"wp","href":"https:\/\/api.w.org\/{rel}","templated":true}]}}