{"id":36450,"date":"2014-06-05T12:15:37","date_gmt":"2014-06-05T10:15:37","guid":{"rendered":"http:\/\/stockportal.hu\/?p=36450"},"modified":"2014-06-05T12:15:37","modified_gmt":"2014-06-05T10:15:37","slug":"nott-a-kiskereskedelmi-forgalom-az-eu-ban-es-az-euroovezetben-aprilisban","status":"publish","type":"post","link":"https:\/\/gazdasagportal.hu\/index.php\/nott-a-kiskereskedelmi-forgalom-az-eu-ban-es-az-euroovezetben-aprilisban\/","title":{"rendered":"N\u0151tt a kiskereskedelmi forgalom az EU-ban \u00e9s az eur\u00f3\u00f6vezetben \u00e1prilisban"},"content":{"rendered":"<p><strong>Az eur\u00f3\u00f6vezetben 0,4 sz\u00e1zal\u00e9kkal, az Eur\u00f3pai Uni\u00f3 eg\u00e9sz\u00e9ben 0,6 sz\u00e1zal\u00e9kkal b\u0151v\u00fclt a kiskereskedelmi forgalom \u00e1prilisban az el\u0151z\u0151 h\u00f3naphoz k\u00e9pest, m\u00edg az egy \u00e9vvel kor\u00e1bbival \u00f6sszevetve az eur\u00f3z\u00f3n\u00e1ban 2,4, az uni\u00f3 eg\u00e9sz\u00e9ben 3,4 sz\u00e1zal\u00e9kos n\u00f6veked\u00e9st m\u00e9rtek &#8211; k\u00f6z\u00f6lte az Eurostat, az uni\u00f3 statisztikai hivatala cs\u00fct\u00f6rt\u00f6k\u00f6n, nem v\u00e9gleges adatk\u00e9nt.<\/strong><!--more--><br \/>\n<div class=\"ads-in-post1\"><div id=\"gazdasagportal.hu_fullbanner_wideboard\"><\/div>\r\n<\/div>\n<p>    Az adatot szolg\u00e1ltat\u00f3 21 tag\u00e1llam k\u00f6z\u00fcl 15-ben n\u0151tt, 6-ban cs\u00f6kkent a kiskereskedelmi forgalom havi \u00f6sszevet\u00e9sben. M\u00e1rciushoz k\u00e9pest a legnagyobb n\u00f6veked\u00e9st, 2,5 sz\u00e1zal\u00e9kot Lettorsz\u00e1gban m\u00e9rt\u00e9k, Magyarorsz\u00e1gon 0,2 sz\u00e1zal\u00e9k volt a b\u0151v\u00fcl\u00e9s. A legnagyobb cs\u00f6kkent\u00e9s (3,2 sz\u00e1zal\u00e9k) Rom\u00e1ni\u00e1ban volt m\u00e1rciushoz viszony\u00edtva.<br \/>\n    A m\u00falt \u00e9v \u00e1prilis\u00e1val \u00f6sszehasonl\u00edtva 20 orsz\u00e1gban n\u0151tt \u00e9s csak egyben cs\u00f6kkent a kiskereskedelmi forgalom. Ez ut\u00f3bbi Portug\u00e1lia volt, ahol 0,4 sz\u00e1zal\u00e9kos forgalomcs\u00f6kken\u00e9st jegyeztek fel. A legjelent\u0151sebben, 10,5 sz\u00e1zal\u00e9kkal Lettorsz\u00e1gban n\u0151ttek az elad\u00e1sok \u00e1prilisban \u00e9ves szinten, amikor Magyarorsz\u00e1gon 6,6 sz\u00e1zal\u00e9kos b\u0151v\u00fcl\u00e9st regisztr\u00e1ltak.(MTI)<\/p>\n","protected":false},"excerpt":{"rendered":"<p>Az eur\u00f3\u00f6vezetben 0,4 sz\u00e1zal\u00e9kkal, az Eur\u00f3pai Uni\u00f3 eg\u00e9sz\u00e9ben 0,6 sz\u00e1zal\u00e9kkal b\u0151v\u00fclt a kiskereskedelmi forgalom \u00e1prilisban az el\u0151z\u0151 h\u00f3naphoz k\u00e9pest, m\u00edg az egy \u00e9vvel kor\u00e1bbival \u00f6sszevetve az eur\u00f3z\u00f3n\u00e1ban 2,4, az uni\u00f3 eg\u00e9sz\u00e9ben 3,4 sz\u00e1zal\u00e9kos n\u00f6veked\u00e9st m\u00e9rtek &#8211; k\u00f6z\u00f6lte az Eurostat, az uni\u00f3 statisztikai hivatala cs\u00fct\u00f6rt\u00f6k\u00f6n, nem v\u00e9gleges adatk\u00e9nt.<\/p>\n","protected":false},"author":1,"featured_media":0,"comment_status":"open","ping_status":"closed","sticky":false,"template":"","format":"standard","meta":[],"categories":[12],"tags":[],"_links":{"self":[{"href":"https:\/\/gazdasagportal.hu\/index.php\/wp-json\/wp\/v2\/posts\/36450"}],"collection":[{"href":"https:\/\/gazdasagportal.hu\/index.php\/wp-json\/wp\/v2\/posts"}],"about":[{"href":"https:\/\/gazdasagportal.hu\/index.php\/wp-json\/wp\/v2\/types\/post"}],"author":[{"embeddable":true,"href":"https:\/\/gazdasagportal.hu\/index.php\/wp-json\/wp\/v2\/users\/1"}],"replies":[{"embeddable":true,"href":"https:\/\/gazdasagportal.hu\/index.php\/wp-json\/wp\/v2\/comments?post=36450"}],"version-history":[{"count":1,"href":"https:\/\/gazdasagportal.hu\/index.php\/wp-json\/wp\/v2\/posts\/36450\/revisions"}],"predecessor-version":[{"id":36451,"href":"https:\/\/gazdasagportal.hu\/index.php\/wp-json\/wp\/v2\/posts\/36450\/revisions\/36451"}],"wp:attachment":[{"href":"https:\/\/gazdasagportal.hu\/index.php\/wp-json\/wp\/v2\/media?parent=36450"}],"wp:term":[{"taxonomy":"category","embeddable":true,"href":"https:\/\/gazdasagportal.hu\/index.php\/wp-json\/wp\/v2\/categories?post=36450"},{"taxonomy":"post_tag","embeddable":true,"href":"https:\/\/gazdasagportal.hu\/index.php\/wp-json\/wp\/v2\/tags?post=36450"}],"curies":[{"name":"wp","href":"https:\/\/api.w.org\/{rel}","templated":true}]}}