{"id":36356,"date":"2014-06-04T08:37:44","date_gmt":"2014-06-04T06:37:44","guid":{"rendered":"http:\/\/stockportal.hu\/?p=36356"},"modified":"2014-06-04T07:02:14","modified_gmt":"2014-06-04T05:02:14","slug":"a-jogbizonytalansag-felszamolasat-javasoljak-az-afa-ugyekben-az-adotanacsadok","status":"publish","type":"post","link":"https:\/\/gazdasagportal.hu\/index.php\/a-jogbizonytalansag-felszamolasat-javasoljak-az-afa-ugyekben-az-adotanacsadok\/","title":{"rendered":"A jogbizonytalans\u00e1g felsz\u00e1mol\u00e1s\u00e1t javasolj\u00e1k az \u00e1fa-\u00fcgyekben az ad\u00f3tan\u00e1csad\u00f3k"},"content":{"rendered":"<p><strong>Hi\u00e1ba d\u00f6nt\u00f6tt n\u00e9gy \u00fcgyben is a magyar ad\u00f3hat\u00f3s\u00e1g gyakorlata ellen az Eur\u00f3pai B\u00edr\u00f3s\u00e1g, a NAV elj\u00e1r\u00e1sa nem v\u00e1ltozott, \u00e9s jogi megold\u00e1s sem seg\u00edti az \u00e1f\u00e1val kapcsolatos bizonytalans\u00e1g megsz\u00fcntet\u00e9s\u00e9t<!--more--> &#8211; mondta Vad\u00e1sz Iv\u00e1n, a Magyar Ad\u00f3tan\u00e1csad\u00f3 \u00e9s K\u00f6nyvviteli Szolg\u00e1ltat\u00f3k Orsz\u00e1gos Egyes\u00fclet\u00e9nek aleln\u00f6ke, kedden sajt\u00f3t\u00e1j\u00e9koztat\u00f3n Budapesten.<br \/>\n<\/strong><br \/>\n<div class=\"ads-in-post1\"><div id=\"gazdasagportal.hu_fullbanner_wideboard\"><\/div>\r\n<\/div>\n    A belf\u00f6ldi ad\u00f3alanyok k\u00f6zti \u00fcgyekben tov\u00e1bbra is az objekt\u00edv felel\u0151ss\u00e9get alkalmazza a NAV, holott az Eur\u00f3pai B\u00edr\u00f3s\u00e1g megtiltotta azt, hogy a j\u00f3hiszem\u0171 elad\u00f3t\u00f3l megtagadja a hat\u00f3s\u00e1g az \u00e1fa-visszaig\u00e9nyl\u00e9st, az\u00e9rt, mert \u00fczleti partnere szab\u00e1lytalans\u00e1got k\u00f6vetett el. A nemzetk\u00f6zi \u00fcgyekben pedig nem tiszt\u00e1zott, hogy mik\u00e9ppen dokument\u00e1lhat\u00f3 az \u00e1runak az orsz\u00e1gb\u00f3l val\u00f3 kisz\u00e1ll\u00edt\u00e1sa, ehhez kellene jogszab\u00e1lyi eligaz\u00edt\u00e1s &#8211; tette hozz\u00e1 az aleln\u00f6k.<br \/>\n    Jancsa-P\u00e9k Judit, az egyes\u00fclet nemzetk\u00f6zi ad\u00f3tagozat\u00e1nak eln\u00f6ke nem vonta k\u00e9ts\u00e9gbe a nemzetk\u00f6zi \u00e1facsal\u00e1s t\u00e9ny\u00e9t &#8211; amikor az elvben k\u00fclf\u00f6ldre eladott \u00e1ru az orsz\u00e1gban marad, \u00e9s \u00e1fa megfizet\u00e9se n\u00e9lk\u00fcl ker\u00fcl forgalomba -, de nem lehet tudni, hogy a vev\u0151\u00e9rt val\u00f3 felel\u0151ss\u00e9g meddig terheli az elad\u00f3t.<br \/>\n    Az egyes\u00fclet aleln\u00f6ke bemutatta az Eurostat adat\u00e1t, amely szerint a magyar \u00e1rny\u00e9kgazdas\u00e1g s\u00falya 22-24 sz\u00e1zal\u00e9k, a brutt\u00f3 hazai term\u00e9khez (GDP) m\u00e9rten. A 2011-es adatok szerint az elm\u00e9leti \u00e1fabev\u00e9tel 12,3 milli\u00e1rd eur\u00f3 lett volna, ezzel szemben 8,5 milli\u00e1rd folyt be, a kies\u00e9s 3,7 milli\u00e1rd eur\u00f3.<br \/>\n    Zara L\u00e1szl\u00f3, az egyes\u00fclet eln\u00f6ke kifog\u00e1solta a tervezett k\u00f6telez\u0151 kamarai tags\u00e1got. A tagd\u00edj fej\u00e9ben &#8211; a tervezet szerint &#8211; a kamara olyan szolg\u00e1ltat\u00e1st ny\u00fajtana a tagjainak, amely a piaci szerepl\u0151ket h\u00e1tr\u00e1nyosan \u00e9rinten\u00e9. P\u00e9ldak\u00e9nt eml\u00edtette a k\u00f6nyvel\u00e9st \u00e9s az \u00fczleti tan\u00e1csad\u00e1st, amelyet ha \u00e1tv\u00e1llal a kamara, akkor az ilyen tev\u00e9kenys\u00e9get folytat\u00f3 tagjait hozn\u00e1 h\u00e1tr\u00e1nyos helyzetbe.<br \/>\n    Az eln\u00f6k v\u00e9lem\u00e9nye szerint az \u00f6nk\u00e9ntes szakmai test\u00fcletek jobban szolg\u00e1lj\u00e1k a l\u00e9trehoz\u00f3ik \u00e9rdekeit. A k\u00f6telez\u0151 kamarai tags\u00e1g az\u00e9rt sem \u00fcdv\u00f6z\u00f6lhet\u0151, mivel abban a nagy c\u00e9geknek t\u00f6bb szavazatuk lenne, \u00edgy a kis- \u00e9s k\u00f6z\u00e9pv\u00e1llalkoz\u00e1sok nem tudn\u00e1k \u00e9rv\u00e9nyes\u00edteni az \u00e9rdekeiket.(MTI)<\/p>\n","protected":false},"excerpt":{"rendered":"<p>Hi\u00e1ba d\u00f6nt\u00f6tt n\u00e9gy \u00fcgyben is a magyar ad\u00f3hat\u00f3s\u00e1g gyakorlata ellen az Eur\u00f3pai B\u00edr\u00f3s\u00e1g, a NAV elj\u00e1r\u00e1sa nem v\u00e1ltozott, \u00e9s jogi megold\u00e1s sem seg\u00edti az \u00e1f\u00e1val kapcsolatos bizonytalans\u00e1g megsz\u00fcntet\u00e9s\u00e9t<\/p>\n","protected":false},"author":1,"featured_media":0,"comment_status":"open","ping_status":"closed","sticky":false,"template":"","format":"standard","meta":[],"categories":[20],"tags":[],"_links":{"self":[{"href":"https:\/\/gazdasagportal.hu\/index.php\/wp-json\/wp\/v2\/posts\/36356"}],"collection":[{"href":"https:\/\/gazdasagportal.hu\/index.php\/wp-json\/wp\/v2\/posts"}],"about":[{"href":"https:\/\/gazdasagportal.hu\/index.php\/wp-json\/wp\/v2\/types\/post"}],"author":[{"embeddable":true,"href":"https:\/\/gazdasagportal.hu\/index.php\/wp-json\/wp\/v2\/users\/1"}],"replies":[{"embeddable":true,"href":"https:\/\/gazdasagportal.hu\/index.php\/wp-json\/wp\/v2\/comments?post=36356"}],"version-history":[{"count":1,"href":"https:\/\/gazdasagportal.hu\/index.php\/wp-json\/wp\/v2\/posts\/36356\/revisions"}],"predecessor-version":[{"id":36357,"href":"https:\/\/gazdasagportal.hu\/index.php\/wp-json\/wp\/v2\/posts\/36356\/revisions\/36357"}],"wp:attachment":[{"href":"https:\/\/gazdasagportal.hu\/index.php\/wp-json\/wp\/v2\/media?parent=36356"}],"wp:term":[{"taxonomy":"category","embeddable":true,"href":"https:\/\/gazdasagportal.hu\/index.php\/wp-json\/wp\/v2\/categories?post=36356"},{"taxonomy":"post_tag","embeddable":true,"href":"https:\/\/gazdasagportal.hu\/index.php\/wp-json\/wp\/v2\/tags?post=36356"}],"curies":[{"name":"wp","href":"https:\/\/api.w.org\/{rel}","templated":true}]}}