{"id":36347,"date":"2014-06-04T04:04:16","date_gmt":"2014-06-04T02:04:16","guid":{"rendered":"http:\/\/stockportal.hu\/?p=36347"},"modified":"2014-06-03T21:33:51","modified_gmt":"2014-06-03T19:33:51","slug":"az-origo-foszerkesztojenek-levaltasa-miatt-tuntettek-a-fovarosban","status":"publish","type":"post","link":"https:\/\/gazdasagportal.hu\/index.php\/az-origo-foszerkesztojenek-levaltasa-miatt-tuntettek-a-fovarosban\/","title":{"rendered":"Az Origo f\u0151szerkeszt\u0151j\u00e9nek lev\u00e1lt\u00e1sa miatt t\u00fcntettek a f\u0151v\u00e1rosban"},"content":{"rendered":"<p><strong>Az Origo h\u00edrport\u00e1l f\u0151szerkeszt\u0151j\u00e9nek lev\u00e1lt\u00e1sa miatt t\u00fcntettek kedd d\u00e9lut\u00e1n Budapesten.<\/strong><!--more--><br \/>\n<div class=\"ads-in-post1\"><div id=\"gazdasagportal.hu_fullbanner_wideboard\"><\/div>\r\n<\/div>\n<p>    A Kett\u0151s M\u00e9rce blog \u00e1ltal szervezett demonstr\u00e1ci\u00f3 r\u00e9sztvev\u0151i az Origo szerkeszt\u0151s\u00e9ge el\u0151tt, a VII. ker\u00fcleti Dob utc\u00e1ban gy\u00fclekeztek, ahol megafonon felolvast\u00e1k n\u00e9gy h\u00edrport\u00e1lnak, az Indexnek, a 444-nek, az \u00c1tl\u00e1tsz\u00f3nak \u00e9s az Orig\u00f3nak az \u00e1ll\u00e1sfoglal\u00e1s\u00e1t, amelyben ki\u00e1lltak a sajt\u00f3szabads\u00e1g\u00e9rt.<br \/>\n    A t\u00fcntet\u0151k a Kossuth Lajos t\u00e9rre, a Minisztereln\u00f6ks\u00e9ghez vonultak a Ter\u00e9z k\u00f6r\u00fat-Bajcsy-Zsilinszky \u00fat-Alkotm\u00e1ny utca \u00fatvonalon. A rend\u0151rs\u00e9g biztos\u00edtotta a menetet, az \u00fatvonalon sz\u00fcnetelt a k\u00f6zleked\u00e9s. Amikor az \u00e9len vonul\u00f3k elhagyt\u00e1k a Nyugati teret, a t\u00fcntet\u0151 csoport v\u00e9ge akkor volt a Podmaniczky utc\u00e1n\u00e1l.<br \/>\n    A demonstr\u00e1ci\u00f3n t\u00f6bben is azt hangoztatt\u00e1k, hogy L\u00e1z\u00e1r J\u00e1nos Minisztereln\u00f6ks\u00e9get vezet\u0151 \u00e1llamtitk\u00e1r nyom\u00e1s\u00e1ra t\u00e1vol\u00edtott\u00e1k el a h\u00edrport\u00e1l \u00e9l\u00e9r\u0151l S\u00e1ling Gerg\u0151t, a t\u00fcntet\u0151k a &#8222;szabad orsz\u00e1g, szabad m\u00e9dia&#8221; rigmust skand\u00e1lt\u00e1k.<br \/>\n    A vonul\u00f3 t\u00f6meget a Kossuth Lajos t\u00e9ren tov\u00e1bbi n\u00e9h\u00e1ny sz\u00e1z szimpatiz\u00e1ns fogadta. A szervez\u0151k megk\u00f6sz\u00f6nt\u00e9k a r\u00e9sztvev\u0151knek, hogy szolidarit\u00e1sukr\u00f3l biztos\u00edtott\u00e1k az Origo szerkeszt\u0151s\u00e9g\u00e9t, \u00e9s ki\u00e1lltak a sajt\u00f3szabads\u00e1g\u00e9rt, majd a demonstr\u00e1ci\u00f3 a himnusz el\u00e9nekl\u00e9s\u00e9vel \u00e9rt v\u00e9get.<br \/>\n    Az Origo Zrt. kedd reggeli t\u00e1j\u00e9koztat\u00e1sa szerint a c\u00e9g a v\u00e1ltoz\u00f3 m\u00e9diafogyaszt\u00e1si szok\u00e1sokhoz alkalmazkodva nagyobb hangs\u00falyt akar fektetni az integr\u00e1lt tartalom-el\u0151\u00e1ll\u00edt\u00e1s strat\u00e9gi\u00e1j\u00e1nak megval\u00f3s\u00edt\u00e1s\u00e1ra, ez\u00e9rt \u00e1tszervezi az eddigi tartalomir\u00e1ny\u00edt\u00e1si szervezet\u00e9t. S\u00e1ling Gerg\u0151 f\u0151szerkeszt\u0151 k\u00f6z\u00f6s megegyez\u00e9ssel t\u00e1vozott a posztj\u00e1r\u00f3l, ut\u00f3da P\u00e1lmai L. \u00c1kos lett, aki egyben az Origo Zrt. TV \u00e9s webvide\u00f3 \u00fczlet\u00e1g\u00e1nak vezet\u0151je.<br \/>\n    A h\u00edrport\u00e1l szerkeszt\u0151s\u00e9ge ugyanakkor k\u00f6zlem\u00e9nyben \u00e1llt ki eddigi vezet\u0151je mellett. Eszerint a szerkeszt\u0151s\u00e9g nem \u00e9rt egyet S\u00e1ling Gerg\u0151 lev\u00e1lt\u00e1s\u00e1val, &#8222;a szerkeszt\u0151s\u00e9g \u00e9let\u00e9t, a lap ir\u00e1nyvonal\u00e1t befoly\u00e1sol\u00f3 d\u00f6nt\u00e9sn\u00e9l, illetve az \u00faj f\u0151szerkeszt\u0151 kiv\u00e1laszt\u00e1s\u00e1n\u00e1l a szerkeszt\u0151s\u00e9g v\u00e9lem\u00e9ny\u00e9t nem vett\u00e9k figyelembe. A jelenlegi helyzetben az Origo szerkeszt\u0151s\u00e9ge nem l\u00e1tja biztos\u00edtottnak, hogy az eddigi munk\u00e1j\u00e1t tov\u00e1bbra is folytassa&#8221; &#8211; tett\u00e9k hozz\u00e1.<br \/>\n    T\u00f6bb h\u00edrport\u00e1l k\u00f6zben arr\u00f3l \u00edrt, hogy politikai nyom\u00e1s miatt kellett t\u00e1voznia a f\u0151szerkeszt\u0151nek. A Magyar \u00dajs\u00e1g\u00edr\u00f3k Orsz\u00e1gos Sz\u00f6vets\u00e9g\u00e9nek eln\u00f6ks\u00e9ge pedig k\u00f6zlem\u00e9nyben tiltakozott a f\u0151szerkeszt\u0151 lev\u00e1lt\u00e1sa ellen, amely szerint\u00fck \u00fczenet a f\u00fcggetlen nyilv\u00e1noss\u00e1gnak. &#8222;A hatalom, amely a k\u00f6zvetlen befoly\u00e1sa al\u00e1 nem tartoz\u00f3 m\u00e9di\u00e1t megf\u00e9leml\u00edteni, elhallgattatni igyekszik, demokr\u00e1ci\u00e1ban elfogadhatatlan&#8221; &#8211; \u00edrt\u00e1k.<br \/>\n    Az Origo Zrt. k\u00f6zlem\u00e9nyben utas\u00edtotta vissza, hogy a f\u0151szerkeszt\u0151v\u00e1lt\u00e1s m\u00f6g\u00f6tt &#8222;b\u00e1rmilyen politikai ok vagy nyom\u00e1sgyakorl\u00e1s&#8221; h\u00faz\u00f3dna meg. Az Origo Zrt. tulajdonosa a Magyar Telekom.(MTI)<\/p>\n","protected":false},"excerpt":{"rendered":"<p>Az Origo h\u00edrport\u00e1l f\u0151szerkeszt\u0151j\u00e9nek lev\u00e1lt\u00e1sa miatt t\u00fcntettek kedd d\u00e9lut\u00e1n Budapesten.<\/p>\n","protected":false},"author":1,"featured_media":0,"comment_status":"open","ping_status":"closed","sticky":false,"template":"","format":"standard","meta":[],"categories":[48],"tags":[],"_links":{"self":[{"href":"https:\/\/gazdasagportal.hu\/index.php\/wp-json\/wp\/v2\/posts\/36347"}],"collection":[{"href":"https:\/\/gazdasagportal.hu\/index.php\/wp-json\/wp\/v2\/posts"}],"about":[{"href":"https:\/\/gazdasagportal.hu\/index.php\/wp-json\/wp\/v2\/types\/post"}],"author":[{"embeddable":true,"href":"https:\/\/gazdasagportal.hu\/index.php\/wp-json\/wp\/v2\/users\/1"}],"replies":[{"embeddable":true,"href":"https:\/\/gazdasagportal.hu\/index.php\/wp-json\/wp\/v2\/comments?post=36347"}],"version-history":[{"count":1,"href":"https:\/\/gazdasagportal.hu\/index.php\/wp-json\/wp\/v2\/posts\/36347\/revisions"}],"predecessor-version":[{"id":36348,"href":"https:\/\/gazdasagportal.hu\/index.php\/wp-json\/wp\/v2\/posts\/36347\/revisions\/36348"}],"wp:attachment":[{"href":"https:\/\/gazdasagportal.hu\/index.php\/wp-json\/wp\/v2\/media?parent=36347"}],"wp:term":[{"taxonomy":"category","embeddable":true,"href":"https:\/\/gazdasagportal.hu\/index.php\/wp-json\/wp\/v2\/categories?post=36347"},{"taxonomy":"post_tag","embeddable":true,"href":"https:\/\/gazdasagportal.hu\/index.php\/wp-json\/wp\/v2\/tags?post=36347"}],"curies":[{"name":"wp","href":"https:\/\/api.w.org\/{rel}","templated":true}]}}