{"id":36342,"date":"2014-06-03T14:28:39","date_gmt":"2014-06-03T12:28:39","guid":{"rendered":"http:\/\/stockportal.hu\/?p=36342"},"modified":"2014-06-03T14:28:39","modified_gmt":"2014-06-03T12:28:39","slug":"admiral-markets-heti-kitekintes-2014-06-03","status":"publish","type":"post","link":"https:\/\/gazdasagportal.hu\/index.php\/admiral-markets-heti-kitekintes-2014-06-03\/","title":{"rendered":"Admiral Markets &#8211; Heti Kitekint\u00e9s 2014.06.03."},"content":{"rendered":"<p><strong>M\u00e9rs\u00e9kelt s\u00fcllyed\u00e9ssel z\u00e1rt\u00e1k a h\u00e9t els\u0151 napj\u00e1t az Apple r\u00e9szv\u00e9nyei, miut\u00e1n a befektet\u0151k enyhe<br \/>\ncsal\u00f3d\u00e1ssal vett\u00e9k tudom\u00e1sul, hogy a v\u00e1rva-v\u00e1rt okos\u00f3ra \u00e9s iTV bemutat\u00e1sa egyel\u0151re v\u00e1rat m\u00e9g<br \/>\nmag\u00e1ra.<\/strong><!--more--><br \/>\n<div class=\"ads-in-post1\"><div id=\"gazdasagportal.hu_fullbanner_wideboard\"><\/div>\r\n<\/div>\n<ul>\n<li>M\u00e9rs\u00e9kelt s\u00fcllyed\u00e9ssel z\u00e1rt\u00e1k a h\u00e9t els\u0151 napj\u00e1t az Apple r\u00e9szv\u00e9nyei, miut\u00e1n a befektet\u0151k enyhe\u00a0csal\u00f3d\u00e1ssal vett\u00e9k tudom\u00e1sul, hogy a v\u00e1rva-v\u00e1rt okos\u00f3ra \u00e9s iTV bemutat\u00e1sa egyel\u0151re v\u00e1rat m\u00e9g\u00a0mag\u00e1ra. A k\u00f6telez\u0151 asztali- \u00e9s mobileszk\u00f6z\u00f6k \u00e1ltal haszn\u00e1lt oper\u00e1ci\u00f3srendszer friss\u00edt\u00e9sek mellett\u00a0azonban az Apple fejleszt\u0151i konferenci\u00e1ja tov\u00e1bbi izgalmas \u00fajdons\u00e1gokat hozott, ez\u00fattal szoftver\u00a0oldalon.<\/li>\n<\/ul>\n<p>&nbsp;<\/p>\n<ul>\n<li>A t\u00e1rsas\u00e1g HomeKit n\u00e9ven \u00faj funkcionalit\u00e1ssal l\u00e1tja majd el az \u00faj, most bemutatott mobil\u00a0oper\u00e1ci\u00f3srendszert (iOS8), amellyel az iPhone-tulajdonosok sz\u00e1m\u00e1ra megny\u00edlik az \u00fat\u00a0a gar\u00e1zsajt\u00f3k-, villanyk\u00f6rt\u00e9k- \u00e9s egy\u00e9b m\u00e1s, az Apple term\u00e9kekkel egy\u00fcttm\u0171k\u00f6dni k\u00e9pes okoseszk\u00f6z\u00f6k\u00a0integr\u00e1lt haszn\u00e1lata el\u0151tt. \u00cdgy b\u00e1r k\u00e9rd\u00e9ses, hogy a csup\u00e1n a fejleszt\u00e9s hat\u00e1s\u00e1ra a t\u00e1rsas\u00e1g\u00a0bev\u00e9teleinek oroszl\u00e1nr\u00e9sz\u00e9t kitev\u0151 iPhone elad\u00e1sok tov\u00e1bb k\u00faszhatnak-e felfel\u00e9; ugyanakkor a vil\u00e1g\u00a0ism\u00e9t tett egy b\u00e1tortalan l\u00e9p\u00e9st a megval\u00f3sult Jetson csal\u00e1d fel\u00e9: mi pedig nagyon v\u00e1rjuk m\u00e1r a\u00a0gombnyom\u00e1sra elmosogat\u00f3, kicsit dadog\u00f3 robotvil\u00e1got, le sem tagadhatn\u00e1nk.<\/li>\n<\/ul>\n<p>&nbsp;<\/p>\n<ul>\n<li>A h\u00e9t legink\u00e1bb v\u00e1rt esem\u00e9nye az Eur\u00f3pai K\u00f6zponti Bank cs\u00fct\u00f6rt\u00f6ki \u00fcl\u00e9se lesz: a piaci szerepl\u0151k\u00a0imm\u00e1r nagy val\u00f3sz\u00edn\u0171s\u00e9ggel arra sz\u00e1m\u00edtanak, hogy az EKB egy \u00fajabb kamatcs\u00f6kkent\u00e9s mellett a\u00a0bet\u00e9ti r\u00e1t\u00e1n is cs\u00f6kkentene majd, amellyel az negat\u00edv tartom\u00e1nyba s\u00fcllyedne. Mindemellet nem kiz\u00e1rt,\u00a0hogy egy\u00e9b, m\u00e1s hitelez\u00e9st serkent\u0151 eszk\u00f6zt is bevethetnek a jegybank\u00e1rok, b\u00e1r a fenti lehet\u0151s\u00e9gek\u00a0egyedi kombin\u00e1ci\u00f3ja is elk\u00e9pzelhet\u0151. Az EUR\/USD grafikonj\u00e1ra pillantva l\u00e1that\u00f3, hogy az \u00e1rfolyam\u00a0imm\u00e1r az 1,36-os szint alatt z\u00e1rt be; \u00e9s b\u00e1r a trend val\u00f3ban lefel\u00e9 mutat, a h\u00e9t m\u00e1sodik fel\u00e9ben az EKB\u00a0kamatd\u00f6nt\u00e9se mellett fontos munkaer\u0151piaci adatsorok \u00e9rkeznek majd az Egyes\u00fclt \u00c1llamokb\u00f3l is, \u00edgy\u00a0aj\u00e1nlott n\u00e9mi \u00f3vatoss\u00e1g az \u00faj poz\u00edci\u00f3k felv\u00e9tele el\u0151tt.<\/li>\n<\/ul>\n<p>&nbsp;<\/p><div id=\"gazda-2054936472\" class=\"gazda-tartalomban gazda-entity-placement\"><script async src=\"https:\/\/pagead2.googlesyndication.com\/pagead\/js\/adsbygoogle.js\"><\/script>\r\n<ins class=\"adsbygoogle\"\r\n     style=\"display:block\"\r\n     data-ad-format=\"fluid\"\r\n     data-ad-layout-key=\"-6t+ed+2i-1n-4w\"\r\n     data-ad-client=\"ca-pub-1959107119989764\"\r\n     data-ad-slot=\"4008251320\"><\/ins>\r\n<script>\r\n     (adsbygoogle = window.adsbygoogle || []).push({});\r\n<\/script><\/div>\n<ul>\n<li>M\u00edg az elm\u00falt h\u00e9t folyam\u00e1n a s\u00e1rga nemesf\u00e9m kurzusa igen jelent\u0151s m\u00ednuszokat k\u00f6nyvelhetett el,\u00a0addig az el\u0151tt\u00fcnk \u00e1ll\u00f3 n\u00e9h\u00e1ny nap folyam\u00e1n az arany mellett \u00e9rdemes lesz f\u00e9l szemmel az ez\u00fcst\u00a0\u00e1rfolyam\u00e1t is nyomon k\u00f6vetni. Az ez\u00fcst hosszabb t\u00e1v\u00fa, heti b\u00e1zis\u00fa grafikonj\u00e1t megvizsg\u00e1lva egy\u00a0sz\u0171k\u00fcl\u0151 h\u00e1romsz\u00f6g alakzat t\u00e1rul el\u00e9nk: a form\u00e1ci\u00f3 als\u00f3 trendvonal\u00e1t pedig a h\u00e9t\u0151i keresked\u00e9sben meg\u00a0is tesztelte az \u00e1rfolyam. A tov\u00e1bbiakban, amennyiben a 18,65$-os horizont\u00e1lis t\u00e1masz sziginifik\u00e1ns\u00a0m\u00f3don let\u00f6r\u00e9sre ker\u00fcl: abban az esetben nem kiz\u00e1rhat\u00f3, hogy az ez\u00fcst \u00e1rfolyam\u00e1ra ak\u00e1r tov\u00e1bb\u00a0lejtmenet v\u00e1r majd.<\/li>\n<\/ul>\n","protected":false},"excerpt":{"rendered":"<p>M\u00e9rs\u00e9kelt s\u00fcllyed\u00e9ssel z\u00e1rt\u00e1k a h\u00e9t els\u0151 napj\u00e1t az Apple r\u00e9szv\u00e9nyei, miut\u00e1n a befektet\u0151k enyhe csal\u00f3d\u00e1ssal vett\u00e9k tudom\u00e1sul, hogy a v\u00e1rva-v\u00e1rt okos\u00f3ra \u00e9s iTV bemutat\u00e1sa egyel\u0151re v\u00e1rat m\u00e9g mag\u00e1ra.<\/p>\n","protected":false},"author":1,"featured_media":33780,"comment_status":"open","ping_status":"closed","sticky":false,"template":"","format":"standard","meta":[],"categories":[146,19],"tags":[],"_links":{"self":[{"href":"https:\/\/gazdasagportal.hu\/index.php\/wp-json\/wp\/v2\/posts\/36342"}],"collection":[{"href":"https:\/\/gazdasagportal.hu\/index.php\/wp-json\/wp\/v2\/posts"}],"about":[{"href":"https:\/\/gazdasagportal.hu\/index.php\/wp-json\/wp\/v2\/types\/post"}],"author":[{"embeddable":true,"href":"https:\/\/gazdasagportal.hu\/index.php\/wp-json\/wp\/v2\/users\/1"}],"replies":[{"embeddable":true,"href":"https:\/\/gazdasagportal.hu\/index.php\/wp-json\/wp\/v2\/comments?post=36342"}],"version-history":[{"count":1,"href":"https:\/\/gazdasagportal.hu\/index.php\/wp-json\/wp\/v2\/posts\/36342\/revisions"}],"predecessor-version":[{"id":36343,"href":"https:\/\/gazdasagportal.hu\/index.php\/wp-json\/wp\/v2\/posts\/36342\/revisions\/36343"}],"wp:featuredmedia":[{"embeddable":true,"href":"https:\/\/gazdasagportal.hu\/index.php\/wp-json\/wp\/v2\/media\/33780"}],"wp:attachment":[{"href":"https:\/\/gazdasagportal.hu\/index.php\/wp-json\/wp\/v2\/media?parent=36342"}],"wp:term":[{"taxonomy":"category","embeddable":true,"href":"https:\/\/gazdasagportal.hu\/index.php\/wp-json\/wp\/v2\/categories?post=36342"},{"taxonomy":"post_tag","embeddable":true,"href":"https:\/\/gazdasagportal.hu\/index.php\/wp-json\/wp\/v2\/tags?post=36342"}],"curies":[{"name":"wp","href":"https:\/\/api.w.org\/{rel}","templated":true}]}}