{"id":36340,"date":"2014-06-03T17:39:27","date_gmt":"2014-06-03T15:39:27","guid":{"rendered":"http:\/\/stockportal.hu\/?p=36340"},"modified":"2014-06-03T14:37:09","modified_gmt":"2014-06-03T12:37:09","slug":"manpower-egyre-jobban-veszelyezteti-a-versenykepesseget-a-szakemberhiany-magyarorszagon","status":"publish","type":"post","link":"https:\/\/gazdasagportal.hu\/index.php\/manpower-egyre-jobban-veszelyezteti-a-versenykepesseget-a-szakemberhiany-magyarorszagon\/","title":{"rendered":"Manpower: egyre jobban vesz\u00e9lyezteti a versenyk\u00e9pess\u00e9get a szakemberhi\u00e1ny Magyarorsz\u00e1gon"},"content":{"rendered":"<p><strong>B\u00e1r a szakemberhi\u00e1ny vil\u00e1gszerte egyre n\u0151, a magyar munkaad\u00f3k k\u00f6r\u00e9ben v\u00e9gzett felm\u00e9r\u00e9s szerint itthon a glob\u00e1lis \u00e1tlagn\u00e1l j\u00f3val nehezebb megfelel\u0151 munkaer\u0151t tal\u00e1lni: Magyarorsz\u00e1gon a munkaad\u00f3k 45 sz\u00e1zal\u00e9ka, m\u00edg vil\u00e1gszerte 36 sz\u00e1zal\u00e9ka panaszkodott a szakemberhi\u00e1nyra &#8211; der\u00fcl ki a Manpower munkaer\u0151-piaci szolg\u00e1ltat\u00f3 legfrissebb felm\u00e9r\u00e9s\u00e9b\u0151l, amelynek eredm\u00e9nyeit kedden juttatta el az MTI-nek.<\/strong><!--more--><br \/>\n<div class=\"ads-in-post1\"><div id=\"gazdasagportal.hu_fullbanner_wideboard\"><\/div>\r\n<\/div>\n<p>    A ManpowerGroup \u00c9ves Tehets\u00e9g Felm\u00e9r\u00e9s\u00e9ben 42 orsz\u00e1g t\u00f6bb mint 37 000 munkaad\u00f3j\u00e1nak bevon\u00e1s\u00e1val azt vizsg\u00e1lta, hogy a v\u00e1llalatok h\u00e1ny sz\u00e1zal\u00e9k\u00e1nak okoz probl\u00e9m\u00e1t nyitott poz\u00edci\u00f3ik bet\u00f6lt\u00e9se, tov\u00e1bb\u00e1 melyek a legnehezebben bet\u00f6lthet\u0151 munkak\u00f6r\u00f6k. Kider\u00fclt, hogy vil\u00e1gszerte a tavalyi \u00e9vhez k\u00e9pest egy sz\u00e1zal\u00e9kponttal n\u00f6vekedett azon c\u00e9gek ar\u00e1nya, amelyek toborz\u00e1skor neh\u00e9zs\u00e9gekbe \u00fctk\u00f6znek. Ez az ar\u00e1ny a magyarorsz\u00e1gi felm\u00e9r\u00e9sek t\u00f6rt\u00e9net\u00e9ben rekordnak sz\u00e1m\u00edt, \u00e9s mik\u00f6zben a glob\u00e1lis adat mind\u00f6ssze 1 sz\u00e1zal\u00e9kponttal emelkedett a tavaly m\u00e9rthez k\u00e9pest, Magyarorsz\u00e1gon 10 sz\u00e1zal\u00e9kpontos az emelked\u00e9s &#8211; \u00edrt\u00e1k.<br \/>\n    A tehets\u00e9ghi\u00e1nyra panaszkod\u00f3 magyar munkaad\u00f3k t\u00f6bb mint fele szerint a megfelel\u0151 munkaer\u0151 hi\u00e1nya a versenyk\u00e9pess\u00e9g, termel\u00e9kenys\u00e9g cs\u00f6kken\u00e9s\u00e9hez vezet. M\u00edg tavaly a megk\u00e9rdezettek 45 sz\u00e1zal\u00e9ka nyilatkozott \u00edgy, az id\u00e9n ez az ar\u00e1ny 51 sz\u00e1zal\u00e9kra emelkedett.<br \/>\n    A k\u00f6zlem\u00e9ny id\u00e9zi Kiss Juditot, a ManpowerGroup magyarorsz\u00e1gi \u00fcgyvezet\u0151 igazgat\u00f3j\u00e1t, aki elmondta: fel kell k\u00e9sz\u00fclni arra, hogy a glob\u00e1lis verseny a j\u00f6v\u0151ben tov\u00e1bb \u00e9lesedik a tehets\u00e9gek\u00e9rt, ez\u00e9rt a munkaer\u0151-piaci ig\u00e9nyekhez alkalmazkod\u00f3 oktat\u00e1snak \u00e9s k\u00e9pz\u00e9snek minden eddigin\u00e9l nagyobb jelent\u0151s\u00e9ge van.<br \/>\n    A Manpower felm\u00e9r\u00e9se szerint 2014-ben Magyarorsz\u00e1gon a t\u00edz legnehezebben bet\u00f6lthet\u0151 munkak\u00f6r k\u00f6z\u00f6tt els\u0151 helyen \u00e1ll a szakmunk\u00e1s, majd a csoportvezet\u0151, a m\u00e9rn\u00f6k, a sof\u0151r, \u00e9s a vend\u00e9gl\u00e1t\u00f3ipari dolgoz\u00f3 k\u00f6veti. A hatodik legnehezebben bet\u00f6lthet\u0151 \u00e1ll\u00e1s az orvosok\u00e9, ut\u00e1na az \u00e9rt\u00e9kes\u00edt\u0151, a k\u00f6nyvel\u0151 \u00e9s p\u00e9nz\u00fcgyi szakember, a g\u00e9pkezel\u0151 illetve az informatikus szerepel.<br \/>\n    A magyar munkaad\u00f3k 46 sz\u00e1zal\u00e9ka nyilatkozott \u00fagy, hogy a megfelel\u0151 munkaer\u0151 hi\u00e1nya nagy, vagy k\u00f6zepes hat\u00e1ssal van az \u00fcgyf\u00e9lkiszolg\u00e1l\u00e1sra. Ezen bel\u00fcl 19 sz\u00e1zal\u00e9k v\u00e1laszolta azt, hogy kifejezetten nagy hat\u00e1ssal van a szakemberhi\u00e1ny a t\u00e1rsas\u00e1g m\u0171k\u00f6d\u00e9s\u00e9re. Annak ellen\u00e9re, hogy \u00e9rz\u00e9kelik a szakemberhi\u00e1nyt, megl\u00e9v\u0151 munkak\u00f6reiket nem tudj\u00e1k bet\u00f6lteni, a c\u00e9gek 33 sz\u00e1zal\u00e9ka \u00fagy v\u00e9li, hogy a megfelel\u0151 munkaer\u0151 hi\u00e1nya nem okoz probl\u00e9m\u00e1t a mindennapi m\u0171k\u00f6d\u00e9sben.<br \/>\n    Arra a k\u00e9rd\u00e9sre, hogy milyen m\u00f3don \u00e9rinti a szakemberhi\u00e1ny a v\u00e1llalat\u00e1t, Magyarorsz\u00e1gon az \u00fcgyf\u00e9lkiszolg\u00e1l\u00e1si k\u00e9pess\u00e9g cs\u00f6kken\u00e9s\u00e9t a v\u00e1laszad\u00f3k 56 sz\u00e1zal\u00e9ka eml\u00edtette, a versenyk\u00e9pess\u00e9g, produktivit\u00e1s cs\u00f6kken\u00e9s\u00e9r\u0151l 51 sz\u00e1zal\u00e9k sz\u00e1molt be.<br \/>\n    A munkaer\u0151 forr\u00e1sok b\u0151v\u00edt\u00e9s\u00e9nek legn\u00e9pszer\u0171bb megold\u00e1sa Magyarorsz\u00e1gon a toborz\u00e1s kiterjeszt\u00e9se \u00faj c\u00e9lcsoportokra, a c\u00e9gek 26 sz\u00e1zal\u00e9ka szerint, 22 sz\u00e1zal\u00e9k a p\u00e1lyakezd\u0151kben b\u00edzik, m\u00edg 17 sz\u00e1zal\u00e9k az oktat\u00e1si int\u00e9zm\u00e9nyekkel val\u00f3 egy\u00fcttm\u0171k\u00f6d\u00e9st v\u00e1lasztja.(MTI)<\/p>\n","protected":false},"excerpt":{"rendered":"<p>B\u00e1r a szakemberhi\u00e1ny vil\u00e1gszerte egyre n\u0151, a magyar munkaad\u00f3k k\u00f6r\u00e9ben v\u00e9gzett felm\u00e9r\u00e9s szerint itthon a glob\u00e1lis \u00e1tlagn\u00e1l j\u00f3val nehezebb megfelel\u0151 munkaer\u0151t tal\u00e1lni: Magyarorsz\u00e1gon a munkaad\u00f3k 45 sz\u00e1zal\u00e9ka, m\u00edg vil\u00e1gszerte 36 sz\u00e1zal\u00e9ka panaszkodott a szakemberhi\u00e1nyra &#8211; der\u00fcl ki a Manpower munkaer\u0151-piaci szolg\u00e1ltat\u00f3 legfrissebb felm\u00e9r\u00e9s\u00e9b\u0151l, amelynek eredm\u00e9nyeit kedden juttatta el az MTI-nek.<\/p>\n","protected":false},"author":1,"featured_media":0,"comment_status":"open","ping_status":"closed","sticky":false,"template":"","format":"standard","meta":[],"categories":[19],"tags":[],"_links":{"self":[{"href":"https:\/\/gazdasagportal.hu\/index.php\/wp-json\/wp\/v2\/posts\/36340"}],"collection":[{"href":"https:\/\/gazdasagportal.hu\/index.php\/wp-json\/wp\/v2\/posts"}],"about":[{"href":"https:\/\/gazdasagportal.hu\/index.php\/wp-json\/wp\/v2\/types\/post"}],"author":[{"embeddable":true,"href":"https:\/\/gazdasagportal.hu\/index.php\/wp-json\/wp\/v2\/users\/1"}],"replies":[{"embeddable":true,"href":"https:\/\/gazdasagportal.hu\/index.php\/wp-json\/wp\/v2\/comments?post=36340"}],"version-history":[{"count":1,"href":"https:\/\/gazdasagportal.hu\/index.php\/wp-json\/wp\/v2\/posts\/36340\/revisions"}],"predecessor-version":[{"id":36341,"href":"https:\/\/gazdasagportal.hu\/index.php\/wp-json\/wp\/v2\/posts\/36340\/revisions\/36341"}],"wp:attachment":[{"href":"https:\/\/gazdasagportal.hu\/index.php\/wp-json\/wp\/v2\/media?parent=36340"}],"wp:term":[{"taxonomy":"category","embeddable":true,"href":"https:\/\/gazdasagportal.hu\/index.php\/wp-json\/wp\/v2\/categories?post=36340"},{"taxonomy":"post_tag","embeddable":true,"href":"https:\/\/gazdasagportal.hu\/index.php\/wp-json\/wp\/v2\/tags?post=36340"}],"curies":[{"name":"wp","href":"https:\/\/api.w.org\/{rel}","templated":true}]}}