{"id":36333,"date":"2014-06-03T14:10:47","date_gmt":"2014-06-03T12:10:47","guid":{"rendered":"http:\/\/stockportal.hu\/?p=36333"},"modified":"2014-06-03T14:10:47","modified_gmt":"2014-06-03T12:10:47","slug":"devizahitelek-a-kuria-junius-16-an-jogegysegi-dontest-hozhat-devizahiteles-kerdesekrol","status":"publish","type":"post","link":"https:\/\/gazdasagportal.hu\/index.php\/devizahitelek-a-kuria-junius-16-an-jogegysegi-dontest-hozhat-devizahiteles-kerdesekrol\/","title":{"rendered":"Devizahitelek: A K\u00faria j\u00fanius 16-\u00e1n jogegys\u00e9gi d\u00f6nt\u00e9st hozhat devizahiteles k\u00e9rd\u00e9sekr\u0151l"},"content":{"rendered":"<p><strong>A K\u00faria j\u00fanius 16-\u00e1n jogegys\u00e9gi d\u00f6nt\u00e9st hozhat t\u00f6bb, devizahitellel kapcsolatos k\u00e9rd\u00e9sben &#8211; jelentette be Wellmann Gy\u00f6rgy, a K\u00faria Polg\u00e1ri Koll\u00e9gium\u00e1nak vezet\u0151je kedden Budapesten, a K\u00e1sler kontra OTP per t\u00e1rgyal\u00e1sa ut\u00e1n tartott sajt\u00f3t\u00e1j\u00e9koztat\u00f3n.<\/strong><!--more--><br \/>\n<div class=\"ads-in-post1\"><div id=\"gazdasagportal.hu_fullbanner_wideboard\"><\/div>\r\n<\/div>\n<p>    Wellmann Gy\u00f6rgy kifejtette: azokat a pontokat \u00e9rinti majd a jogegys\u00e9gi d\u00f6nt\u00e9s, amelyek a 2013 december\u00e9ben k\u00f6zz\u00e9tett, el\u0151z\u0151 jogegys\u00e9gi hat\u00e1rozatb\u00f3l kimaradtak.<br \/>\n    N\u00e9gy olyan k\u00e9rd\u00e9st m\u00e9rlegel majd a K\u00faria Polg\u00e1ri Koll\u00e9giuma, amelyek a szerz\u0151d\u00e9si felt\u00e9telek tisztess\u00e9gtelens\u00e9g\u00e9vel kapcsolatosak. Megvizsg\u00e1lj\u00e1k, hogy a devizaalap\u00fa fogyaszt\u00f3i k\u00f6lcs\u00f6nszerz\u0151d\u00e9s mint szerz\u0151d\u00e9st\u00edpus tisztess\u00e9gtelen-e a tekintetben, hogy az \u00e1rfolyamkock\u00e1zatot a fogyaszt\u00f3 viseli, valamint a p\u00e9nzint\u00e9zet, az \u00e1rfolyamkock\u00e1zattal kapcsolatos, esetlegesen t\u00e9vesen adott t\u00e1j\u00e9koztat\u00e1sa miatt tisztess\u00e9gtelen-e a szerz\u0151d\u00e9s. A K\u00faria vizsg\u00e1lja tov\u00e1bb\u00e1, hogy az egyoldal\u00fa szerz\u0151d\u00e9sm\u00f3dos\u00edt\u00e1s milyen k\u00f6r\u00fclm\u00e9nyek k\u00f6z\u00f6tt felel meg az \u00e1tl\u00e1that\u00f3s\u00e1g k\u00f6vetelm\u00e9ny\u00e9nek, valamint azt is, hogy az \u00e1rfolyamr\u00e9s alkalmaz\u00e1sa tisztess\u00e9gtelen-e &#8211; k\u00f6z\u00f6lte Wellmann Gy\u00f6rgy.<br \/>\n    A koll\u00e9giumvezet\u0151 k\u00e9rd\u00e9sre v\u00e1laszolva elmondta: j\u00fanius 16-\u00e1n a K\u00faria polg\u00e1ri koll\u00e9gium\u00e1nak b\u00edr\u00e1i, tov\u00e1bb\u00e1 az \u00f6t \u00edt\u00e9l\u0151t\u00e1bla polg\u00e1ri koll\u00e9gium\u00e1nak vezet\u0151je \u00e9s a legf\u0151bb \u00fcgy\u00e9sz r\u00e9szv\u00e9tel\u00e9vel jogegys\u00e9gi tan\u00e1csk\u00e9nt \u00fcl\u00e9seznek. Nem biztos, hogy m\u00e1r aznap lesz d\u00f6nt\u00e9s, de rem\u00e9lhet\u0151leg m\u00e9g az \u00edt\u00e9lkez\u00e9si sz\u00fcnet el\u0151tt megsz\u00fcletik a jogegys\u00e9gi hat\u00e1rozat, amely k\u00f6telez\u0151 minden magyar b\u00edr\u00f3s\u00e1gra.<br \/>\n    Wellmann Gy\u00f6rgy k\u00e9rd\u00e9sre v\u00e1laszolva hozz\u00e1tette: a devizahitelesek probl\u00e9m\u00e1j\u00e1nak v\u00e9gleges megold\u00e1s\u00e1t a jogegys\u00e9gi d\u00f6nt\u00e9st k\u00f6vet\u0151 jogalkot\u00e1si l\u00e9p\u00e9sekt\u0151l lehet rem\u00e9lni. (MTI)<\/p>\n","protected":false},"excerpt":{"rendered":"<p>A K\u00faria j\u00fanius 16-\u00e1n jogegys\u00e9gi d\u00f6nt\u00e9st hozhat t\u00f6bb, devizahitellel kapcsolatos k\u00e9rd\u00e9sben &#8211; jelentette be Wellmann Gy\u00f6rgy, a K\u00faria Polg\u00e1ri Koll\u00e9gium\u00e1nak vezet\u0151je kedden Budapesten, a K\u00e1sler kontra OTP per t\u00e1rgyal\u00e1sa ut\u00e1n tartott sajt\u00f3t\u00e1j\u00e9koztat\u00f3n.<\/p>\n","protected":false},"author":1,"featured_media":0,"comment_status":"open","ping_status":"closed","sticky":false,"template":"","format":"standard","meta":[],"categories":[19,112],"tags":[],"_links":{"self":[{"href":"https:\/\/gazdasagportal.hu\/index.php\/wp-json\/wp\/v2\/posts\/36333"}],"collection":[{"href":"https:\/\/gazdasagportal.hu\/index.php\/wp-json\/wp\/v2\/posts"}],"about":[{"href":"https:\/\/gazdasagportal.hu\/index.php\/wp-json\/wp\/v2\/types\/post"}],"author":[{"embeddable":true,"href":"https:\/\/gazdasagportal.hu\/index.php\/wp-json\/wp\/v2\/users\/1"}],"replies":[{"embeddable":true,"href":"https:\/\/gazdasagportal.hu\/index.php\/wp-json\/wp\/v2\/comments?post=36333"}],"version-history":[{"count":1,"href":"https:\/\/gazdasagportal.hu\/index.php\/wp-json\/wp\/v2\/posts\/36333\/revisions"}],"predecessor-version":[{"id":36334,"href":"https:\/\/gazdasagportal.hu\/index.php\/wp-json\/wp\/v2\/posts\/36333\/revisions\/36334"}],"wp:attachment":[{"href":"https:\/\/gazdasagportal.hu\/index.php\/wp-json\/wp\/v2\/media?parent=36333"}],"wp:term":[{"taxonomy":"category","embeddable":true,"href":"https:\/\/gazdasagportal.hu\/index.php\/wp-json\/wp\/v2\/categories?post=36333"},{"taxonomy":"post_tag","embeddable":true,"href":"https:\/\/gazdasagportal.hu\/index.php\/wp-json\/wp\/v2\/tags?post=36333"}],"curies":[{"name":"wp","href":"https:\/\/api.w.org\/{rel}","templated":true}]}}