{"id":36212,"date":"2014-06-02T09:02:38","date_gmt":"2014-06-02T07:02:38","guid":{"rendered":"http:\/\/stockportal.hu\/?p=36212"},"modified":"2014-06-02T09:02:38","modified_gmt":"2014-06-02T07:02:38","slug":"ukran-valsag-sulyos-harcok-bontakoztak-ki-hetfon-reggel-egy-kelet-ukrajnai-hataror-laktanyanal","status":"publish","type":"post","link":"https:\/\/gazdasagportal.hu\/index.php\/ukran-valsag-sulyos-harcok-bontakoztak-ki-hetfon-reggel-egy-kelet-ukrajnai-hataror-laktanyanal\/","title":{"rendered":"Ukr\u00e1n v\u00e1ls\u00e1g: S\u00falyos harcok bontakoztak ki h\u00e9tf\u0151n reggel egy kelet-ukrajnai hat\u00e1r\u0151r-laktany\u00e1n\u00e1l"},"content":{"rendered":"<p><strong>S\u00falyos harcok bontakoztak ki h\u00e9tf\u0151n reggel egy kelet-ukrajnai hat\u00e1r\u0151r-laktany\u00e1n\u00e1l, amelyet mintegy n\u00e9gysz\u00e1z szakad\u00e1r fegyveres vett ostrom al\u00e1 &#8211; jelentett\u00e9k orosz \u00e9s ukr\u00e1n h\u00edr\u00fcgyn\u00f6ks\u00e9gek.<!--more--><\/strong><br \/>\n<div class=\"ads-in-post1\"><div id=\"gazdasagportal.hu_fullbanner_wideboard\"><\/div>\r\n<\/div>\n<p>Az \u00f6sszet\u0171z\u00e9sben h\u00e9t hat\u00e1r\u0151r megsebes\u00fclt, \u00e9s legal\u00e1bb egy szakad\u00e1r meghalt.<br \/>\nAz \u00fagynevezett &#8222;d\u00e9lkeleti hadsereg&#8221; mintegy sz\u00e1z fegyverese \u00e9jf\u00e9l ut\u00e1n vette k\u00f6r\u00fcl a Luhanszk d\u00e9li perem\u00e9n, a v\u00e1ros Mirnij negyed\u00e9nek k\u00f6zel\u00e9ben szolg\u00e1latot teljes\u00edt\u0151 hat\u00e1r\u0151r-alakulatot, \u00e9s mintegy n\u00e9gy \u00f3r\u00e1val k\u00e9s\u0151bb, a hajnali \u00f3r\u00e1kban g\u00e9pfegyverekkel, nagy kaliber\u0171 goly\u00f3sz\u00f3r\u00f3kkal, illetve gr\u00e1n\u00e1t- \u00e9s aknavet\u0151kkel l\u0151ni kezdt\u00e9k.<br \/>\nAz els\u0151, negyven perces rohamot a hat\u00e1r\u0151r\u00f6k sikeresen visszavert\u00e9k, de a szakad\u00e1rok \u00fajabb t\u00e1mad\u00e1sokat ind\u00edtottak. Orvl\u00f6v\u00e9szeik egy k\u00f6zeli t\u00f6bbszintes lak\u00f3h\u00e1z ablakaib\u00f3l l\u00f6vik a hat\u00e1r\u0151r\u00f6ket. Az UNIAN h\u00edr\u00fcgyn\u00f6ks\u00e9g t\u00f6bb videofelv\u00e9telt is k\u00f6zz\u00e9tett a harcokr\u00f3l.<br \/>\nAz UNIAN jelent\u00e9se szerint reggel h\u00e9t \u00f3r\u00e1ra megn\u00e9gyszerez\u0151d\u00f6tt a t\u00e1mad\u00f3k sz\u00e1ma, akkor m\u00e1r mintegy n\u00e9gysz\u00e1z fegyveres t\u00e1madta az ukr\u00e1n hat\u00e1r\u0151r\u00f6ket, mik\u00f6zben a hat\u00e1r\u0151rs\u00e9g k\u00f6zlem\u00e9ny\u00e9ben arra panaszkodott, hogy egyel\u0151re nem \u00e9rkezett seg\u00edts\u00e9g hadseregt\u0151l \u00e9s a rend\u0151rs\u00e9gt\u0151l, a helysz\u00ednre k\u00fcld\u00f6tt vad\u00e1szg\u00e9p pedig nem adhatott le c\u00e9lzott l\u00f6v\u00e9seket a szakad\u00e1rokra, miut\u00e1n azok lak\u00e1sok ablakaib\u00f3l l\u0151nek, s az Unian \u00e9rtes\u00fcl\u00e9sei szerint a b\u00e9k\u00e9s lak\u00f3kat nem engedt\u00e9k ki a h\u00e1zb\u00f3l.<br \/>\nHasonl\u00f3 incidens t\u00f6rt\u00e9nt k\u00e9t napja, szombatra virrad\u00f3ra: akkor mintegy nyolcvan, \u00e1llig felfegyverzett Moszkva-bar\u00e1t szakad\u00e1r rohant le egy m\u00e1sik hat\u00e1r\u0151r-alakulatot ugyanebben a t\u00e9rs\u00e9gben, de a hat\u00e1r\u0151r\u00f6k a l\u00e9gier\u0151 t\u00e1mogat\u00e1s\u00e1val visszavert\u00e9k a t\u00e1mad\u00e1st, \u00e9s vesztes\u00e9geket sem szenvedtek. Visszavonul\u00e1suk ut\u00e1n azonban a szakad\u00e1rok elakn\u00e1s\u00edtott\u00e1k a hat\u00e1r\u00e1tkel\u0151 k\u00f6rny\u00e9k\u00e9t, a hat\u00e1r\u0151r\u00f6k pedig bennrekedtek az \u00e9p\u00fcletben.(MTI)<br \/>\n<a title=\"Hely megnyit\u00e1sa\" href=\"http:\/\/www.unian.ua\/politics\/924292-v-lugansku-ponad-400-boyovikiv-atakuyut-bazu-prikordonnikiv-snayperi-strilyayut-z-vikon-budinkiv.html\" target=\"_blank\" rel=\"noopener\">http:\/\/www.unian.ua\/politics\/924292-v-lugansku-ponad-400-boyovikiv-atakuyut-bazu-prikordonnikiv-snayperi-strilyayut-z-vikon-budinkiv.html<\/a><br \/>\n<a title=\"Hely megnyit\u00e1sa\" href=\"http:\/\/interfax.com.ua\/news\/general\/207482.html\" target=\"_blank\" rel=\"noopener\">http:\/\/interfax.com.ua\/news\/general\/207482.html<\/a><br \/>\n<a title=\"Hely megnyit\u00e1sa\" href=\"http:\/\/ria.ru\/world\/20140602\/1010275714.html\" target=\"_blank\" rel=\"noopener\">http:\/\/ria.ru\/world\/20140602\/1010275714.html<\/a><\/p>\n","protected":false},"excerpt":{"rendered":"<p>S\u00falyos harcok bontakoztak ki h\u00e9tf\u0151n reggel egy kelet-ukrajnai hat\u00e1r\u0151r-laktany\u00e1n\u00e1l, amelyet mintegy n\u00e9gysz\u00e1z szakad\u00e1r fegyveres vett ostrom al\u00e1 &#8211; jelentett\u00e9k orosz \u00e9s ukr\u00e1n h\u00edr\u00fcgyn\u00f6ks\u00e9gek.<\/p>\n","protected":false},"author":1,"featured_media":0,"comment_status":"open","ping_status":"closed","sticky":false,"template":"","format":"standard","meta":[],"categories":[139],"tags":[],"_links":{"self":[{"href":"https:\/\/gazdasagportal.hu\/index.php\/wp-json\/wp\/v2\/posts\/36212"}],"collection":[{"href":"https:\/\/gazdasagportal.hu\/index.php\/wp-json\/wp\/v2\/posts"}],"about":[{"href":"https:\/\/gazdasagportal.hu\/index.php\/wp-json\/wp\/v2\/types\/post"}],"author":[{"embeddable":true,"href":"https:\/\/gazdasagportal.hu\/index.php\/wp-json\/wp\/v2\/users\/1"}],"replies":[{"embeddable":true,"href":"https:\/\/gazdasagportal.hu\/index.php\/wp-json\/wp\/v2\/comments?post=36212"}],"version-history":[{"count":1,"href":"https:\/\/gazdasagportal.hu\/index.php\/wp-json\/wp\/v2\/posts\/36212\/revisions"}],"predecessor-version":[{"id":36213,"href":"https:\/\/gazdasagportal.hu\/index.php\/wp-json\/wp\/v2\/posts\/36212\/revisions\/36213"}],"wp:attachment":[{"href":"https:\/\/gazdasagportal.hu\/index.php\/wp-json\/wp\/v2\/media?parent=36212"}],"wp:term":[{"taxonomy":"category","embeddable":true,"href":"https:\/\/gazdasagportal.hu\/index.php\/wp-json\/wp\/v2\/categories?post=36212"},{"taxonomy":"post_tag","embeddable":true,"href":"https:\/\/gazdasagportal.hu\/index.php\/wp-json\/wp\/v2\/tags?post=36212"}],"curies":[{"name":"wp","href":"https:\/\/api.w.org\/{rel}","templated":true}]}}