{"id":36204,"date":"2014-06-02T06:50:40","date_gmt":"2014-06-02T04:50:40","guid":{"rendered":"http:\/\/stockportal.hu\/?p=36204"},"modified":"2014-06-01T21:21:36","modified_gmt":"2014-06-01T19:21:36","slug":"renzi-a-novekedes-es-a-munkahelyteremtes-lesz-az-olasz-eu-elnokseg-programjanak-kozeppontjaban","status":"publish","type":"post","link":"https:\/\/gazdasagportal.hu\/index.php\/renzi-a-novekedes-es-a-munkahelyteremtes-lesz-az-olasz-eu-elnokseg-programjanak-kozeppontjaban\/","title":{"rendered":"Renzi: a n\u00f6veked\u00e9s \u00e9s a munkahelyteremt\u00e9s lesz az olasz EU-eln\u00f6ks\u00e9g programj\u00e1nak k\u00f6z\u00e9ppontj\u00e1ban"},"content":{"rendered":"<p><strong>A gazdas\u00e1gi n\u00f6veked\u00e9s \u00e9s a munkahelyteremt\u00e9s \u00f6szt\u00f6nz\u00e9se lesz a j\u00faliusban kezd\u0151d\u0151 olasz uni\u00f3s eln\u00f6ks\u00e9g programj\u00e1nak k\u00f6z\u00e9ppontj\u00e1ban &#8211; mondta a nemzetk\u00f6zi sajt\u00f3nak adott els\u0151 nagyinterj\u00faj\u00e1ban Matteo Renzi olasz minisztereln\u00f6k, az eur\u00f3pai parlamenti (EP-) v\u00e1laszt\u00e1son t\u00f6rt\u00e9nelmi gy\u0151zelmet aratott baloldali Demokrata P\u00e1rt (PD) vezet\u0151je.<\/strong><!--more--><br \/>\n<div class=\"ads-in-post1\"><div id=\"gazdasagportal.hu_fullbanner_wideboard\"><\/div>\r\n<\/div>\n<p>    Eur\u00f3pa &#8222;elbukik&#8221;, ha tov\u00e1bb folytatja a kiz\u00e1r\u00f3lag a takar\u00e9koskod\u00e1sra \u00e9p\u00fcl\u0151 politik\u00e1t &#8211; emelte ki az olasz korm\u00e1nyf\u0151 a S\u00fcddeutsche Zeitung c\u00edm\u0171 n\u00e9met, a spanyol El Pa\u00eds, a brit The Guardian, a francia Le Monde \u00e9s a La Stampa c\u00edm\u0171 olasz lapban h\u00e9tf\u0151n megjelen\u0151 interj\u00faban, amib\u0151l a S\u00fcddeutsche Zeitung online kiad\u00e1s\u00e1ban m\u00e1r vas\u00e1rnap r\u00e9szleteket k\u00f6z\u00f6lt.<br \/>\n    &#8222;Ha meg akarjuk menteni Eur\u00f3p\u00e1t, akkor meg kell v\u00e1ltoztatnunk Eur\u00f3p\u00e1t&#8221; &#8211; tette hozz\u00e1 Matteo Renzi, aki szerint olyan EU-ra van sz\u00fcks\u00e9g, amely &#8222;a polg\u00e1rokat szolg\u00e1lja \u00e9s van lelke&#8221;.<br \/>\n    A hangs\u00falyt a takar\u00e9kos, szigor\u00fa \u00e1llamh\u00e1ztart\u00e1si politik\u00e1r\u00f3l a gazdas\u00e1gi n\u00f6veked\u00e9s \u00f6szt\u00f6nz\u00e9s\u00e9re \u00e9s a munkahelyteremt\u00e9sre \u00e1thelyez\u0151 olasz uni\u00f3s eln\u00f6ks\u00e9gi program fontos eleme az ukrajnai v\u00e1ls\u00e1g kezel\u00e9se is, \u00e9s a k\u00f6z\u00f6s energia- \u00e9s menek\u00fclt\u00fcgyi politika &#8211; mondta Renzi.<br \/>\n    Az Eur\u00f3pai Bizotts\u00e1g eln\u00f6k\u00e9nek kijel\u00f6l\u00e9se \u00e9s megv\u00e1laszt\u00e1sa k\u00f6r\u00fcli vit\u00e1r\u00f3l azt mondta, hogy el kell ker\u00fclni a konfliktust az EP \u00e9s az uni\u00f3s tagorsz\u00e1gok korm\u00e1ny-, illetve \u00e1llamf\u0151it \u00f6sszefog\u00f3 Eur\u00f3pai Tan\u00e1cs k\u00f6z\u00f6tt. Kifejtette, hogy sz\u00e1m\u00e1ra nem a n\u00e9v a fontos, hanem a jel\u00f6lt programja, \u00e9s az, hogy egy \u00faj\u00edt\u00f3 szellem\u0171 vezet\u0151 ker\u00fclj\u00f6n a bizotts\u00e1g \u00e9l\u00e9re.<br \/>\n    A 100 napja hivatalban l\u00e9v\u0151 korm\u00e1nyf\u0151 az olaszorsz\u00e1gi viszonyokat \u00e1talak\u00edt\u00f3 m\u00e9lyrehat\u00f3 reformok folytat\u00e1s\u00e1t \u00edg\u00e9rte az interj\u00faban. &#8222;Megengedhetj\u00fck magunknak, hogy Eur\u00f3pa \u00e1talak\u00edt\u00e1s\u00e1r\u00f3l besz\u00e9lj\u00fcnk, hiszen saj\u00e1t magunkkal kezdj\u00fck a v\u00e1ltoztat\u00e1sokat&#8221; &#8211; hangs\u00falyozta.<br \/>\n    A PD gy\u0151zelme az EP-v\u00e1laszt\u00e1son azt jelenti, hogy az olaszok &#8222;megb\u00edztak minket a nagyon kem\u00e9ny \u00e9s jelent\u0151s reformok v\u00e9grehajt\u00e1s\u00e1val&#8221; &#8211; tette hozz\u00e1. A v\u00e1laszt\u00f3jogi reform \u00e9s a munkajogi csomag m\u00e1r a t\u00f6rv\u00e9nyhoz\u00e1s el\u0151tt van, a k\u00f6zigazgat\u00e1si reformot t\u00e1rsadalmi vit\u00e1ra bocs\u00e1tott\u00e1k, j\u00fanius v\u00e9g\u00e9re pedig elk\u00e9sz\u00fcl az igazs\u00e1gszolg\u00e1ltat\u00e1si rendszer \u00e1tfog\u00f3 meg\u00faj\u00edt\u00e1s\u00e1t c\u00e9lz\u00f3 int\u00e9zked\u00e9sek terve &#8211; sorolta.<br \/>\n    A 39 \u00e9ves minisztereln\u00f6k megjegyezte, nem biztos, hogy hossz\u00fa t\u00e1von a politik\u00e1ban marad. Elmondta, \u00e9vekig k\u00fczd\u00f6tt az\u00e9rt, hogy a politikusok id\u0151sebb nemzed\u00e9ke &#8222;az \u00f3cskavas k\u00f6z\u00e9 ker\u00fclj\u00f6n&#8221;, de &#8222;t\u00edz \u00e9v m\u00falva minket kell majd leselejtezni&#8221;.<br \/>\n    Ugyanakkor a korm\u00e1nyf\u0151i tiszts\u00e9gben &#8222;a k\u00f6vetkez\u0151 n\u00e9h\u00e1ny \u00e9vben&#8221; biztosan nem lesz v\u00e1lt\u00e1s &#8211; tette hozz\u00e1 Matteo Renzi.<br \/>\n    A volt firenzei polg\u00e1rmester Olaszorsz\u00e1g legfiatalabb minisztereln\u00f6ke. Febru\u00e1rban ker\u00fclt a korm\u00e1ny \u00e9l\u00e9re. Soha nem volt az olasz parlament tagja, \u00e9s orsz\u00e1gos politikai poz\u00edci\u00f3t sem t\u00f6lt\u00f6tt be kor\u00e1bban. Az EP-v\u00e1laszt\u00e1s volt az els\u0151 orsz\u00e1gos megm\u00e9rettet\u00e9se. P\u00e1rtja, a PD 40,8 sz\u00e1zal\u00e9kot \u00e9rt el, ami minden kor\u00e1bbin\u00e1l jobb eredm\u00e9ny, \u00e9s 15 sz\u00e1zal\u00e9kpontos n\u00f6veked\u00e9s a tavalyi olasz parlamenti v\u00e1laszt\u00e1sokhoz k\u00e9pest. A p\u00e1rt mintegy h\u00fasz sz\u00e1zal\u00e9kponttal megel\u0151zte a m\u00e1sodik helyre \u00e9rkezett ellenz\u00e9ki 5 Csillag Mozgalmat (M5S).(MTI)<\/p>\n","protected":false},"excerpt":{"rendered":"<p>A gazdas\u00e1gi n\u00f6veked\u00e9s \u00e9s a munkahelyteremt\u00e9s \u00f6szt\u00f6nz\u00e9se lesz a j\u00faliusban kezd\u0151d\u0151 olasz uni\u00f3s eln\u00f6ks\u00e9g programj\u00e1nak k\u00f6z\u00e9ppontj\u00e1ban &#8211; mondta a nemzetk\u00f6zi sajt\u00f3nak adott els\u0151 nagyinterj\u00faj\u00e1ban Matteo Renzi olasz minisztereln\u00f6k, az eur\u00f3pai parlamenti (EP-) v\u00e1laszt\u00e1son t\u00f6rt\u00e9nelmi gy\u0151zelmet aratott baloldali Demokrata P\u00e1rt (PD) vezet\u0151je.<\/p>\n","protected":false},"author":1,"featured_media":0,"comment_status":"open","ping_status":"closed","sticky":false,"template":"","format":"standard","meta":[],"categories":[12],"tags":[],"_links":{"self":[{"href":"https:\/\/gazdasagportal.hu\/index.php\/wp-json\/wp\/v2\/posts\/36204"}],"collection":[{"href":"https:\/\/gazdasagportal.hu\/index.php\/wp-json\/wp\/v2\/posts"}],"about":[{"href":"https:\/\/gazdasagportal.hu\/index.php\/wp-json\/wp\/v2\/types\/post"}],"author":[{"embeddable":true,"href":"https:\/\/gazdasagportal.hu\/index.php\/wp-json\/wp\/v2\/users\/1"}],"replies":[{"embeddable":true,"href":"https:\/\/gazdasagportal.hu\/index.php\/wp-json\/wp\/v2\/comments?post=36204"}],"version-history":[{"count":1,"href":"https:\/\/gazdasagportal.hu\/index.php\/wp-json\/wp\/v2\/posts\/36204\/revisions"}],"predecessor-version":[{"id":36205,"href":"https:\/\/gazdasagportal.hu\/index.php\/wp-json\/wp\/v2\/posts\/36204\/revisions\/36205"}],"wp:attachment":[{"href":"https:\/\/gazdasagportal.hu\/index.php\/wp-json\/wp\/v2\/media?parent=36204"}],"wp:term":[{"taxonomy":"category","embeddable":true,"href":"https:\/\/gazdasagportal.hu\/index.php\/wp-json\/wp\/v2\/categories?post=36204"},{"taxonomy":"post_tag","embeddable":true,"href":"https:\/\/gazdasagportal.hu\/index.php\/wp-json\/wp\/v2\/tags?post=36204"}],"curies":[{"name":"wp","href":"https:\/\/api.w.org\/{rel}","templated":true}]}}