{"id":36202,"date":"2014-06-02T04:19:21","date_gmt":"2014-06-02T02:19:21","guid":{"rendered":"http:\/\/stockportal.hu\/?p=36202"},"modified":"2014-06-01T21:20:20","modified_gmt":"2014-06-01T19:20:20","slug":"ukran-valsag-zeman-szerint-kijev-szerencsetlenul-kezeli-a-kelet-ukrajnai-helyzetet","status":"publish","type":"post","link":"https:\/\/gazdasagportal.hu\/index.php\/ukran-valsag-zeman-szerint-kijev-szerencsetlenul-kezeli-a-kelet-ukrajnai-helyzetet\/","title":{"rendered":"Ukr\u00e1n v\u00e1ls\u00e1g: Zeman szerint Kijev szerencs\u00e9tlen\u00fcl kezeli a kelet-ukrajnai helyzetet"},"content":{"rendered":"<p><strong>A cseh \u00e1llamf\u0151 szerint &#8222;szerencs\u00e9tlen&#8221; a mai ukr\u00e1n korm\u00e1ny hozz\u00e1\u00e1ll\u00e1sa az orsz\u00e1g keleti, oroszok lakta r\u00e9gi\u00f3iban kialakult helyzethez.<\/strong><!--more--><br \/>\n<div class=\"ads-in-post1\"><div id=\"gazdasagportal.hu_fullbanner_wideboard\"><\/div>\r\n<\/div>\n<p>    &#8222;Nem lehet terrorist\u00e1knak nevezni az Ukrajna keleti r\u00e9gi\u00f3iban \u00e9l\u0151 orosz nyelv\u0171 lakoss\u00e1got. \u0150k mind\u00f6ssze el\u00e9gedetlen \u00e1llampolg\u00e1rok, akik ellen most az ukr\u00e1n hadsereget vetett\u00e9k be&#8221; &#8211; jelentette ki Milos Zeman a k\u00f6zszolg\u00e1lati Cseh Telev\u00edzi\u00f3 vas\u00e1rnapi vitam\u0171sor\u00e1ban.<br \/>\n    Zeman k\u00f6z\u00f6lte: j\u00f3nak tartan\u00e1, ha Petro Porosenko, az \u00fajonnan megv\u00e1lasztott ukr\u00e1n \u00e1llamf\u0151 \u00e9s Rinat Ahmetov, az orsz\u00e1g egyik leggazdagabb oligarch\u00e1ja p\u00e1rbesz\u00e9det kezden\u00e9nek arr\u00f3l, hogyan lehetne megakad\u00e1lyozni az \u00fajabb konfliktusokat Kelet-Ukrajn\u00e1ban \u00e9s azt, hogy azok ny\u00edlt polg\u00e1rh\u00e1bor\u00fav\u00e1 fajuljanak.<br \/>\n    Ahmetov kor\u00e1bban Donyeckben \u00e9lt, \u00e9s a r\u00e9gi\u00f3ban hatalmas gazdas\u00e1gi \u00e9rdekelts\u00e9gei vannak, de miut\u00e1n \u00f6sszet\u0171z\u00e9sbe ker\u00fclt az ottani oroszbar\u00e1t csoportok vezet\u0151ivel, akik vagyona elkobz\u00e1s\u00e1val fenyegett\u00e9k meg, Kijevbe k\u00f6lt\u00f6z\u00f6tt.<br \/>\n    &#8222;Mindkett\u0151j\u00fcknek a civil lakoss\u00e1g elleni er\u0151szakos fell\u00e9p\u00e9s helyett, ami ma sajnos val\u00f3s\u00e1g, ink\u00e1bb azon kellene igyekezni\u00fck, hogy valamif\u00e9le \u00e9rtelmes meg\u00e1llapod\u00e1st k\u00f6ssenek a m\u00e1sik oldallal&#8221; &#8211; v\u00e9lekedett a cseh \u00e1llamf\u0151. Hozz\u00e1tette: amennyiben tov\u00e1bb n\u0151 az er\u0151szak Ukrajn\u00e1ban, Oroszorsz\u00e1g &#8222;k\u00e9nyelmes \u00fcr\u00fcgyet kap arra, hogy katonailag beavatkozzon&#8221;.<br \/>\n    Milos Zeman ugyanakkor k\u00f6z\u00f6lte, hogy hivatalos l\u00e1togat\u00e1sra h\u00edvta meg Petro Porosenko \u00faj ukr\u00e1n \u00e1llamf\u0151t Csehorsz\u00e1gba.(MTI)<\/p>\n","protected":false},"excerpt":{"rendered":"<p>A cseh \u00e1llamf\u0151 szerint &#8222;szerencs\u00e9tlen&#8221; a mai ukr\u00e1n korm\u00e1ny hozz\u00e1\u00e1ll\u00e1sa az orsz\u00e1g keleti, oroszok lakta r\u00e9gi\u00f3iban kialakult helyzethez.<\/p>\n","protected":false},"author":1,"featured_media":0,"comment_status":"open","ping_status":"closed","sticky":false,"template":"","format":"standard","meta":[],"categories":[139],"tags":[],"_links":{"self":[{"href":"https:\/\/gazdasagportal.hu\/index.php\/wp-json\/wp\/v2\/posts\/36202"}],"collection":[{"href":"https:\/\/gazdasagportal.hu\/index.php\/wp-json\/wp\/v2\/posts"}],"about":[{"href":"https:\/\/gazdasagportal.hu\/index.php\/wp-json\/wp\/v2\/types\/post"}],"author":[{"embeddable":true,"href":"https:\/\/gazdasagportal.hu\/index.php\/wp-json\/wp\/v2\/users\/1"}],"replies":[{"embeddable":true,"href":"https:\/\/gazdasagportal.hu\/index.php\/wp-json\/wp\/v2\/comments?post=36202"}],"version-history":[{"count":1,"href":"https:\/\/gazdasagportal.hu\/index.php\/wp-json\/wp\/v2\/posts\/36202\/revisions"}],"predecessor-version":[{"id":36203,"href":"https:\/\/gazdasagportal.hu\/index.php\/wp-json\/wp\/v2\/posts\/36202\/revisions\/36203"}],"wp:attachment":[{"href":"https:\/\/gazdasagportal.hu\/index.php\/wp-json\/wp\/v2\/media?parent=36202"}],"wp:term":[{"taxonomy":"category","embeddable":true,"href":"https:\/\/gazdasagportal.hu\/index.php\/wp-json\/wp\/v2\/categories?post=36202"},{"taxonomy":"post_tag","embeddable":true,"href":"https:\/\/gazdasagportal.hu\/index.php\/wp-json\/wp\/v2\/tags?post=36202"}],"curies":[{"name":"wp","href":"https:\/\/api.w.org\/{rel}","templated":true}]}}