{"id":36200,"date":"2014-06-02T04:07:40","date_gmt":"2014-06-02T02:07:40","guid":{"rendered":"http:\/\/stockportal.hu\/?p=36200"},"modified":"2014-06-01T21:18:44","modified_gmt":"2014-06-01T19:18:44","slug":"ukran-valsag-ismet-nagygyulest-tartottak-a-kijevi-majdanon-kelletlenul-fogadtak-klicskot","status":"publish","type":"post","link":"https:\/\/gazdasagportal.hu\/index.php\/ukran-valsag-ismet-nagygyulest-tartottak-a-kijevi-majdanon-kelletlenul-fogadtak-klicskot\/","title":{"rendered":"Ukr\u00e1n v\u00e1ls\u00e1g: Ism\u00e9t nagygy\u0171l\u00e9st tartottak a kijevi Majdanon, kelletlen\u00fcl fogadt\u00e1k Klicsk\u00f3t"},"content":{"rendered":"<p><strong>Ism\u00e9t nagygy\u0171l\u00e9st tartottak a Majdannak nevezett kijevi F\u00fcggetlens\u00e9g ter\u00e9n vas\u00e1rnap. A becsl\u00e9sek szerint \u00f6sszegy\u0171lt n\u00e9h\u00e1ny t\u00edzezer r\u00e9sztvev\u0151 k\u00f6z\u00fcl t\u00f6bben &#8222;sz\u00e9gyent&#8221; kiab\u00e1lva fogadt\u00e1k a leend\u0151 f\u0151polg\u00e1rmestert, Vitalij Klicsk\u00f3t, az \u00dct\u00e9s (UDAR) p\u00e1rt vezet\u0151j\u00e9t.<\/strong><!--more--><br \/>\n<div class=\"ads-in-post1\"><div id=\"gazdasagportal.hu_fullbanner_wideboard\"><\/div>\r\n<\/div>\n<p>    A mostani nagygy\u0171l\u00e9sen, amely az els\u0151 volt a m\u00e1jus 25-\u00e9n megtartott eln\u00f6kv\u00e1laszt\u00e1s, illetve kijevi \u00f6nkorm\u00e1nyzati v\u00e1laszt\u00e1s \u00f3ta, ki\u00e1ltv\u00e1nyt fogadtak el, amelyben a Janukovics-rendszer elleni Majdan-t\u00fcntet\u00e9seken l\u00e9trej\u00f6tt civil szervezetek azt javasolt\u00e1k, hogy dolgozz\u00e1k ki a k\u00f6zt\u00fck \u00e9s a jelenlegi ukr\u00e1n vezet\u00e9s k\u00f6z\u00f6tti p\u00e1rbesz\u00e9d j\u00f6v\u0151beli rendszer\u00e9t.<br \/>\n    A manifesztumban lesz\u00f6gezt\u00e9k, hogy a &#8222;Majdan politikai szubjektum, amely \u0151rk\u00f6dik az ukr\u00e1n alkotm\u00e1ny betart\u00e1sa f\u00f6l\u00f6tt \u00e9s ellen\u0151rzi a hatalmi \u00e1gak m\u0171k\u00f6d\u00e9s\u00e9t&#8221;. Javasolt\u00e1k tov\u00e1bb\u00e1, hogy a Majdan \u00f6nv\u00e9delmi egys\u00e9geib\u0151l hozzanak l\u00e9tre v\u00e1rosi rend\u0151rs\u00e9get.<br \/>\n    A Majdan-megmozdul\u00e1sok tov\u00e1bbi szerep\u00e9r\u0151l \u00e9s c\u00e9lj\u00e1r\u00f3l sz\u00f3l\u00f3 \u00e1ll\u00e1sfoglal\u00e1s mellett els\u0151sorban az\u00e9rt h\u00edvtak \u00f6ssze \u00fajabb nagygy\u0171l\u00e9st, hogy eld\u00f6nts\u00e9k, mi legyen a f\u0151t\u00e9ren \u00e1ll\u00f3 s\u00e1torv\u00e1ros sorsa. El\u0151z\u0151 nap a k\u00f6zter\u00fclet-fenntart\u00f3 v\u00e1llalat megk\u00eds\u00e9relte elbontani a k\u00f6zponti t\u00e9ren \u00e1ll\u00f3 s\u00e1trakat, amire v\u00e1laszul n\u00e9h\u00e1ny tucat ott \u00e9l\u0151 t\u00fcntet\u0151 gumiabroncsokat gy\u00fajtott meg \u00e9s Molotov-kokt\u00e9lokat hajig\u00e1lt, ism\u00e9t fekete f\u00fcstbe burkolva a belv\u00e1rost. Ellen\u00e1ll\u00e1sukkal megakad\u00e1lyozt\u00e1k, hogy nekil\u00e1thassanak a k\u00f6zter\u00fclet-fenntart\u00f3k a ter\u00fclet rendbet\u00e9tel\u00e9nek.<br \/>\n    A vas\u00e1rnap elfogadott ki\u00e1ltv\u00e1ny szerz\u0151i lesz\u00f6gezt\u00e9k, hogy addig nem hagyj\u00e1k el a teret, am\u00edg nem teljes\u00fclnek k\u00f6vetel\u00e9seik, azaz nem vonj\u00e1k felel\u0151ss\u00e9gre az er\u0151szakos oszlat\u00e1sok, k\u00ednz\u00e1sok \u00e9s gyilkoss\u00e1gok felel\u0151seit. Emellett \u00e1tvil\u00e1g\u00edt\u00e1st k\u00f6vetelnek, valamint olyan jogszab\u00e1lyokat, amelyek teljesebb \u00f6nkorm\u00e1nyzatot biztos\u00edtanak a kijevi lakoss\u00e1gnak.<br \/>\n    Vitalij Klicsko, aki az el\u0151zetes eredm\u00e9nyek szerint megszerezte a f\u0151polg\u00e1rmesteri posztot, a sz\u00ednpadr\u00f3l az egybegy\u0171ltekhez sz\u00f3lva azt \u00edg\u00e9rte, hogy k\u00f6vetkez\u0151 vas\u00e1rnap a f\u0151t\u00e9ren nyilv\u00e1nosan h\u0171s\u00e9gesk\u00fct tesz a kijevieknek. Hozz\u00e1tette, hogy ezt csak akkor teszi meg, ha addigra kihirdetik a v\u00e1laszt\u00e1s hivatalos v\u00e9geredm\u00e9ny\u00e9t.<br \/>\n    A politikust nem fogadt\u00e1k lelkesen a megmozdul\u00e1s r\u00e9sztvev\u0151i. T\u00f6bben &#8222;sz\u00e9gyent&#8221; kiab\u00e1ltak fel\u00e9, amikor megjelent a sz\u00ednpadon. A megmozdul\u00e1s r\u00e9sztvev\u0151i k\u00f6z\u00fcl helysz\u00edni jelent\u00e9sek szerint sokan \u00fagy gondolj\u00e1k, hogy Klicsko el\u00e1rulta a Majdan \u00e9rdekeit, amikor a s\u00e1trak elbont\u00e1sa mellett foglalt \u00e1ll\u00e1st. A politikus nemr\u00e9g jelentette ki, hogy &#8222;a Majdan teljes\u00edtette k\u00fcldet\u00e9s\u00e9t&#8221;, \u00e9s j\u00fanius 7-\u00e9ig, Petro Porosenko eln\u00f6ki beiktat\u00e1s\u00e1ig a teret rendbe kell hozni, a f\u0151v\u00e1ros k\u00f6zponti utc\u00e1j\u00e1t, a Hrescsatikot pedig meg kell nyitni a forgalom el\u0151l.<br \/>\n    Klicsk\u00f3nak nem ez volt az els\u0151 k\u00ednos fogadtat\u00e1sa a Majdanon. Febru\u00e1r 21-\u00e9n m\u00e9g utolj\u00e1ra t\u00e1rgyal\u00f3asztalhoz \u00fclt az akkori ellenz\u00e9k m\u00e1sik k\u00e9t vezet\u0151je, Arszenyij Jacenyuk Haza (Batykivscsina) p\u00e1rti politikus \u00e9s Oleh Tyahnibok Szabads\u00e1g (Szvoboda) p\u00e1rti eln\u00f6k t\u00e1rsas\u00e1g\u00e1ban Viktor Janukovics akkori \u00e1llamf\u0151vel. A t\u00e1rgyal\u00e1s ut\u00e1n a f\u0151t\u00e9ren Klicsko szem\u00e9re h\u00e1nyt\u00e1k a t\u00fcntet\u0151k, hogy kezet fogott azzal az emberrel, aki szerint\u00fck parancsot adott a t\u00fcntet\u0151k v\u00e9res lem\u00e9sz\u00e1rl\u00e1s\u00e1ra. Febru\u00e1r 18-20. k\u00f6z\u00f6tt t\u00f6bb mint sz\u00e1zan vesztett\u00e9k \u00e9let\u00fcket az \u00e9les l\u0151szerekkel t\u00e1mad\u00f3 rohamrend\u0151r\u00f6k \u00e9s a t\u00fcntet\u0151k k\u00f6z\u00f6tti harcokban.(MTI)<\/p>\n","protected":false},"excerpt":{"rendered":"<p>Ism\u00e9t nagygy\u0171l\u00e9st tartottak a Majdannak nevezett kijevi F\u00fcggetlens\u00e9g ter\u00e9n vas\u00e1rnap. A becsl\u00e9sek szerint \u00f6sszegy\u0171lt n\u00e9h\u00e1ny t\u00edzezer r\u00e9sztvev\u0151 k\u00f6z\u00fcl t\u00f6bben &#8222;sz\u00e9gyent&#8221; kiab\u00e1lva fogadt\u00e1k a leend\u0151 f\u0151polg\u00e1rmestert, Vitalij Klicsk\u00f3t, az \u00dct\u00e9s (UDAR) p\u00e1rt vezet\u0151j\u00e9t.<\/p>\n","protected":false},"author":1,"featured_media":0,"comment_status":"open","ping_status":"closed","sticky":false,"template":"","format":"standard","meta":[],"categories":[139],"tags":[],"_links":{"self":[{"href":"https:\/\/gazdasagportal.hu\/index.php\/wp-json\/wp\/v2\/posts\/36200"}],"collection":[{"href":"https:\/\/gazdasagportal.hu\/index.php\/wp-json\/wp\/v2\/posts"}],"about":[{"href":"https:\/\/gazdasagportal.hu\/index.php\/wp-json\/wp\/v2\/types\/post"}],"author":[{"embeddable":true,"href":"https:\/\/gazdasagportal.hu\/index.php\/wp-json\/wp\/v2\/users\/1"}],"replies":[{"embeddable":true,"href":"https:\/\/gazdasagportal.hu\/index.php\/wp-json\/wp\/v2\/comments?post=36200"}],"version-history":[{"count":1,"href":"https:\/\/gazdasagportal.hu\/index.php\/wp-json\/wp\/v2\/posts\/36200\/revisions"}],"predecessor-version":[{"id":36201,"href":"https:\/\/gazdasagportal.hu\/index.php\/wp-json\/wp\/v2\/posts\/36200\/revisions\/36201"}],"wp:attachment":[{"href":"https:\/\/gazdasagportal.hu\/index.php\/wp-json\/wp\/v2\/media?parent=36200"}],"wp:term":[{"taxonomy":"category","embeddable":true,"href":"https:\/\/gazdasagportal.hu\/index.php\/wp-json\/wp\/v2\/categories?post=36200"},{"taxonomy":"post_tag","embeddable":true,"href":"https:\/\/gazdasagportal.hu\/index.php\/wp-json\/wp\/v2\/tags?post=36200"}],"curies":[{"name":"wp","href":"https:\/\/api.w.org\/{rel}","templated":true}]}}