{"id":36194,"date":"2014-06-01T14:49:55","date_gmt":"2014-06-01T12:49:55","guid":{"rendered":"http:\/\/stockportal.hu\/?p=36194"},"modified":"2014-06-01T13:14:43","modified_gmt":"2014-06-01T11:14:43","slug":"nagyszabasu-fejlesztesek-indulnak-a-szentendrei-szigeten","status":"publish","type":"post","link":"https:\/\/gazdasagportal.hu\/index.php\/nagyszabasu-fejlesztesek-indulnak-a-szentendrei-szigeten\/","title":{"rendered":"Nagyszab\u00e1s\u00fa fejleszt\u00e9sek indulnak a Szentendrei-szigeten"},"content":{"rendered":"<p><strong>Heteken bel\u00fcl indul n\u00e9gy szentendrei-szigeti telep\u00fcl\u00e9s csatorn\u00e1z\u00e1sa, a 3,5 milli\u00e1rd forintos EU-forr\u00e1sb\u00f3l finansz\u00edrozott beruh\u00e1z\u00e1s egy\u00fattal a sziget &#8222;\u00fajj\u00e1\u00e9leszt\u00e9s\u00e9t&#8221; c\u00e9lz\u00f3 strat\u00e9giai terv v\u00e9grehajt\u00e1s\u00e1nak kezdet\u00e9t is jelenti &#8211; mondta a koncepci\u00f3t kidolgoz\u00f3 Pro P\u00f3csmegyer Telep\u00fcl\u00e9sfejleszt\u00e9si Kft. vezet\u0151je az MTI-nek.<\/strong><!--more--><br \/>\n<div class=\"ads-in-post1\"><div id=\"gazdasagportal.hu_fullbanner_wideboard\"><\/div>\r\n<\/div>\n<p>    Bornemisza Mikl\u00f3s k\u00f6zl\u00e9se szerint a Szigetmonostorban, Tahit\u00f3tfalun, P\u00f3csmegyeren \u00e9s Kisorosziban ki\u00e9p\u00fcl\u0151  65,5 kilom\u00e9ternyi csatornah\u00e1l\u00f3zat &#8222;kaput nyit&#8221; a sziget kedvez\u0151 adotts\u00e1gainak jobb kihaszn\u00e1l\u00e1s\u00e1ra is. A t\u00e1rsas\u00e1g \u00e9s n\u00e9h\u00e1ny \u00e9rintett telep\u00fcl\u00e9s &#8211; P\u00f3csmegyer, Szentendre, Szigetmonostor, Le\u00e1nyfalu, Tahit\u00f3tfalu &#8211; k\u00f6z\u00f6s fejleszt\u00e9si koncepci\u00f3ja, \u00f6sszhangban a sziget alatt h\u00faz\u00f3d\u00f3, a f\u0151v\u00e1rost ell\u00e1t\u00f3 iv\u00f3v\u00edzb\u00e1zis meg\u00f3v\u00e1s\u00e1val, a turizmus \u00e9s az \u00f6koipar fellend\u00fcl\u00e9s\u00e9t hozhatja &#8211; v\u00e9lekedett.<br \/>\n    Az elk\u00e9pzel\u00e9sek szerint h\u00e1rom gyalogosh\u00edd \u00e9p\u00fcl majd, amelyek Szentendre \u00e9s Szigetmonostor, Le\u00e1nyfalu \u00e9s P\u00f3csmegyer, illetve Visegr\u00e1d-Szentgy\u00f6rgypuszta \u00e9s Kisoroszi k\u00f6z\u00f6tt teremtenek majd \u00f6sszek\u00f6ttet\u00e9st, seg\u00edtve a kir\u00e1ndul\u00f3kat, a ker\u00e9kp\u00e1ros-turizmust is.<br \/>\n    Szigetmonostoron \u00e9s P\u00f3csmegyeren kl\u00edmaparkot alak\u00edtanak ki, amely a sziget k\u00fcl\u00f6nleges n\u00f6v\u00e9ny- \u00e9s \u00e1llatvil\u00e1g\u00e1nak bemutat\u00f3helye lesz. A l\u00e1togat\u00f3k 25 f\u00e9le v\u00e9dett n\u00f6v\u00e9nyt, k\u00f6z\u00f6tt\u00fck az \u0151szi kikericset, a magyar szegf\u0171t is szem\u00fcgyre vehetik majd. A part ment\u00e9n \u0151shonos f\u00e1kat &#8211; p\u00e9ld\u00e1ul t\u00f6lgyet, feketeny\u00e1rsat, feh\u00e9rf\u00fczest &#8211; telep\u00edtenek, amelyek gy\u00f6k\u00e9rzet\u00fckkel az \u00e1rtereken magas v\u00edz\u00e1ll\u00e1sn\u00e1l term\u00e9szetes v\u00e9dvonalat alkotnak. A k\u00f6z\u00f6ss\u00e9gi k\u00f6zleked\u00e9st villanyaut\u00f3k bonyol\u00edtj\u00e1k majd, felvir\u00e1gozhat a falusi \u00e9s a lovas turizmus, a v\u00edzit\u00far\u00e1z\u00f3k sz\u00e1m\u00e1ra pedig \u00faj kik\u00f6t\u0151k \u00e9p\u00fclnek &#8211; sorolta szakember.<br \/>\n    A Szentendrei-sziget \u00f6n\u00e1ll\u00f3 arculat\u00e1nak megteremt\u00e9s\u00e9hez hozz\u00e1j\u00e1rulhatnak az ott meg\u00e9p\u00fcl\u0151 k\u00f6rnyezetbar\u00e1t \u00e9lelmiszer-feldolgoz\u00f3 \u00fczemek, amelyekben els\u0151sorban a helyben termesztett eper, gomba \u00e9s z\u00f6lds\u00e9gek adj\u00e1k majd az alapanyagot &#8211; mondta Bornemisza Mikl\u00f3s, utalva arra, hogy itt eleve korl\u00e1tozott a vegyszerek haszn\u00e1lata. Bioterm\u00e9kekr\u0151l van sz\u00f3, amelyek egys\u00e9ges jel\u00f6l\u00e9ssel, magasabb min\u0151s\u00e9gi kateg\u00f3ri\u00e1t k\u00e9pviselve jelenhetnek meg a piacon &#8211; magyar\u00e1zta.<br \/>\n    A koncepci\u00f3ban arr\u00f3l is sz\u00f3 van, hogy a szigeten termesztett friss z\u00f6lds\u00e9g-gy\u00fcm\u00f6lcs a hajdani hagyom\u00e1nyok feleleven\u00edt\u00e9s\u00e9vel a Dun\u00e1n \u00e9rkezne Budapestre, a h\u00e9t bizonyos napjain &#8222;kofahaj\u00f3kr\u00f3l k\u00edn\u00e1ln\u00e1k az \u00e1rut a l\u00e1tv\u00e1nyoss\u00e1gokra fog\u00e9kony magyar \u00e9s k\u00fclf\u00f6ldi k\u00f6z\u00f6ns\u00e9gnek &#8211; tette hozz\u00e1.<br \/>\n    A szakember k\u00f6zl\u00e9se szerint az uni\u00f3s p\u00e1ly\u00e1zati p\u00e9nzekb\u0151l \u00e9s itthoni t\u00e1mogat\u00e1sokb\u00f3l fokozatosan megval\u00f3s\u00edthat\u00f3 fejleszt\u00e9si koncepci\u00f3 a sziget n\u00e9gy telep\u00fcl\u00e9s\u00e9n hozz\u00e1vet\u0151leg t\u00edzezer ember \u00e9letfelt\u00e9teleit is jav\u00edthatja. A 32 kilom\u00e9ter hossz\u00fa Szentendrei-sziget alatti kavicsr\u00e9tegekben megl\u00e9v\u0151 iv\u00f3v\u00edzkincs v\u00e9delme \u00e9rdek\u00e9ben \u00e9vtizedek \u00f3ta korl\u00e1tozz\u00e1k a beruh\u00e1z\u00e1sokat, a mez\u0151gazdas\u00e1gi tev\u00e9kenys\u00e9get. Emiatt az adott \u00f6nkorm\u00e1nyzatok szer\u00e9nyebb ad\u00f3bev\u00e9telt k\u00f6nyvelhetnek el, az itt \u00e9l\u0151k pedig helyben nehezebben tal\u00e1lnak munk\u00e1t &#8211; h\u00edvta fel a figyelmet Bornemisza Mikl\u00f3s, aki szerint az \u00f6sszehangolt fejleszt\u00e9s nyom\u00e1n t\u00f6bb sz\u00e1z csal\u00e1d juthat \u00e1lland\u00f3 meg\u00e9lhet\u00e9shez.(MTI)<\/p>\n","protected":false},"excerpt":{"rendered":"<p>Heteken bel\u00fcl indul n\u00e9gy szentendrei-szigeti telep\u00fcl\u00e9s csatorn\u00e1z\u00e1sa, a 3,5 milli\u00e1rd forintos EU-forr\u00e1sb\u00f3l finansz\u00edrozott beruh\u00e1z\u00e1s egy\u00fattal a sziget &#8222;\u00fajj\u00e1\u00e9leszt\u00e9s\u00e9t&#8221; c\u00e9lz\u00f3 strat\u00e9giai terv v\u00e9grehajt\u00e1s\u00e1nak kezdet\u00e9t is jelenti &#8211; mondta a koncepci\u00f3t kidolgoz\u00f3 Pro P\u00f3csmegyer Telep\u00fcl\u00e9sfejleszt\u00e9si Kft. vezet\u0151je az MTI-nek.<\/p>\n","protected":false},"author":1,"featured_media":0,"comment_status":"open","ping_status":"closed","sticky":false,"template":"","format":"standard","meta":[],"categories":[19],"tags":[],"_links":{"self":[{"href":"https:\/\/gazdasagportal.hu\/index.php\/wp-json\/wp\/v2\/posts\/36194"}],"collection":[{"href":"https:\/\/gazdasagportal.hu\/index.php\/wp-json\/wp\/v2\/posts"}],"about":[{"href":"https:\/\/gazdasagportal.hu\/index.php\/wp-json\/wp\/v2\/types\/post"}],"author":[{"embeddable":true,"href":"https:\/\/gazdasagportal.hu\/index.php\/wp-json\/wp\/v2\/users\/1"}],"replies":[{"embeddable":true,"href":"https:\/\/gazdasagportal.hu\/index.php\/wp-json\/wp\/v2\/comments?post=36194"}],"version-history":[{"count":1,"href":"https:\/\/gazdasagportal.hu\/index.php\/wp-json\/wp\/v2\/posts\/36194\/revisions"}],"predecessor-version":[{"id":36195,"href":"https:\/\/gazdasagportal.hu\/index.php\/wp-json\/wp\/v2\/posts\/36194\/revisions\/36195"}],"wp:attachment":[{"href":"https:\/\/gazdasagportal.hu\/index.php\/wp-json\/wp\/v2\/media?parent=36194"}],"wp:term":[{"taxonomy":"category","embeddable":true,"href":"https:\/\/gazdasagportal.hu\/index.php\/wp-json\/wp\/v2\/categories?post=36194"},{"taxonomy":"post_tag","embeddable":true,"href":"https:\/\/gazdasagportal.hu\/index.php\/wp-json\/wp\/v2\/tags?post=36194"}],"curies":[{"name":"wp","href":"https:\/\/api.w.org\/{rel}","templated":true}]}}