{"id":36190,"date":"2014-06-01T13:11:52","date_gmt":"2014-06-01T11:11:52","guid":{"rendered":"http:\/\/stockportal.hu\/?p=36190"},"modified":"2014-06-01T13:11:52","modified_gmt":"2014-06-01T11:11:52","slug":"szakmai-szovetseg-szorgalmazza-panelhazak-mentesiteset-az-azbesztszennyezestol","status":"publish","type":"post","link":"https:\/\/gazdasagportal.hu\/index.php\/szakmai-szovetseg-szorgalmazza-panelhazak-mentesiteset-az-azbesztszennyezestol\/","title":{"rendered":"Szakmai sz\u00f6vets\u00e9g szorgalmazza panelh\u00e1zak mentes\u00edt\u00e9s\u00e9t az azbesztszennyez\u00e9st\u0151l"},"content":{"rendered":"<p><strong>A magyarorsz\u00e1gi lak\u00f3\u00e9p\u00fcletekben, f\u0151leg panelh\u00e1zakban m\u00e9g mindig 150-200 ezer n\u00e9gyzetm\u00e9ternyi sz\u00f3rt azbeszt tal\u00e1lhat\u00f3, a mentes\u00edt\u00e9s mintegy 20-25 milli\u00e1rd forintba ker\u00fclne \u00e9s 30 ezer ember vesz\u00e9lyeztet\u00e9s\u00e9t sz\u00fcntetn\u00e9 meg. Ezt mihamarabb el kellene v\u00e9gezni &#8211; k\u00f6z\u00f6lte a Magyar Azbesztmentes\u00edt\u0151k Sz\u00f6vets\u00e9ge az MTI-vel.<\/strong><!--more--><br \/>\n<div class=\"ads-in-post1\"><div id=\"gazdasagportal.hu_fullbanner_wideboard\"><\/div>\r\n<\/div>\n<p>    A sz\u00f6vets\u00e9g ez\u00e9rt kamp\u00e1nyt ind\u00edt a mentes\u00edt\u00e9sre. Kezdem\u00e9nyezik valamennyi azbesztszennyez\u0151d\u00e9s regisztr\u00e1l\u00e1s\u00e1t, a mentes\u00edt\u00e9s biztons\u00e1gos munkak\u00f6r\u00fclm\u00e9nyeinek megteremt\u00e9s\u00e9t, a t\u00f6rv\u00e9nyi szab\u00e1lyoz\u00e1s m\u00f3dos\u00edt\u00e1s\u00e1t, a mentes\u00edt\u00e9sben r\u00e9sztvev\u0151 munkaad\u00f3k \u00e9s munkav\u00e1llal\u00f3k folyamatos k\u00f6telez\u0151 k\u00e9pz\u00e9s\u00e9t. Szorgalmazz\u00e1k az azbeszt okozta megbeteged\u00e9sek elismer\u00e9s\u00e9t, a munkav\u00e1llal\u00f3k k\u00e1rtalan\u00edt\u00e1s\u00e1t.<br \/>\n    Borsody G\u00e1bor, a sz\u00f6vets\u00e9g eln\u00f6ke az MTI-nek elmondta: fontos a sz\u00e9lesk\u00f6r\u0171 t\u00e1j\u00e9koztat\u00e1s, p\u00e9ld\u00e1ul arr\u00f3l, hogy mik\u00e9ppen kell viselkedni az azbeszttel szennyezett \u00e9p\u00fcletben, lak\u00e1sban. A k\u00f6vetkez\u0151 l\u00e9p\u00e9s a megl\u00e9v\u0151, de nem teljes k\u00f6r\u0171 azbesztkataszter kieg\u00e9sz\u00edt\u00e9se. Az ehhez sz\u00fcks\u00e9ges p\u00e9nzhez p\u00e1ly\u00e1zatokon akar hozz\u00e1jutni a szervezet.<br \/>\n    A sz\u00f6vets\u00e9g k\u00f6zlem\u00e9ny\u00e9ben eml\u00e9keztet arra: az Eur\u00f3pai parlament tavaly m\u00e1rciusban &#8211; civil szervezetek kezdem\u00e9nyez\u00e9s\u00e9re &#8211; hat\u00e1rozatot fogadott el az azbeszt elleni k\u00fczdelemr\u0151l. A fejlett eur\u00f3pai orsz\u00e1gok szakmai szervezetei 2023-ig szeretn\u00e9k azbesztmentess\u00e9 tenni a kontinenst, mivel \u00e9vi 20-30 ezerre tehet\u0151 az azbesztszennyez\u0151d\u00e9st\u0151l elhunytak sz\u00e1ma. Magyarorsz\u00e1g az uni\u00f3ban k\u00f6zepesen szennyezett ter\u00fcletnek min\u0151s\u00fcl.<br \/>\n    A 70-es \u00e9vekt\u0151l az \u00e9p\u00edt\u0151iparban &#8211; el\u0151\u00edr\u00e1sszer\u0171en &#8211; haszn\u00e1lt\u00e1k t\u0171zv\u00e9delemre a sz\u00f3rt azbesztet. A be\u00e9p\u00edtett mennyis\u00e9g 400-450 ezer n\u00e9gyzetm\u00e9terre tehet\u0151, ennek k\u00f6zel fele ker\u00fclt panel lak\u00f3\u00e9p\u00fcletekbe &#8211; \u00e1ll a k\u00f6zlem\u00e9nyben.<br \/>\n    Hangs\u00falyozz\u00e1k, hogy az azbeszt bel\u00e9gz\u00e9s\u00e9nek k\u00e1ros k\u00f6vetkezm\u00e9nyei 10-40 \u00e9vnyi lappang\u00e1s ut\u00e1n jelentkeznek, rendszerint akkor m\u00e1r gy\u00f3gy\u00edthatatlan betegs\u00e9g form\u00e1j\u00e1ban. Gyakori p\u00e9ld\u00e1ul a t\u00fcd\u0151- \u00e9s a g\u00e9ger\u00e1k.<br \/>\n    A sz\u00f6vets\u00e9g a k\u00f6zelj\u00f6v\u0151ben kerekasztal-megbesz\u00e9l\u00e9st kezdem\u00e9nyez az \u00e9rintett hat\u00f3s\u00e1gokkal, amelyek az eln\u00f6k v\u00e9lem\u00e9nye szerint eddig is t\u00e1mogatt\u00e1k a tev\u00e9kenys\u00e9g\u00fcket.(MTI)<\/p>\n","protected":false},"excerpt":{"rendered":"<p>A magyarorsz\u00e1gi lak\u00f3\u00e9p\u00fcletekben, f\u0151leg panelh\u00e1zakban m\u00e9g mindig 150-200 ezer n\u00e9gyzetm\u00e9ternyi sz\u00f3rt azbeszt tal\u00e1lhat\u00f3, a mentes\u00edt\u00e9s mintegy 20-25 milli\u00e1rd forintba ker\u00fclne \u00e9s 30 ezer ember vesz\u00e9lyeztet\u00e9s\u00e9t sz\u00fcntetn\u00e9 meg. Ezt mihamarabb el kellene v\u00e9gezni &#8211; k\u00f6z\u00f6lte a Magyar Azbesztmentes\u00edt\u0151k Sz\u00f6vets\u00e9ge az MTI-vel.<\/p>\n","protected":false},"author":1,"featured_media":0,"comment_status":"open","ping_status":"closed","sticky":false,"template":"","format":"standard","meta":[],"categories":[19],"tags":[],"_links":{"self":[{"href":"https:\/\/gazdasagportal.hu\/index.php\/wp-json\/wp\/v2\/posts\/36190"}],"collection":[{"href":"https:\/\/gazdasagportal.hu\/index.php\/wp-json\/wp\/v2\/posts"}],"about":[{"href":"https:\/\/gazdasagportal.hu\/index.php\/wp-json\/wp\/v2\/types\/post"}],"author":[{"embeddable":true,"href":"https:\/\/gazdasagportal.hu\/index.php\/wp-json\/wp\/v2\/users\/1"}],"replies":[{"embeddable":true,"href":"https:\/\/gazdasagportal.hu\/index.php\/wp-json\/wp\/v2\/comments?post=36190"}],"version-history":[{"count":1,"href":"https:\/\/gazdasagportal.hu\/index.php\/wp-json\/wp\/v2\/posts\/36190\/revisions"}],"predecessor-version":[{"id":36191,"href":"https:\/\/gazdasagportal.hu\/index.php\/wp-json\/wp\/v2\/posts\/36190\/revisions\/36191"}],"wp:attachment":[{"href":"https:\/\/gazdasagportal.hu\/index.php\/wp-json\/wp\/v2\/media?parent=36190"}],"wp:term":[{"taxonomy":"category","embeddable":true,"href":"https:\/\/gazdasagportal.hu\/index.php\/wp-json\/wp\/v2\/categories?post=36190"},{"taxonomy":"post_tag","embeddable":true,"href":"https:\/\/gazdasagportal.hu\/index.php\/wp-json\/wp\/v2\/tags?post=36190"}],"curies":[{"name":"wp","href":"https:\/\/api.w.org\/{rel}","templated":true}]}}