{"id":36188,"date":"2014-06-01T11:46:13","date_gmt":"2014-06-01T09:46:13","guid":{"rendered":"http:\/\/stockportal.hu\/?p=36188"},"modified":"2014-06-01T11:46:13","modified_gmt":"2014-06-01T09:46:13","slug":"ukran-valsag-szlovjanszk-polgarmestere-megsem-tud-semmit-az-ebesz-megfigyelokrol","status":"publish","type":"post","link":"https:\/\/gazdasagportal.hu\/index.php\/ukran-valsag-szlovjanszk-polgarmestere-megsem-tud-semmit-az-ebesz-megfigyelokrol\/","title":{"rendered":"Ukr\u00e1n v\u00e1ls\u00e1g: Szlovjanszk polg\u00e1rmestere m\u00e9gsem tud semmit az EBESZ-megfigyel\u0151kr\u0151l"},"content":{"rendered":"<p><strong>A kelet-ukrajnai Szlovjanszk \u00f6nhatalm\u00falag kiki\u00e1ltott vezet\u0151je nem tud semmit az EBESZ n\u00e9gyf\u0151s megfigyel\u0151i csoportj\u00e1r\u00f3l, amelynek tagjaival h\u00e9tf\u0151n sz\u0171nt meg a kapcsolat &#8211; jelentette az orosz sajt\u00f3 vas\u00e1rnap.<\/strong><!--more--><br \/>\n<div class=\"ads-in-post1\"><div id=\"gazdasagportal.hu_fullbanner_wideboard\"><\/div>\r\n<\/div>\n<p>    Vjacseszlav Ponomarjov azt is k\u00f6z\u00f6lte, hogy az Eur\u00f3pai Biztons\u00e1gi \u00e9s Egy\u00fcttm\u0171k\u00f6d\u00e9si Szervezet egyetlen megfigyel\u0151je sem tart\u00f3zkodik n\u00e1luk. Hozz\u00e1tette, hogy &#8222;mindenki szabad, akiket a m\u00falt h\u00e9ten feltart\u00f3ztattak&#8221;. A kelet-ukrajnai Szlovjanszk &#8222;n\u00e9pi polg\u00e1rmester\u00e9nek&#8221; szavait a Rosszija 24 orosz \u00e1llami h\u00edrtelev\u00edzi\u00f3 id\u00e9zte.<br \/>\n    Kor\u00e1bban az Interfax orosz h\u00edr\u00fcgyn\u00f6ks\u00e9g azt jelentette, hogy a 4 f\u0151s misszi\u00f3 tagjai is kiszabadultak.<br \/>\n    Cs\u00fct\u00f6rt\u00f6k\u00f6n Ponomarjov m\u00e9g azt mondta a RIA Novosztyi orosz h\u00edr\u00fcgyn\u00f6ks\u00e9gnek, hogy az EBESZ-nek azt a megfigyel\u0151csoportj\u00e1t, amelynek egy \u00e9szt, egy d\u00e1n, egy sv\u00e1jci \u00e9s egy t\u00f6r\u00f6k \u00e1llampolg\u00e1rs\u00e1g\u00fa megfigyel\u0151 a tagja, a &#8222;helyi \u00f6nv\u00e9delmi er\u0151k&#8221; fegyveresei fogt\u00e1k el, \u00e9s a n\u00e9gy ember Makijivka telep\u00fcl\u00e9sen van. Szerinte valamilyen berendez\u00e9st tal\u00e1ltak n\u00e1luk, ami felkeltette a szakad\u00e1rok gyan\u00faj\u00e1t.<br \/>\n     Szlovjanszk &#8222;n\u00e9pi polg\u00e1rmestere&#8221; most azt nyilatkozta az ITAR-TASZSZ h\u00edr\u00fcgyn\u00f6ks\u00e9gnek, hogy a sajt\u00f3\u00e9rtes\u00fcl\u00e9seket ellen\u0151rizt\u00e9k, de az \u00e9szt, d\u00e1n, sv\u00e1jci, t\u00f6r\u00f6k EBESZ-megfigyel\u0151 tart\u00f3zkod\u00e1si hely\u00e9r\u0151l m\u00e9g nem kaptak inform\u00e1ci\u00f3t.<br \/>\n    Denisz Pusilin, az \u00fagynevezett donyecki n\u00e9pk\u00f6zt\u00e1rsas\u00e1g korm\u00e1nyf\u0151-helyettese ugyancsak azt nyilatkozta vas\u00e1rnap az orosz \u00e1llami h\u00edr\u00fcgyn\u00f6ks\u00e9gnek, hogy \u0151 sem tud arr\u00f3l, hol van az EBESZ megfigyel\u0151csoportja.<br \/>\n    A nemzetk\u00f6zi szervezet megb\u00edz\u00e1s\u00e1b\u00f3l Kelet-Ukrajn\u00e1ban tev\u00e9kenyked\u0151 megfigyel\u0151kkel h\u00e9tf\u0151n sz\u0171nt meg az EBESZ kapcsolata. Akkor tart\u00f3ztatt\u00e1k fel \u0151ket Donyeck k\u00f6zel\u00e9ben egy ellen\u0151rz\u0151 pontn\u00e1l, \u00e9s az\u00f3ta nincs r\u00f3luk h\u00edr. M\u00e1snap egy tizenegy f\u0151s csoportot fogtak el a szakad\u00e1rok ugyanebben a t\u00e9rs\u00e9gben, de annak tagjait n\u00e9h\u00e1ny \u00f3ra m\u00falva elengedt\u00e9k.<br \/>\n    Wolfgang Ischinger, az EBESZ k\u00fcl\u00f6nmegb\u00edzottja m\u00e9g szerd\u00e1n k\u00f6z\u00f6lte, hogy a szervezet azt fontolgatja, az incidensek miatt befejezik a megfigyel\u0151i tev\u00e9kenys\u00e9get Ukrajn\u00e1ban.(MTI)<\/p>\n","protected":false},"excerpt":{"rendered":"<p>A kelet-ukrajnai Szlovjanszk \u00f6nhatalm\u00falag kiki\u00e1ltott vezet\u0151je nem tud semmit az EBESZ n\u00e9gyf\u0151s megfigyel\u0151i csoportj\u00e1r\u00f3l, amelynek tagjaival h\u00e9tf\u0151n sz\u0171nt meg a kapcsolat &#8211; jelentette az orosz sajt\u00f3 vas\u00e1rnap.<\/p>\n","protected":false},"author":1,"featured_media":0,"comment_status":"open","ping_status":"closed","sticky":false,"template":"","format":"standard","meta":[],"categories":[139],"tags":[],"_links":{"self":[{"href":"https:\/\/gazdasagportal.hu\/index.php\/wp-json\/wp\/v2\/posts\/36188"}],"collection":[{"href":"https:\/\/gazdasagportal.hu\/index.php\/wp-json\/wp\/v2\/posts"}],"about":[{"href":"https:\/\/gazdasagportal.hu\/index.php\/wp-json\/wp\/v2\/types\/post"}],"author":[{"embeddable":true,"href":"https:\/\/gazdasagportal.hu\/index.php\/wp-json\/wp\/v2\/users\/1"}],"replies":[{"embeddable":true,"href":"https:\/\/gazdasagportal.hu\/index.php\/wp-json\/wp\/v2\/comments?post=36188"}],"version-history":[{"count":1,"href":"https:\/\/gazdasagportal.hu\/index.php\/wp-json\/wp\/v2\/posts\/36188\/revisions"}],"predecessor-version":[{"id":36189,"href":"https:\/\/gazdasagportal.hu\/index.php\/wp-json\/wp\/v2\/posts\/36188\/revisions\/36189"}],"wp:attachment":[{"href":"https:\/\/gazdasagportal.hu\/index.php\/wp-json\/wp\/v2\/media?parent=36188"}],"wp:term":[{"taxonomy":"category","embeddable":true,"href":"https:\/\/gazdasagportal.hu\/index.php\/wp-json\/wp\/v2\/categories?post=36188"},{"taxonomy":"post_tag","embeddable":true,"href":"https:\/\/gazdasagportal.hu\/index.php\/wp-json\/wp\/v2\/tags?post=36188"}],"curies":[{"name":"wp","href":"https:\/\/api.w.org\/{rel}","templated":true}]}}