{"id":36140,"date":"2014-05-30T18:13:14","date_gmt":"2014-05-30T16:13:14","guid":{"rendered":"http:\/\/stockportal.hu\/?p=36140"},"modified":"2014-05-30T18:13:14","modified_gmt":"2014-05-30T16:13:14","slug":"nyt-tobb-mint-hetven-amerikai-harcolhat-sziriaban-aszad-ellen","status":"publish","type":"post","link":"https:\/\/gazdasagportal.hu\/index.php\/nyt-tobb-mint-hetven-amerikai-harcolhat-sziriaban-aszad-ellen\/","title":{"rendered":"NYT: t\u00f6bb mint hetven amerikai harcolhat Sz\u00edri\u00e1ban Aszad ellen"},"content":{"rendered":"<p><strong>T\u00f6bb mint hetven amerikai \u00e1llampolg\u00e1r utazhatott Sz\u00edri\u00e1ba, hogy ott Bass\u00e1r el-Aszad eln\u00f6k korm\u00e1nya ellen harcoljon &#8211; \u00edrta p\u00e9nteki sz\u00e1m\u00e1ban h\u00edrszerz\u00e9si \u00e9s terrorelh\u00e1r\u00edt\u00e1si forr\u00e1sokra hivatkozva a The New York Times.<\/strong><!--more--><br \/>\n<div class=\"ads-in-post1\"><div id=\"gazdasagportal.hu_fullbanner_wideboard\"><\/div>\r\n<\/div>\n<p>    A napilap eml\u00e9keztetett arra, hogy vas\u00e1rnap val\u00f3sz\u00edn\u0171leg el\u0151sz\u00f6r k\u00f6vetett el amerikai \u00e1llampolg\u00e1r iszlamista \u00f6ngyilkos mer\u00e9nyletet. A sz\u00edriai sz\u00e9ls\u0151s\u00e9gesek k\u00f6z\u00f6tt Abu Hurajra al-Amriki n\u00e9ven emlegetett f\u00e9rfi, aki egy, az al-Kaid\u00e1val kapcsolatban \u00e1ll\u00f3 szervezet tagja volt, robban\u00f3anyaggal megrakott teheraut\u00f3t robbantott fel Sz\u00edri\u00e1ban. Az al-amriki jelz\u0151 arabul azt jelenti: az amerikai.<br \/>\n    Washingtonban cs\u00fct\u00f6rt\u00f6k\u00f6n hivatalosan meger\u0151s\u00edtett\u00e9k, hogy a mer\u00e9nyl\u0151 val\u00f3ban amerikai \u00e1llampolg\u00e1r volt. A f\u00e9rfit nev\u00e9t egyel\u0151re nem hozt\u00e1k nyilv\u00e1noss\u00e1gra. A CNN h\u00edroldal\u00e1n p\u00e9nteken annyit k\u00f6z\u00f6lt, hogy a f\u00e9rfi Florid\u00e1ban n\u0151tt fel.<br \/>\n    A The New York Times szerint nyugati orsz\u00e1gok mintegy 3 ezer \u00e1llampolg\u00e1ra vehetett r\u00e9szt a sz\u00edriai harcokban. Az \u00e9rintett \u00e1llamok hat\u00f3s\u00e1gai er\u0151fesz\u00edt\u00e9seket tesznek az\u00e9rt, hogy ezeket az utaz\u00e1sokat megakad\u00e1lyozz\u00e1k \u00e9s a visszat\u00e9r\u0151ket \u0151rizetbe vegy\u00e9k.<br \/>\n    Nagy-Britannia bel\u00fcgyminiszt\u00e9riuma eddig legkevesebb 20 dzsih\u00e1dist\u00e1t fosztott meg \u00e1llampolg\u00e1rs\u00e1g\u00e1t\u00f3l, \u00e9s a brit rend\u0151rs\u00e9g az idei els\u0151 negyed\u00e9vben 40 embert tart\u00f3ztatott le Sz\u00edri\u00e1val kapcsolatos v\u00e1dak miatt. Tavaly eg\u00e9sz \u00e9vben csak 25 ilyen int\u00e9zked\u00e9s t\u00f6rt\u00e9nt.(MTI)<\/p>\n","protected":false},"excerpt":{"rendered":"<p>T\u00f6bb mint hetven amerikai \u00e1llampolg\u00e1r utazhatott Sz\u00edri\u00e1ba, hogy ott Bass\u00e1r el-Aszad eln\u00f6k korm\u00e1nya ellen harcoljon &#8211; \u00edrta p\u00e9nteki sz\u00e1m\u00e1ban h\u00edrszerz\u00e9si \u00e9s terrorelh\u00e1r\u00edt\u00e1si forr\u00e1sokra hivatkozva a The New York Times.<\/p>\n","protected":false},"author":1,"featured_media":0,"comment_status":"open","ping_status":"closed","sticky":false,"template":"","format":"standard","meta":[],"categories":[16,116],"tags":[],"_links":{"self":[{"href":"https:\/\/gazdasagportal.hu\/index.php\/wp-json\/wp\/v2\/posts\/36140"}],"collection":[{"href":"https:\/\/gazdasagportal.hu\/index.php\/wp-json\/wp\/v2\/posts"}],"about":[{"href":"https:\/\/gazdasagportal.hu\/index.php\/wp-json\/wp\/v2\/types\/post"}],"author":[{"embeddable":true,"href":"https:\/\/gazdasagportal.hu\/index.php\/wp-json\/wp\/v2\/users\/1"}],"replies":[{"embeddable":true,"href":"https:\/\/gazdasagportal.hu\/index.php\/wp-json\/wp\/v2\/comments?post=36140"}],"version-history":[{"count":1,"href":"https:\/\/gazdasagportal.hu\/index.php\/wp-json\/wp\/v2\/posts\/36140\/revisions"}],"predecessor-version":[{"id":36141,"href":"https:\/\/gazdasagportal.hu\/index.php\/wp-json\/wp\/v2\/posts\/36140\/revisions\/36141"}],"wp:attachment":[{"href":"https:\/\/gazdasagportal.hu\/index.php\/wp-json\/wp\/v2\/media?parent=36140"}],"wp:term":[{"taxonomy":"category","embeddable":true,"href":"https:\/\/gazdasagportal.hu\/index.php\/wp-json\/wp\/v2\/categories?post=36140"},{"taxonomy":"post_tag","embeddable":true,"href":"https:\/\/gazdasagportal.hu\/index.php\/wp-json\/wp\/v2\/tags?post=36140"}],"curies":[{"name":"wp","href":"https:\/\/api.w.org\/{rel}","templated":true}]}}