{"id":36098,"date":"2014-05-30T12:06:40","date_gmt":"2014-05-30T10:06:40","guid":{"rendered":"http:\/\/stockportal.hu\/?p=36098"},"modified":"2014-05-30T12:06:40","modified_gmt":"2014-05-30T10:06:40","slug":"a-tvk-julius-1-jen-fizet-osztalekot","status":"publish","type":"post","link":"https:\/\/gazdasagportal.hu\/index.php\/a-tvk-julius-1-jen-fizet-osztalekot\/","title":{"rendered":"A TVK j\u00falius 1-j\u00e9n fizet osztal\u00e9kot"},"content":{"rendered":"<p><strong>A Mol csoporthoz tartoz\u00f3 tisza\u00fajv\u00e1rosi Tiszai Vegyi Kombin\u00e1t (TVK) Nyrt. j\u00falius 1-j\u00e9n kezdi kifizetni a tavalyi \u00fczleti \u00e9v ut\u00e1n j\u00e1r\u00f3 255 forintos r\u00e9szv\u00e9nyenk\u00e9nti osztal\u00e9kot &#8211; k\u00f6z\u00f6lte a c\u00e9g p\u00e9nteken a Budapesti \u00c9rt\u00e9kt\u0151zsde honlapj\u00e1n.<\/strong><!--more--><br \/>\n<div class=\"ads-in-post1\"><div id=\"gazdasagportal.hu_fullbanner_wideboard\"><\/div>\r\n<\/div>\n<p>    Osztal\u00e9kra jogos\u00edt\u00f3 TVK r\u00e9szv\u00e9nyeket utolj\u00e1ra j\u00fanius 13-\u00e1n lehet v\u00e1s\u00e1rolni a Budapesti \u00c9rt\u00e9kt\u0151zsd\u00e9n.<br \/>\n    A saj\u00e1t r\u00e9szv\u00e9nyeire nem fizet osztal\u00e9kot a vegyipari t\u00e1rsas\u00e1g, azokat nem veszi figyelembe az osztal\u00e9kra jogosult r\u00e9szv\u00e9nyeseket megillet\u0151 r\u00e9szesed\u00e9s meghat\u00e1roz\u00e1sakor.<br \/>\n    A TVK-ban a Molnak k\u00f6zel 95 sz\u00e1zal\u00e9kos a tulajdoni r\u00e9szesed\u00e9se<br \/>\n    A TVK \u00e1prilis 15-\u00e9n megtartott \u00e9ves rendes k\u00f6zgy\u0171l\u00e9se 6 milli\u00e1rd 201 milli\u00f3 forint osztal\u00e9k kifizet\u00e9s\u00e9r\u0151l hat\u00e1rozott, azaz azaz a teljes, magyar sz\u00e1mviteli szab\u00e1lyok szerint meg\u00e1llap\u00edtott 2013. \u00e9vi eredm\u00e9ny\u00e9t osztal\u00e9kfizet\u00e9sre ford\u00edtja.<br \/>\n    A v\u00e1llalat tavaly nem fizetett osztal\u00e9kot, miut\u00e1n a 2012-es \u00e9vet 13,7 milli\u00e1rd forint vesztes\u00e9ggel z\u00e1rta.(MTI)<\/p>\n","protected":false},"excerpt":{"rendered":"<p>A Mol csoporthoz tartoz\u00f3 tisza\u00fajv\u00e1rosi Tiszai Vegyi Kombin\u00e1t (TVK) Nyrt. j\u00falius 1-j\u00e9n kezdi kifizetni a tavalyi \u00fczleti \u00e9v ut\u00e1n j\u00e1r\u00f3 255 forintos r\u00e9szv\u00e9nyenk\u00e9nti osztal\u00e9kot &#8211; k\u00f6z\u00f6lte a c\u00e9g p\u00e9nteken a Budapesti \u00c9rt\u00e9kt\u0151zsde honlapj\u00e1n.<\/p>\n","protected":false},"author":1,"featured_media":0,"comment_status":"open","ping_status":"closed","sticky":false,"template":"","format":"standard","meta":[],"categories":[7,45],"tags":[],"_links":{"self":[{"href":"https:\/\/gazdasagportal.hu\/index.php\/wp-json\/wp\/v2\/posts\/36098"}],"collection":[{"href":"https:\/\/gazdasagportal.hu\/index.php\/wp-json\/wp\/v2\/posts"}],"about":[{"href":"https:\/\/gazdasagportal.hu\/index.php\/wp-json\/wp\/v2\/types\/post"}],"author":[{"embeddable":true,"href":"https:\/\/gazdasagportal.hu\/index.php\/wp-json\/wp\/v2\/users\/1"}],"replies":[{"embeddable":true,"href":"https:\/\/gazdasagportal.hu\/index.php\/wp-json\/wp\/v2\/comments?post=36098"}],"version-history":[{"count":1,"href":"https:\/\/gazdasagportal.hu\/index.php\/wp-json\/wp\/v2\/posts\/36098\/revisions"}],"predecessor-version":[{"id":36099,"href":"https:\/\/gazdasagportal.hu\/index.php\/wp-json\/wp\/v2\/posts\/36098\/revisions\/36099"}],"wp:attachment":[{"href":"https:\/\/gazdasagportal.hu\/index.php\/wp-json\/wp\/v2\/media?parent=36098"}],"wp:term":[{"taxonomy":"category","embeddable":true,"href":"https:\/\/gazdasagportal.hu\/index.php\/wp-json\/wp\/v2\/categories?post=36098"},{"taxonomy":"post_tag","embeddable":true,"href":"https:\/\/gazdasagportal.hu\/index.php\/wp-json\/wp\/v2\/tags?post=36098"}],"curies":[{"name":"wp","href":"https:\/\/api.w.org\/{rel}","templated":true}]}}