{"id":36069,"date":"2014-05-30T04:20:11","date_gmt":"2014-05-30T02:20:11","guid":{"rendered":"http:\/\/stockportal.hu\/?p=36069"},"modified":"2014-05-29T21:20:55","modified_gmt":"2014-05-29T19:20:55","slug":"mesterhazy-lemondasa-fidesz-a-triumviratus-masik-ket-tagjanak-is-tavoznia-kellene","status":"publish","type":"post","link":"https:\/\/gazdasagportal.hu\/index.php\/mesterhazy-lemondasa-fidesz-a-triumviratus-masik-ket-tagjanak-is-tavoznia-kellene\/","title":{"rendered":"Mesterh\u00e1zy lemond\u00e1sa &#8211; Fidesz: a triumvir\u00e1tus m\u00e1sik k\u00e9t tagj\u00e1nak is t\u00e1voznia kellene"},"content":{"rendered":"<p><strong>A Fidesz szerint Mesterh\u00e1zy Attila ut\u00e1n a m\u00e1sik k\u00e9t baloldali vezet\u0151nek, Gyurcs\u00e1ny Ferencnek \u00e9s Bajnai Gordonnak is t\u00e1voznia kellene.<\/strong><!--more--><br \/>\n<div class=\"ads-in-post1\"><div id=\"gazdasagportal.hu_fullbanner_wideboard\"><\/div>\r\n<\/div>\n<p>    &#8222;Most m\u00e1r csak a triumvir\u00e1tus m\u00e1sik k\u00e9t tagj\u00e1nak a t\u00e1voz\u00e1sa v\u00e1rat mag\u00e1ra. Gyurcs\u00e1ny Ferenc \u00e9s Bajnai Gordon \u00e9ppannyira felel\u0151s (&#8230;) a baloldal katasztrof\u00e1lis veres\u00e9g\u00e9\u00e9rt, mint Mesterh\u00e1zy Attila&#8221; &#8211; \u00edgy komment\u00e1lta Kocsis M\u00e1t\u00e9, a korm\u00e1nyp\u00e1rt kommunik\u00e1ci\u00f3s igazgat\u00f3ja budapesti sajt\u00f3t\u00e1j\u00e9koztat\u00f3j\u00e1n, hogy Mesterh\u00e1zy Attila cs\u00fct\u00f6rt\u00f6k\u00f6n lemondott MSZP-p\u00e1rteln\u00f6ki \u00e9s frakci\u00f3vezet\u0151i posztj\u00e1r\u00f3l, egyben jelezte, nem k\u00edv\u00e1n \u00fajraindulni a szocialista p\u00e1rt eln\u00f6ki tiszts\u00e9g\u00e9\u00e9rt.<br \/>\n    A Fidesz politikusa szerint &#8222;a baloldalon Gyurcs\u00e1ny Ferenc a val\u00f3di f\u0151n\u00f6k&#8221;, \u0151 mozgatja a sz\u00e1lakat, &#8222;az \u0151 kott\u00e1j\u00e1b\u00f3l j\u00e1tszik a baloldal&#8221;. Ebb\u0151l viszont az is k\u00f6vetkezik, hogy a v\u00e1laszt\u00e1si veres\u00e9g\u00e9rt viselt felel\u0151ss\u00e9gben is osztoznia kell &#8211; mondta Kocsis M\u00e1t\u00e9.(MTI)<\/p>\n","protected":false},"excerpt":{"rendered":"<p>A Fidesz szerint Mesterh\u00e1zy Attila ut\u00e1n a m\u00e1sik k\u00e9t baloldali vezet\u0151nek, Gyurcs\u00e1ny Ferencnek \u00e9s Bajnai Gordonnak is t\u00e1voznia kellene.<\/p>\n","protected":false},"author":1,"featured_media":0,"comment_status":"open","ping_status":"closed","sticky":false,"template":"","format":"standard","meta":[],"categories":[18],"tags":[],"_links":{"self":[{"href":"https:\/\/gazdasagportal.hu\/index.php\/wp-json\/wp\/v2\/posts\/36069"}],"collection":[{"href":"https:\/\/gazdasagportal.hu\/index.php\/wp-json\/wp\/v2\/posts"}],"about":[{"href":"https:\/\/gazdasagportal.hu\/index.php\/wp-json\/wp\/v2\/types\/post"}],"author":[{"embeddable":true,"href":"https:\/\/gazdasagportal.hu\/index.php\/wp-json\/wp\/v2\/users\/1"}],"replies":[{"embeddable":true,"href":"https:\/\/gazdasagportal.hu\/index.php\/wp-json\/wp\/v2\/comments?post=36069"}],"version-history":[{"count":1,"href":"https:\/\/gazdasagportal.hu\/index.php\/wp-json\/wp\/v2\/posts\/36069\/revisions"}],"predecessor-version":[{"id":36070,"href":"https:\/\/gazdasagportal.hu\/index.php\/wp-json\/wp\/v2\/posts\/36069\/revisions\/36070"}],"wp:attachment":[{"href":"https:\/\/gazdasagportal.hu\/index.php\/wp-json\/wp\/v2\/media?parent=36069"}],"wp:term":[{"taxonomy":"category","embeddable":true,"href":"https:\/\/gazdasagportal.hu\/index.php\/wp-json\/wp\/v2\/categories?post=36069"},{"taxonomy":"post_tag","embeddable":true,"href":"https:\/\/gazdasagportal.hu\/index.php\/wp-json\/wp\/v2\/tags?post=36069"}],"curies":[{"name":"wp","href":"https:\/\/api.w.org\/{rel}","templated":true}]}}