{"id":36055,"date":"2014-05-30T04:40:24","date_gmt":"2014-05-30T02:40:24","guid":{"rendered":"http:\/\/stockportal.hu\/?p=36055"},"modified":"2014-05-29T21:11:32","modified_gmt":"2014-05-29T19:11:32","slug":"mesterhazy-lemondasa-budapesti-parttanacs-juniusban-valasszon-uj-elnokot-az-mszp","status":"publish","type":"post","link":"https:\/\/gazdasagportal.hu\/index.php\/mesterhazy-lemondasa-budapesti-parttanacs-juniusban-valasszon-uj-elnokot-az-mszp\/","title":{"rendered":"Mesterh\u00e1zy lemond\u00e1sa &#8211; Budapesti p\u00e1rttan\u00e1cs: j\u00faniusban v\u00e1lasszon \u00faj eln\u00f6k\u00f6t az MSZP!"},"content":{"rendered":"<p><strong>Az MSZP budapesti p\u00e1rttan\u00e1csa j\u00faniusra rendk\u00edv\u00fcli kongresszus \u00f6sszeh\u00edv\u00e1s\u00e1t javasolja a v\u00e1lasztm\u00e1nynak, azon a p\u00e1rt \u00faj orsz\u00e1gos \u00e9s budapesti eln\u00f6k\u00e9t is megv\u00e1laszthatj\u00e1k.<\/strong><!--more--><br \/>\n<div class=\"ads-in-post1\"><div id=\"gazdasagportal.hu_fullbanner_wideboard\"><\/div>\r\n<\/div>\n<p>    Err\u0151l Alexa Gy\u00f6rgy, az MSZP budapesti aleln\u00f6ke besz\u00e9lt \u00fajs\u00e1g\u00edr\u00f3knak a p\u00e1rttan\u00e1cs cs\u00fct\u00f6rt\u00f6ki \u00fcl\u00e9s\u00e9n kialakult t\u00f6bbs\u00e9gi \u00e1ll\u00e1spontot ismertetve.<br \/>\n    Hangs\u00falyozta, hogy a teljes eln\u00f6ks\u00e9g lemond\u00e1s\u00e1t a helyzet miel\u0151bbi megold\u00e1sa \u00e9rdek\u00e9ben nem t\u00e1mogatj\u00e1k, az \u00faj szocialista frakci\u00f3vezet\u0151 megv\u00e1laszt\u00e1s\u00e1val pedig megv\u00e1rn\u00e1k, ki lesz az \u00faj eln\u00f6k. A politikus hangs\u00falyozta, hogy az \u00f6nkorm\u00e1nyzati v\u00e1laszt\u00e1s ut\u00e1n azonnal teljes tiszt\u00faj\u00edt\u00e1st szeretn\u00e9nek az MSZP sz\u00fcks\u00e9ges \u00e1talak\u00edt\u00e1s\u00e1\u00e9rt.<br \/>\n    Alexa Gy\u00f6rgy k\u00f6z\u00f6lte, a budapesti p\u00e1rttan\u00e1cs tudom\u00e1sul vette Mesterh\u00e1zy Attila cs\u00fct\u00f6rt\u00f6k\u00f6n napk\u00f6zben tett bejelent\u00e9s\u00e9t, hogy lemond a p\u00e1rt orsz\u00e1gos eln\u00f6ki \u00e9s frakci\u00f3vezet\u0151i tiszts\u00e9geir\u0151l.<br \/>\n    Sz\u00f3lt arr\u00f3l is, szeretn\u00e9k, ha arr\u00f3l is a j\u00faniusi rendk\u00edv\u00fcli kongresszus d\u00f6ntene, hogy ki legyen az ut\u00f3da Moln\u00e1r Zsoltnak, az MSZP budapesti eln\u00f6k\u00e9nek, aki a k\u00f6zelm\u00faltban mondott le posztj\u00e1r\u00f3l. A lehets\u00e9ges jel\u00f6ltekr\u0151l azonban nem besz\u00e9lt.<br \/>\n    Az MTI-nek a tan\u00e1cskoz\u00e1s egyik r\u00e9szvev\u0151je azt mondta, hogy Kunhalmi \u00c1gnes is es\u00e9lyes lehet a posztra.<br \/>\n    Alexa Gy\u00f6rgy szerint a budapesti p\u00e1rttan\u00e1cs \u0151szinte, b\u00e1r &#8222;k\u00e9ts\u00e9gtelen\u00fcl nem udvariaskod\u00f3&#8221; vit\u00e1t folytatott a fenti k\u00e9rd\u00e9sekr\u0151l.<br \/>\n    T\u00e1j\u00e9koztat\u00e1sa szerint a test\u00fclet arra is felk\u00e9rte az orsz\u00e1gos v\u00e1lasztm\u00e1nyt, hogy az \u00f6nkorm\u00e1nyzati v\u00e1laszt\u00e1sokra t\u00f6rt\u00e9n\u0151 felk\u00e9sz\u00fcl\u00e9s \u00e9rdek\u00e9ben tegyen javaslatot az orsz\u00e1gos v\u00e1laszt\u00e1si bizotts\u00e1g b\u0151v\u00edt\u00e9s\u00e9re.<br \/>\n    Kiemelte tov\u00e1bb\u00e1: egyet\u00e9rt\u00e9s alakult ki arr\u00f3l is, hogy elfogadhatatlannak tartj\u00e1k azt a korm\u00e1nyoldali felvet\u00e9st, amely szerint a budapesti ker\u00fcletek vezet\u0151i alkothatn\u00e1k a F\u0151v\u00e1rosi K\u00f6zgy\u0171l\u00e9st. A budapesti p\u00e1rttan\u00e1cs szerint ez a megold\u00e1s sz\u00e9ttagoln\u00e1 \u00e9s ir\u00e1ny\u00edthatatlann\u00e1 tenn\u00e9 a f\u0151v\u00e1rost &#8211; hangs\u00falyozta Alexa Gy\u00f6rgy.(MTI)<\/p>\n","protected":false},"excerpt":{"rendered":"<p>Az MSZP budapesti p\u00e1rttan\u00e1csa j\u00faniusra rendk\u00edv\u00fcli kongresszus \u00f6sszeh\u00edv\u00e1s\u00e1t javasolja a v\u00e1lasztm\u00e1nynak, azon a p\u00e1rt \u00faj orsz\u00e1gos \u00e9s budapesti eln\u00f6k\u00e9t is megv\u00e1laszthatj\u00e1k.<\/p>\n","protected":false},"author":1,"featured_media":0,"comment_status":"open","ping_status":"closed","sticky":false,"template":"","format":"standard","meta":[],"categories":[18],"tags":[],"_links":{"self":[{"href":"https:\/\/gazdasagportal.hu\/index.php\/wp-json\/wp\/v2\/posts\/36055"}],"collection":[{"href":"https:\/\/gazdasagportal.hu\/index.php\/wp-json\/wp\/v2\/posts"}],"about":[{"href":"https:\/\/gazdasagportal.hu\/index.php\/wp-json\/wp\/v2\/types\/post"}],"author":[{"embeddable":true,"href":"https:\/\/gazdasagportal.hu\/index.php\/wp-json\/wp\/v2\/users\/1"}],"replies":[{"embeddable":true,"href":"https:\/\/gazdasagportal.hu\/index.php\/wp-json\/wp\/v2\/comments?post=36055"}],"version-history":[{"count":1,"href":"https:\/\/gazdasagportal.hu\/index.php\/wp-json\/wp\/v2\/posts\/36055\/revisions"}],"predecessor-version":[{"id":36056,"href":"https:\/\/gazdasagportal.hu\/index.php\/wp-json\/wp\/v2\/posts\/36055\/revisions\/36056"}],"wp:attachment":[{"href":"https:\/\/gazdasagportal.hu\/index.php\/wp-json\/wp\/v2\/media?parent=36055"}],"wp:term":[{"taxonomy":"category","embeddable":true,"href":"https:\/\/gazdasagportal.hu\/index.php\/wp-json\/wp\/v2\/categories?post=36055"},{"taxonomy":"post_tag","embeddable":true,"href":"https:\/\/gazdasagportal.hu\/index.php\/wp-json\/wp\/v2\/tags?post=36055"}],"curies":[{"name":"wp","href":"https:\/\/api.w.org\/{rel}","templated":true}]}}