{"id":36053,"date":"2014-05-30T04:28:43","date_gmt":"2014-05-30T02:28:43","guid":{"rendered":"http:\/\/stockportal.hu\/?p=36053"},"modified":"2014-05-29T21:09:52","modified_gmt":"2014-05-29T19:09:52","slug":"ilan-mor-politikai-akaraton-mulik-egy-nemzeti-mozgalom-letrejotte","status":"publish","type":"post","link":"https:\/\/gazdasagportal.hu\/index.php\/ilan-mor-politikai-akaraton-mulik-egy-nemzeti-mozgalom-letrejotte\/","title":{"rendered":"Ilan Mor: politikai akaraton m\u00falik egy nemzeti mozgalom l\u00e9trej\u00f6tte"},"content":{"rendered":"<p><strong>Egy nemzeti mozgalom l\u00e9trej\u00f6tte legink\u00e1bb politikai akaraton m\u00falik, nem mindig csak a k\u00f6r\u00fclm\u00e9nyek eredm\u00e9nye &#8211; mondta Ilan Mor, Izrael magyarorsz\u00e1gi nagyk\u00f6vete a Habsburg T\u00f6rt\u00e9neti Int\u00e9zet \u00c1lom az \u00e1llamr\u00f3l c\u00edm\u0171 kerekasztal-besz\u00e9lget\u00e9s\u00e9n cs\u00fct\u00f6rt\u00f6k\u00f6n Budapesten.<\/strong><!--more--><br \/>\n<div class=\"ads-in-post1\"><div id=\"gazdasagportal.hu_fullbanner_wideboard\"><\/div>\r\n<\/div>\n<p>    Ilan Mor az izrael \u00e1llamot meg\u00e1lmod\u00f3 Theodor Herzlr\u0151l sz\u00f3l\u00f3 rendezv\u00e9nyen r\u00e1mutatott: a cionizmus megalap\u00edt\u00f3ja egyik napl\u00f3j\u00e1ban azt \u00edrta: &#8222;egy \u00e1llam megalap\u00edt\u00e1sa f\u0151leg a sz\u00e1nd\u00e9kokon \u00e9s a v\u00e1gyakon alapul, a ter\u00fclet csak a fizikai infrastrukt\u00fara, amelynek keret\u00e9ben az \u00e1llam megval\u00f3sulhat&#8221;.<br \/>\n    Felh\u00edvta a figyelmet: Izrael parlamentj\u00e9nek nagyterm\u00e9ben Herzl Tivadar portr\u00e9ja l\u00e1that\u00f3, ami arra utal, hogy Izrael n\u00e9pe &#8222;az \u0151 vezet\u00e9s\u00e9vel vette kez\u00e9be a sors\u00e1t,&#8221; mert &#8222;igenis lehet egy \u00e1llamunk \u00e9s \u00f6nrendelkez\u00e9s\u00fcnk&#8221;. Herzl azt mondta: &#8222;mi egy n\u00e9p vagyunk&#8221;, amivel \u00fajra\u00e9lesztette Izrael \u00fajraalap\u00edt\u00e1s\u00e1nak gondolat\u00e1t &#8211; jegyezte meg.<br \/>\n    A nagyk\u00f6vet a Theodor Herzl 1904. j\u00fanius 3-\u00e1n bek\u00f6vetkezett hal\u00e1l\u00e1nak \u00e9vfordul\u00f3j\u00e1hoz kapcsol\u00f3d\u00f3 rendezv\u00e9nyen utalt arra: Herzl el\u0151bb halt meg, mint hogy \u00e1lm\u00e1t, az \u00f6n\u00e1ll\u00f3 zsid\u00f3 \u00e1llamot megval\u00f3sulni l\u00e1tta volna. \u00dagy fogalmazott, Izrael ma is c\u00e9ltudatos nemzeti vezet\u0151nek tartja, aki &#8222;egyed\u00fcl volt, nagy pszichol\u00f3giai nyom\u00e1s nehezedett r\u00e1, az \u00e1rral szemben \u00faszott, de soha nem adta fel&#8221;. Eml\u00e9keztetett arra, hogy Ferenc p\u00e1pa h\u00e9tf\u0151n befejez\u0151d\u00f6tt h\u00e1romnapos izraeli l\u00e1togat\u00e1s\u00e1n felkereste Herzl s\u00edrj\u00e1t Jeruzs\u00e1lemben.<br \/>\n    Hozz\u00e1tette: Herzl Tivadar megszervezte az els\u0151 zsid\u00f3 kongresszust, \u00e9s k\u00f6zrem\u0171k\u00f6d\u00f6tt az els\u0151 zsid\u00f3 szervezetek megalak\u00edt\u00e1s\u00e1ban, mert &#8222;meg\u00e9rtette a politikai aktivit\u00e1s fontoss\u00e1g\u00e1t&#8221;, \u00e9s m\u00e1r nem b\u00edzott abban, hogy az Osztr\u00e1k-Magyar Monarchia stabiliz\u00e1lni tudja a zsid\u00f3s\u00e1g helyzet\u00e9t.<br \/>\n    Izrael megalap\u00edt\u00e1s\u00e1nak gondolata akkor v\u00e1lt k\u00fcl\u00f6n\u00f6sen indokoltt\u00e1, amikor &#8222;az eur\u00f3pai politika a nacionalizmus fel\u00e9 tol\u00f3dott el&#8221;, \u00e9s a mai Izraelen k\u00edv\u00fcl m\u00e1s ter\u00fcletek is sz\u00f3ba ker\u00fcltek a zsid\u00f3 \u00e1llam l\u00e9trehoz\u00e1s\u00e1ra &#8211; \u00e1llap\u00edtotta meg.<br \/>\n    Ger\u0151 Andr\u00e1s, a Habsburg T\u00f6rt\u00e9neti Int\u00e9zet igazgat\u00f3ja azt mondta: Herzl 1904-ben, 44 \u00e9vesen halt meg t\u00fcd\u0151gyullad\u00e1sban \u00e9s sz\u00edvel\u00e9gtelens\u00e9gben, mert &#8222;val\u00f3j\u00e1ban hal\u00e1lra dolgozta mag\u00e1t&#8221;.<br \/>\n    Hangs\u00falyozta: Herzl, akinek nev\u00e9t viseli a Doh\u00e1ny utcai zsinag\u00f3ga el\u0151tti t\u00e9r, a 20. sz\u00e1zad elej\u00e9n m\u00e1r r\u00e9szletezte, hogy milyen legyen a zsid\u00f3 \u00e1llam. Szekul\u00e1ris, baloldali vezet\u00e9s\u0171 \u00e1llamot k\u00e9pzelt el, \u00e9s 1977-ig csak baloldali korm\u00e1nyai voltak Izraelnek.<br \/>\n    Megeml\u00edtette, hogy Herzlnek h\u00e1rom gyereke volt, azonban sem \u0151, sem a feles\u00e9ge nemigen foglalkozott vel\u00fck, emiatt sorsuk &#8222;nagyon rosszul alakult&#8221;. Egyik l\u00e1nyuk k\u00e1b\u00edt\u00f3szer-f\u00fcgg\u0151s\u00e9g miatt halt meg, fiuk &#8222;zaklatott, mag\u00e1nyos gyerek lett&#8221; \u00e9s \u00f6ngyilkoss\u00e1gba menek\u00fclt, kisebbik l\u00e1nyuk pedig meg\u0151r\u00fclt \u00e9s Theresienstadtban, a l\u00e1gerben halt meg.<br \/>\n    Ujv\u00e1ri Hedvig, a P\u00e1zm\u00e1ny P\u00e9ter Katolikus Egyetem oktat\u00f3ja, germanista, irodalomt\u00f6rt\u00e9n\u00e9sz arr\u00f3l besz\u00e9lt, hogy Herzl Tivadar egy a Doh\u00e1ny utcai zsinag\u00f3ga melletti h\u00e1zban sz\u00fcletett, csal\u00e1dja pedig a magyarorsz\u00e1gi zsid\u00f3s\u00e1g asszimil\u00e1lt r\u00e9sz\u00e9hez tartozott, ennek megfelel\u0151en a De\u00e1k t\u00e9ri evang\u00e9likus gimn\u00e1ziumba j\u00e1rt, sok zsid\u00f3 di\u00e1kt\u00e1rs\u00e1val egy\u00fctt.<br \/>\n    Elmond\u00e1sa szerint Theodor Herzl fiatalkor\u00e1ban &#8222;ig\u00e9nyes \u00e9s tev\u00e9keny&#8221; irodalmi egyes\u00fcletet hozott l\u00e9tre, \u00e9s magyar nyelv\u0171 hazafias verseket is \u00edrt. A B\u00e9csi Egyetemen v\u00e9gzett a jogi karon, ahol k\u00e9t tan\u00e9ven \u00e1t magyarnak vallotta mag\u00e1t, majd n\u00e9met identit\u00e1st vallott. K\u00e9s\u0151bb Herzl \u00f6t darabj\u00e1t is j\u00e1tszotta a b\u00e9csi Burgtheater, majd a a cionizmus megalap\u00edt\u00f3ja Neue Freie Presse p\u00e1rizsi tud\u00f3s\u00edt\u00f3jak\u00e9nt is dolgozott.(MTI)<\/p>\n","protected":false},"excerpt":{"rendered":"<p>Egy nemzeti mozgalom l\u00e9trej\u00f6tte legink\u00e1bb politikai akaraton m\u00falik, nem mindig csak a k\u00f6r\u00fclm\u00e9nyek eredm\u00e9nye &#8211; mondta Ilan Mor, Izrael magyarorsz\u00e1gi nagyk\u00f6vete a Habsburg T\u00f6rt\u00e9neti Int\u00e9zet \u00c1lom az \u00e1llamr\u00f3l c\u00edm\u0171 kerekasztal-besz\u00e9lget\u00e9s\u00e9n cs\u00fct\u00f6rt\u00f6k\u00f6n Budapesten.<\/p>\n","protected":false},"author":1,"featured_media":0,"comment_status":"open","ping_status":"closed","sticky":false,"template":"","format":"standard","meta":[],"categories":[16],"tags":[],"_links":{"self":[{"href":"https:\/\/gazdasagportal.hu\/index.php\/wp-json\/wp\/v2\/posts\/36053"}],"collection":[{"href":"https:\/\/gazdasagportal.hu\/index.php\/wp-json\/wp\/v2\/posts"}],"about":[{"href":"https:\/\/gazdasagportal.hu\/index.php\/wp-json\/wp\/v2\/types\/post"}],"author":[{"embeddable":true,"href":"https:\/\/gazdasagportal.hu\/index.php\/wp-json\/wp\/v2\/users\/1"}],"replies":[{"embeddable":true,"href":"https:\/\/gazdasagportal.hu\/index.php\/wp-json\/wp\/v2\/comments?post=36053"}],"version-history":[{"count":1,"href":"https:\/\/gazdasagportal.hu\/index.php\/wp-json\/wp\/v2\/posts\/36053\/revisions"}],"predecessor-version":[{"id":36054,"href":"https:\/\/gazdasagportal.hu\/index.php\/wp-json\/wp\/v2\/posts\/36053\/revisions\/36054"}],"wp:attachment":[{"href":"https:\/\/gazdasagportal.hu\/index.php\/wp-json\/wp\/v2\/media?parent=36053"}],"wp:term":[{"taxonomy":"category","embeddable":true,"href":"https:\/\/gazdasagportal.hu\/index.php\/wp-json\/wp\/v2\/categories?post=36053"},{"taxonomy":"post_tag","embeddable":true,"href":"https:\/\/gazdasagportal.hu\/index.php\/wp-json\/wp\/v2\/tags?post=36053"}],"curies":[{"name":"wp","href":"https:\/\/api.w.org\/{rel}","templated":true}]}}