{"id":36047,"date":"2014-05-29T18:48:18","date_gmt":"2014-05-29T16:48:18","guid":{"rendered":"http:\/\/stockportal.hu\/?p=36047"},"modified":"2014-05-29T18:19:10","modified_gmt":"2014-05-29T16:19:10","slug":"ukran-valsag-a-nemzeti-garda-szerint-lividaltak-a-mi-8-as-helikoptert-lelovo-szakadarokat","status":"publish","type":"post","link":"https:\/\/gazdasagportal.hu\/index.php\/ukran-valsag-a-nemzeti-garda-szerint-lividaltak-a-mi-8-as-helikoptert-lelovo-szakadarokat\/","title":{"rendered":"Ukr\u00e1n v\u00e1ls\u00e1g: A Nemzeti G\u00e1rda szerint livid\u00e1lt\u00e1k a Mi-8-as helikoptert lel\u00f6v\u0151 szakad\u00e1rokat"},"content":{"rendered":"<p><strong>Megsemmis\u00edtett\u00e9k az \u00f6sszes szakad\u00e1rt, aki r\u00e9szt vett az ukr\u00e1n l\u00e9gier\u0151 Mi-8-as helikoptere elleni szlovjanszki t\u00e1mad\u00e1sban, amelynek k\u00f6vetkezt\u00e9ben legal\u00e1bb egy tucat katona vesztette \u00e9let\u00e9t, k\u00f6zt\u00fck egy t\u00e1bornok &#8211; k\u00f6z\u00f6lte cs\u00fct\u00f6rt\u00f6k\u00f6n az ukr\u00e1n Nemzeti G\u00e1rda sajt\u00f3oszt\u00e1lya.<\/strong><!--more--><br \/>\n<div class=\"ads-in-post1\"><div id=\"gazdasagportal.hu_fullbanner_wideboard\"><\/div>\r\n<\/div>\n<p>    A kelet-ukrajnai Donyeck megye \u00e9szaki r\u00e9sz\u00e9n l\u00e9v\u0151 Szlovjanszk f\u00f6l\u00f6tt cs\u00fct\u00f6rt\u00f6k\u00f6n l\u0151tt\u00e9k le szeparatist\u00e1k a jelent\u00e9sek szerint orosz gy\u00e1rtm\u00e1ny\u00fa t\u00fcz\u00e9rs\u00e9gi fegyverrel a katon\u00e1kat sz\u00e1ll\u00edt\u00f3 helikoptert.<br \/>\n    A Nemzeti G\u00e1rda k\u00f6zlem\u00e9nye szerint a terrorellenes m\u0171veletben r\u00e9szt vev\u0151 t\u00fcz\u00e9rs\u00e9gi \u00e9s l\u00e9gi egys\u00e9gek csap\u00e1st m\u00e9rtek arra a ter\u00fcletre, ahonnan a helikopterre l\u0151ttek, \u00e9s megsemmis\u00edtett\u00e9k a t\u00e1mad\u00e1st v\u00e9grehajt\u00f3 szakad\u00e1r csoportot.<br \/>\n    K\u00f6zben Donyeckb\u0151l olyan h\u00edrek \u00e9rkeztek, miszerint a &#8222;Vosztok&#8221; (Kelet) elnevez\u00e9s\u0171 Donyec-medencei szeparatista oroszbar\u00e1t z\u00e1szl\u00f3alj tagjai kifejezt\u00e9k tiltakoz\u00e1sukat az \u00f6nhatalm\u00falag kiki\u00e1ltott &#8222;donyecki n\u00e9pk\u00f6zt\u00e1rsas\u00e1g&#8221; tagjai \u00e1ltal elk\u00f6vetett fosztogat\u00e1sokkal \u00e9s \u00e1rul\u00e1sokkal szemben. Helybeliek a k\u00f6z\u00f6ss\u00e9gi port\u00e1lokon arr\u00f3l adtak h\u00edrt, hogy a &#8222;Vosztoknak&#8221; elnevezett csapat tagjai k\u00f6rbevett\u00e9k a &#8222;n\u00e9pk\u00f6zt\u00e1rsas\u00e1giak&#8221; \u00e1ltal megsz\u00e1llt megyei k\u00f6zigazgat\u00e1si hivatal \u00e9p\u00fclet\u00e9t, \u00e9s ut\u00f3bbiak k\u00f6z\u00fcl \u0151rizetbe vettek n\u00e9h\u00e1nyat. A z\u00e1szl\u00f3alj tagjai konvojban, Kamaz teheraut\u00f3kon \u00e9s p\u00e1nc\u00e9lozott harcj\u00e1rm\u0171veken \u00e9rkeztek a hivatalhoz, \u00e9s k\u00f6vetelt\u00e9k a &#8222;donyecki n\u00e9pk\u00f6zt\u00e1rsas\u00e1g&#8221; k\u00e9pvisel\u0151it\u0151l, hogy hagyj\u00e1k el az \u00e9p\u00fcletet.<br \/>\n     A &#8222;Vosztok&#8221; z\u00e1szl\u00f3aljban \u00e1ll\u00edt\u00f3lag csecsenek \u00e9s m\u00e1s kauk\u00e1zusiak is szolg\u00e1lnak \u00f6nk\u00e9ntesk\u00e9nt vagy zsoldosk\u00e9nt. A CNN amerikai h\u00edrtelev\u00edzi\u00f3 egy felv\u00e9tel\u00e9t a napokban tett\u00e9k k\u00f6z\u00e9 ukr\u00e1n h\u00edrforr\u00e1sok, amely szerint a csapatban szolg\u00e1l\u00f3k maguk ismerik el, hogy a Moszkva-bar\u00e1t csecsenf\u00f6ldi eln\u00f6kh\u00f6z, Ramzan Kadirovhoz h\u0171 fegyveresek.(MTI)<\/p>\n","protected":false},"excerpt":{"rendered":"<p>Megsemmis\u00edtett\u00e9k az \u00f6sszes szakad\u00e1rt, aki r\u00e9szt vett az ukr\u00e1n l\u00e9gier\u0151 Mi-8-as helikoptere elleni szlovjanszki t\u00e1mad\u00e1sban, amelynek k\u00f6vetkezt\u00e9ben legal\u00e1bb egy tucat katona vesztette \u00e9let\u00e9t, k\u00f6zt\u00fck egy t\u00e1bornok &#8211; k\u00f6z\u00f6lte cs\u00fct\u00f6rt\u00f6k\u00f6n az ukr\u00e1n Nemzeti G\u00e1rda sajt\u00f3oszt\u00e1lya.<\/p>\n","protected":false},"author":1,"featured_media":0,"comment_status":"open","ping_status":"closed","sticky":false,"template":"","format":"standard","meta":[],"categories":[139],"tags":[],"_links":{"self":[{"href":"https:\/\/gazdasagportal.hu\/index.php\/wp-json\/wp\/v2\/posts\/36047"}],"collection":[{"href":"https:\/\/gazdasagportal.hu\/index.php\/wp-json\/wp\/v2\/posts"}],"about":[{"href":"https:\/\/gazdasagportal.hu\/index.php\/wp-json\/wp\/v2\/types\/post"}],"author":[{"embeddable":true,"href":"https:\/\/gazdasagportal.hu\/index.php\/wp-json\/wp\/v2\/users\/1"}],"replies":[{"embeddable":true,"href":"https:\/\/gazdasagportal.hu\/index.php\/wp-json\/wp\/v2\/comments?post=36047"}],"version-history":[{"count":1,"href":"https:\/\/gazdasagportal.hu\/index.php\/wp-json\/wp\/v2\/posts\/36047\/revisions"}],"predecessor-version":[{"id":36048,"href":"https:\/\/gazdasagportal.hu\/index.php\/wp-json\/wp\/v2\/posts\/36047\/revisions\/36048"}],"wp:attachment":[{"href":"https:\/\/gazdasagportal.hu\/index.php\/wp-json\/wp\/v2\/media?parent=36047"}],"wp:term":[{"taxonomy":"category","embeddable":true,"href":"https:\/\/gazdasagportal.hu\/index.php\/wp-json\/wp\/v2\/categories?post=36047"},{"taxonomy":"post_tag","embeddable":true,"href":"https:\/\/gazdasagportal.hu\/index.php\/wp-json\/wp\/v2\/tags?post=36047"}],"curies":[{"name":"wp","href":"https:\/\/api.w.org\/{rel}","templated":true}]}}