{"id":36043,"date":"2014-05-29T18:15:57","date_gmt":"2014-05-29T16:15:57","guid":{"rendered":"http:\/\/stockportal.hu\/?p=36043"},"modified":"2014-05-29T18:15:57","modified_gmt":"2014-05-29T16:15:57","slug":"kormanynevsor-jobbik-nagy-valtozas-nem-varhato","status":"publish","type":"post","link":"https:\/\/gazdasagportal.hu\/index.php\/kormanynevsor-jobbik-nagy-valtozas-nem-varhato\/","title":{"rendered":"Korm\u00e1nyn\u00e9vsor &#8211; Jobbik: nagy v\u00e1ltoz\u00e1s nem v\u00e1rhat\u00f3"},"content":{"rendered":"<p><strong>A Jobbik nem rem\u00e9l nagy v\u00e1ltoz\u00e1st a korm\u00e1nyzati politik\u00e1ban a k\u00f6vetkez\u0151 n\u00e9gy \u00e9vben &#8211; mondta D\u00far\u00f3 D\u00f3ra, a p\u00e1rt sz\u00f3viv\u0151je az MTI-nek cs\u00fct\u00f6rt\u00f6k\u00f6n, miut\u00e1n Orb\u00e1n Viktor megnevezte harmadik korm\u00e1ny\u00e1nak miniszterjel\u00f6ltjeit.<\/strong><!--more--><br \/>\n<div class=\"ads-in-post1\"><div id=\"gazdasagportal.hu_fullbanner_wideboard\"><\/div>\r\n<\/div>\n<p>    A jobbikos politikus szerint &#8222;Orb\u00e1n Viktor azt a form\u00e1t hozta, amire lehetett sz\u00e1m\u00edtani&#8221;, a korm\u00e1nyn\u00e9vsor nem okozott meglepet\u00e9st, gyakorlatilag majdnem minden miniszterjel\u00f6lt neve szerepelt m\u00e1r kor\u00e1bban a sajt\u00f3ban. D\u00far\u00f3 D\u00f3ra jelezte: szakmai kritik\u00e1ikat a bizotts\u00e1gi meghallgat\u00e1sokon mindegyik jel\u00f6ltnek el fogj\u00e1k mondani.<br \/>\n    Megjegyezte: mag\u00e1val a korm\u00e1nystrukt\u00far\u00e1val sem \u00e9rtenek egyet, hiszen olyan kiemelt ter\u00fcletek, mint az oktat\u00e1s, az eg\u00e9szs\u00e9g\u00fcgy \u00e9s a szoci\u00e1lis ter\u00fclet nem kapnak \u00f6n\u00e1ll\u00f3 t\u00e1rc\u00e1t, hanem tov\u00e1bbra is &#8222;egy miniszt\u00e9riumba zs\u00fafolva&#8221; kell m\u0171k\u00f6dni\u00fck, ami a Jobbik \u00e1ll\u00e1spontja szerint nem lehet hat\u00e9kony.<br \/>\n    Az ellenz\u00e9ki p\u00e1rt azt is s\u00e9relmezi, hogy a vid\u00e9kfejleszt\u00e9si helyett f\u00f6ldm\u0171vel\u00e9s\u00fcgyi t\u00e1rc\u00e1t hoznak l\u00e9tre, amit szint\u00e9n visszal\u00e9p\u00e9snek min\u0151s\u00edtenek.<br \/>\n    D\u00far\u00f3 D\u00f3ra azt mondta: nagy v\u00e1ltoz\u00e1st nem rem\u00e9lnek, hiszen alapvet\u0151 szem\u00e9lyi v\u00e1ltoz\u00e1sok nem lesznek a korm\u00e1ny \u00f6sszet\u00e9tel\u00e9ben. &#8222;Ugyanarra a gazdagoknak kedvez\u0151 korm\u00e1nyz\u00e1sra sz\u00e1m\u00edthatunk, ami az elm\u00falt n\u00e9gy \u00e9vben is volt&#8221; &#8211; jegyezte meg.<br \/>\n    A sz\u00f3viv\u0151 kit\u00e9rt arra is: a legnagyobb meglepet\u00e9st a KDNP-s Seszt\u00e1k Mikl\u00f3s nemzeti fejleszt\u00e9si miniszteri jel\u00f6l\u00e9se okozta, de ir\u00e1nyv\u00e1lt\u00e1sra az \u0151 szem\u00e9lye alapj\u00e1n sem lehet sz\u00e1m\u00edtani a fejleszt\u00e9si t\u00e1rc\u00e1n\u00e1l \u00e9s a korm\u00e1nyzati politik\u00e1ban.(MTI)<\/p>\n","protected":false},"excerpt":{"rendered":"<p>A Jobbik nem rem\u00e9l nagy v\u00e1ltoz\u00e1st a korm\u00e1nyzati politik\u00e1ban a k\u00f6vetkez\u0151 n\u00e9gy \u00e9vben &#8211; mondta D\u00far\u00f3 D\u00f3ra, a p\u00e1rt sz\u00f3viv\u0151je az MTI-nek cs\u00fct\u00f6rt\u00f6k\u00f6n, miut\u00e1n Orb\u00e1n Viktor megnevezte harmadik korm\u00e1ny\u00e1nak miniszterjel\u00f6ltjeit.<\/p>\n","protected":false},"author":1,"featured_media":0,"comment_status":"open","ping_status":"closed","sticky":false,"template":"","format":"standard","meta":[],"categories":[18],"tags":[],"_links":{"self":[{"href":"https:\/\/gazdasagportal.hu\/index.php\/wp-json\/wp\/v2\/posts\/36043"}],"collection":[{"href":"https:\/\/gazdasagportal.hu\/index.php\/wp-json\/wp\/v2\/posts"}],"about":[{"href":"https:\/\/gazdasagportal.hu\/index.php\/wp-json\/wp\/v2\/types\/post"}],"author":[{"embeddable":true,"href":"https:\/\/gazdasagportal.hu\/index.php\/wp-json\/wp\/v2\/users\/1"}],"replies":[{"embeddable":true,"href":"https:\/\/gazdasagportal.hu\/index.php\/wp-json\/wp\/v2\/comments?post=36043"}],"version-history":[{"count":1,"href":"https:\/\/gazdasagportal.hu\/index.php\/wp-json\/wp\/v2\/posts\/36043\/revisions"}],"predecessor-version":[{"id":36044,"href":"https:\/\/gazdasagportal.hu\/index.php\/wp-json\/wp\/v2\/posts\/36043\/revisions\/36044"}],"wp:attachment":[{"href":"https:\/\/gazdasagportal.hu\/index.php\/wp-json\/wp\/v2\/media?parent=36043"}],"wp:term":[{"taxonomy":"category","embeddable":true,"href":"https:\/\/gazdasagportal.hu\/index.php\/wp-json\/wp\/v2\/categories?post=36043"},{"taxonomy":"post_tag","embeddable":true,"href":"https:\/\/gazdasagportal.hu\/index.php\/wp-json\/wp\/v2\/tags?post=36043"}],"curies":[{"name":"wp","href":"https:\/\/api.w.org\/{rel}","templated":true}]}}