{"id":36034,"date":"2014-05-29T16:52:58","date_gmt":"2014-05-29T14:52:58","guid":{"rendered":"http:\/\/stockportal.hu\/?p=36034"},"modified":"2014-05-29T16:52:58","modified_gmt":"2014-05-29T14:52:58","slug":"kormanynevsor-megnevezte-tiz-miniszterjeloltjet-orban-viktor","status":"publish","type":"post","link":"https:\/\/gazdasagportal.hu\/index.php\/kormanynevsor-megnevezte-tiz-miniszterjeloltjet-orban-viktor\/","title":{"rendered":"Korm\u00e1nyn\u00e9vsor: Megnevezte t\u00edz miniszterjel\u00f6ltj\u00e9t Orb\u00e1n Viktor"},"content":{"rendered":"<p><strong>Megnevezte miniszterjel\u00f6ltjeit Orb\u00e1n Viktor: a korm\u00e1nyf\u0151 Semj\u00e9n Zsoltot t\u00e1rca n\u00e9lk\u00fcli miniszternek, Pint\u00e9r S\u00e1ndort bel\u00fcgyminiszternek, Balog Zolt\u00e1nt az emberi er\u0151forr\u00e1sok miniszter\u00e9nek, Fazekas S\u00e1ndort f\u00f6ldm\u0171vel\u00e9s\u00fcgyi miniszternek, Hende Csab\u00e1t honv\u00e9delmi miniszternek, Tr\u00f3cs\u00e1nyi L\u00e1szl\u00f3t igazs\u00e1g\u00fcgyi miniszternek, Navracsics Tibort k\u00fclgazdas\u00e1gi \u00e9s k\u00fcl\u00fcgyminiszternek, Varga Mih\u00e1lyt nemzetgazdas\u00e1gi miniszternek, Seszt\u00e1k Mikl\u00f3st nemzeti fejleszt\u00e9si miniszternek, L\u00e1z\u00e1r J\u00e1nost pedig a Minisztereln\u00f6ks\u00e9get vezet\u0151 miniszternek javasolja kinevezni.<\/strong><!--more--><br \/>\n<div class=\"ads-in-post1\"><div id=\"gazdasagportal.hu_fullbanner_wideboard\"><\/div>\r\n<\/div>\n<p>    Mindez abb\u00f3l a lev\u00e9lb\u0151l der\u00fcl ki, amelyet a minisztereln\u00f6k K\u00f6v\u00e9r L\u00e1szl\u00f3 h\u00e1zeln\u00f6knek k\u00fcld\u00f6tt a jel\u00f6ltek parlamenti bizotts\u00e1gi meghallgat\u00e1s\u00e1val kapcsolatban. A dokumentumot Havasi Bertalan, a Minisztereln\u00f6ki Sajt\u00f3iroda vezet\u0151je juttatta el cs\u00fct\u00f6rt\u00f6k\u00f6n az MTI-hez.<br \/>\n    Orb\u00e1n Viktor level\u00e9ben k\u00e9rte az Orsz\u00e1ggy\u0171l\u00e9s eln\u00f6k\u00e9nek int\u00e9zked\u00e9s\u00e9t, hogy a miniszterjel\u00f6lteket &#8211; akiket a minisztereln\u00f6k javaslat\u00e1ra az \u00e1llamf\u0151 nevez ki t\u00e1rcavezet\u0151knek &#8211; a feladatk\u00f6r\u00fck szerint hat\u00e1sk\u00f6rrel rendelkez\u0151 parlamenti bizotts\u00e1gok meghallgass\u00e1k a kinevez\u00e9s\u00fck el\u0151tt.<br \/>\n    A t\u00edz miniszterjel\u00f6lt k\u00f6z\u00fcl ketten nem voltak tagjai a m\u00e1sodik Orb\u00e1n-korm\u00e1nynak: Tr\u00f3cs\u00e1nyi L\u00e1szl\u00f3 eddigi p\u00e1rizsi nagyk\u00f6vet \u00e9s Seszt\u00e1k Mikl\u00f3s KDNP-s orsz\u00e1ggy\u0171l\u00e9si k\u00e9pvisel\u0151. Ut\u00f3bbi N\u00e9meth L\u00e1szl\u00f3n\u00e9t v\u00e1ltja a Nemzeti Fejleszt\u00e9si Miniszt\u00e9rium \u00e9l\u00e9n. Az elm\u00falt n\u00e9gy \u00e9v egyetlen n\u0151i minisztere mellett a k\u00fcl\u00fcgyeket ir\u00e1ny\u00edt\u00f3 Martonyi J\u00e1nos t\u00e1vozik a kabinetb\u0151l, akinek ut\u00f3dja &#8211; a k\u00fclgazdas\u00e1ggal kib\u0151v\u00edtett t\u00e1rca \u00e9l\u00e9n &#8211; Navracsics Tibor lesz &#8211; der\u00fcl ki a n\u00e9vsorb\u00f3l.<br \/>\n    V\u00e1ltoz\u00e1s tov\u00e1bb\u00e1, hogy L\u00e1z\u00e1r J\u00e1nos eddig \u00e1llamtitk\u00e1rk\u00e9nt vezette a Minisztereln\u00f6ks\u00e9get, amely miniszt\u00e9riumi rangot kap, \u00e9s els\u0151sorban a korm\u00e1nyzati koordin\u00e1ci\u00f3t ell\u00e1t\u00f3 t\u00e1rca lesz.<br \/>\n    A jel\u00f6ltek k\u00f6z\u00f6tt szint\u00e9n ketten vannak, akik nem orsz\u00e1ggy\u0171l\u00e9si k\u00e9pvisel\u0151k: Tr\u00f3cs\u00e1nyi L\u00e1szl\u00f3 \u00e9s Pint\u00e9r S\u00e1ndor. A tov\u00e1bbi nyolc jel\u00f6lt k\u00f6z\u00fcl hatan a Fidesz-frakci\u00f3ban (Balog Zolt\u00e1n, Fazekas S\u00e1ndor, Hende Csaba, Navracsics Tibor, Varga Mih\u00e1ly \u00e9s L\u00e1z\u00e1r J\u00e1nos), ketten pedig (Semj\u00e9n Zsolt \u00e9s Seszt\u00e1k Mikl\u00f3s) a KDNP k\u00e9pvisel\u0151csoportj\u00e1ban \u00fclnek a H\u00e1zban.<br \/>\n    Az Orsz\u00e1ggy\u0171l\u00e9s h\u00e9tf\u0151n fogadta el azt a t\u00f6rv\u00e9nyjavaslatot, amelynek \u00e9rtelm\u00e9ben kilenc miniszt\u00e9riummal m\u0171k\u00f6dik majd a harmadik Orb\u00e1n-korm\u00e1ny. Az m\u00e1r ennek az el\u0151terjeszt\u00e9snek a beny\u00fajt\u00e1sakor kider\u00fclt, hogy megsz\u0171nik az eddig Navracsics Tibor vezette K\u00f6zigazgat\u00e1si \u00e9s Igazs\u00e1g\u00fcgyi Miniszt\u00e9rium, az igazs\u00e1g\u00fcgy \u00f6n\u00e1ll\u00f3 t\u00e1rc\u00e1t kap. Orb\u00e1n Viktor a m\u00falt h\u00e9ten a Br\u00fcsszellel v\u00edvott folyamatos csat\u00e1kkal indokolta az \u00f6n\u00e1ll\u00f3 Igazs\u00e1g\u00fcgyi Miniszt\u00e9rium l\u00e9trehoz\u00e1s\u00e1t. A k\u00f6zigazgat\u00e1s a Minisztereln\u00f6ks\u00e9ghez ker\u00fcl, csak\u00fagy, mint a vid\u00e9kfejleszt\u00e9s.<br \/>\n    L\u00e1z\u00e1r J\u00e1nos kor\u00e1bbi t\u00e1j\u00e9koztat\u00e1sa szerint a leend\u0151 t\u00e1rcavezet\u0151k bizotts\u00e1gi meghallgat\u00e1sa j\u00fanius 2-\u00e1n, azaz j\u00f6v\u0151 h\u00e9tf\u0151n kezd\u0151dik, a miniszterek j\u00fanius 6-\u00e1n tesznek esk\u00fct, \u00e9s v\u00e1rhat\u00f3an j\u00fanius 15-ig Orb\u00e1n Viktor megnevezi az \u00f6sszes \u00e1llamtitk\u00e1rt.(MTI)<\/p>\n","protected":false},"excerpt":{"rendered":"<p>Megnevezte miniszterjel\u00f6ltjeit Orb\u00e1n Viktor: a korm\u00e1nyf\u0151 Semj\u00e9n Zsoltot t\u00e1rca n\u00e9lk\u00fcli miniszternek, Pint\u00e9r S\u00e1ndort bel\u00fcgyminiszternek, Balog Zolt\u00e1nt az emberi er\u0151forr\u00e1sok miniszter\u00e9nek, Fazekas S\u00e1ndort f\u00f6ldm\u0171vel\u00e9s\u00fcgyi miniszternek, Hende Csab\u00e1t honv\u00e9delmi miniszternek, Tr\u00f3cs\u00e1nyi L\u00e1szl\u00f3t igazs\u00e1g\u00fcgyi miniszternek, Navracsics Tibort k\u00fclgazdas\u00e1gi \u00e9s k\u00fcl\u00fcgyminiszternek, Varga Mih\u00e1lyt nemzetgazdas\u00e1gi miniszternek, Seszt\u00e1k Mikl\u00f3st nemzeti fejleszt\u00e9si miniszternek, L\u00e1z\u00e1r J\u00e1nost pedig a Minisztereln\u00f6ks\u00e9get vezet\u0151 miniszternek javasolja kinevezni.<\/p>\n","protected":false},"author":1,"featured_media":32048,"comment_status":"open","ping_status":"closed","sticky":false,"template":"","format":"standard","meta":[],"categories":[146,18],"tags":[],"_links":{"self":[{"href":"https:\/\/gazdasagportal.hu\/index.php\/wp-json\/wp\/v2\/posts\/36034"}],"collection":[{"href":"https:\/\/gazdasagportal.hu\/index.php\/wp-json\/wp\/v2\/posts"}],"about":[{"href":"https:\/\/gazdasagportal.hu\/index.php\/wp-json\/wp\/v2\/types\/post"}],"author":[{"embeddable":true,"href":"https:\/\/gazdasagportal.hu\/index.php\/wp-json\/wp\/v2\/users\/1"}],"replies":[{"embeddable":true,"href":"https:\/\/gazdasagportal.hu\/index.php\/wp-json\/wp\/v2\/comments?post=36034"}],"version-history":[{"count":1,"href":"https:\/\/gazdasagportal.hu\/index.php\/wp-json\/wp\/v2\/posts\/36034\/revisions"}],"predecessor-version":[{"id":36035,"href":"https:\/\/gazdasagportal.hu\/index.php\/wp-json\/wp\/v2\/posts\/36034\/revisions\/36035"}],"wp:featuredmedia":[{"embeddable":true,"href":"https:\/\/gazdasagportal.hu\/index.php\/wp-json\/wp\/v2\/media\/32048"}],"wp:attachment":[{"href":"https:\/\/gazdasagportal.hu\/index.php\/wp-json\/wp\/v2\/media?parent=36034"}],"wp:term":[{"taxonomy":"category","embeddable":true,"href":"https:\/\/gazdasagportal.hu\/index.php\/wp-json\/wp\/v2\/categories?post=36034"},{"taxonomy":"post_tag","embeddable":true,"href":"https:\/\/gazdasagportal.hu\/index.php\/wp-json\/wp\/v2\/tags?post=36034"}],"curies":[{"name":"wp","href":"https:\/\/api.w.org\/{rel}","templated":true}]}}