{"id":36021,"date":"2014-05-29T14:28:20","date_gmt":"2014-05-29T12:28:20","guid":{"rendered":"http:\/\/stockportal.hu\/?p=36021"},"modified":"2014-05-29T14:28:20","modified_gmt":"2014-05-29T12:28:20","slug":"jelentos-uzleti-novekedest-tervez-2014-ben-a-takarekbank","status":"publish","type":"post","link":"https:\/\/gazdasagportal.hu\/index.php\/jelentos-uzleti-novekedest-tervez-2014-ben-a-takarekbank\/","title":{"rendered":"Jelent\u0151s \u00fczleti n\u00f6veked\u00e9st tervez 2014-ben a Takar\u00e9kbank"},"content":{"rendered":"<p><strong>Rendk\u00edv\u00fcli k\u00f6zgy\u0171l\u00e9st tartott cs\u00fct\u00f6rt\u00f6k\u00f6n a Takar\u00e9kBank, amelyen a r\u00e9szv\u00e9nyesek egyebek mellett elfogadt\u00e1k a jelent\u0151s \u00fczleti n\u00f6veked\u00e9st tartalmaz\u00f3 idei tervet, a tavalyi konszolid\u00e1lt besz\u00e1mol\u00f3t, \u00e9s \u00faj igazgat\u00f3s\u00e1gi \u00e9s fel\u00fcgyel\u0151bizotts\u00e1gi tagokat is v\u00e1lasztottak.<\/strong><!--more--><br \/>\n<div class=\"ads-in-post1\"><div id=\"gazdasagportal.hu_fullbanner_wideboard\"><\/div>\r\n<\/div>\n<p>A bank cs\u00fct\u00f6rt\u00f6k\u00f6n arr\u00f3l t\u00e1j\u00e9koztatta az MTI-t, hogy a konszolid\u00e1lt besz\u00e1mol\u00f3 szerint a sz\u00f6vetkezeti hitelint\u00e9zetek k\u00f6zponti bankja \u00e9s az \u00e9rdekelts\u00e9g\u00e9be tartoz\u00f3 v\u00e1llalkoz\u00e1sok 2013-ban 498 milli\u00f3 forint ad\u00f3zott eredm\u00e9nyt \u00e9s 151 milli\u00f3 forintos m\u00e9rleg szerinti eredm\u00e9nyt \u00e9rtek el. A bank 2014-es \u00fczleti terve sz\u00e1mottev\u0151 \u00fczleti volumen- \u00e9s hitelportf\u00f3li\u00f3 b\u0151v\u00fcl\u00e9st, \u00f6sszess\u00e9g\u00e9ben pedig 55 sz\u00e1zal\u00e9kos m\u00e9rlegf\u0151\u00f6sszeg n\u00f6veked\u00e9st ir\u00e1nyoz el\u0151.<br \/>\nA hitelportfoli\u00f3 tervezett dinamikus n\u00f6vel\u00e9se r\u00e9szben az MNB n\u00f6veked\u00e9si hitelprogramj\u00e1nak (nhp) forr\u00e1saira t\u00e1maszkodik, a tervek alapj\u00e1n a Takar\u00e9kBank \u00e9s a sz\u00f6vetkezeti hitelint\u00e9zetek az nhp els\u0151 szakasz\u00e1hoz hasonl\u00f3an a m\u00e1sodik szakaszban is akt\u00edvan r\u00e9szt vesznek. A Takar\u00e9kBank m\u00e9rlegf\u0151\u00f6sszeg\u00e9t emeli a sz\u00f6vetkezeti hitelint\u00e9zetek r\u00e9sz\u00e9re t\u00f6rt\u00e9n\u0151 nhp-forr\u00e1sk\u00f6zvet\u00edt\u00e9s is.<br \/>\nA bank a b\u0151v\u00fcl\u0151 \u00fczleti volumenb\u0151l ad\u00f3d\u00f3an jelent\u0151s jutal\u00e9kbev\u00e9telt \u00e9s kamateredm\u00e9nyt v\u00e1r, \u00f6sszess\u00e9g\u00e9ben a nett\u00f3 bev\u00e9telek 23 sz\u00e1zal\u00e9kos n\u00f6veked\u00e9s\u00e9vel sz\u00e1mol 2013-hoz k\u00e9pest. A bank \u00fczleti terve tartalmazza tov\u00e1bb\u00e1 a sz\u00f6vetkezeti hitelint\u00e9zeti szektor \u00e1tvil\u00e1g\u00edt\u00e1s\u00e1nak befejez\u00e9s\u00e9t, illetve ennek nyom\u00e1n az egyetemleges felel\u0151ss\u00e9gi k\u00f6r teljess\u00e9 t\u00e9tel\u00e9t, a prudenci\u00e1lis\/sz\u00e1mviteli konszolid\u00e1ci\u00f3 elv\u00e9gz\u00e9s\u00e9t, valamint tov\u00e1bbi, a szektor egys\u00e9ges piaci fell\u00e9p\u00e9s\u00e9hez n\u00e9lk\u00fcl\u00f6zhetetlen k\u00f6z\u00f6s szab\u00e1lyzatok (\u00fczletpolitika, marketing) kiad\u00e1s\u00e1t. 2014-ben megt\u00f6rt\u00e9nnek az egys\u00e9ges informatikai rendszer kialak\u00edt\u00e1s\u00e1nak els\u0151 l\u00e9p\u00e9sei is.<br \/>\nA k\u00f6zgy\u0171l\u00e9s \u00faj tiszts\u00e9gvisel\u0151ket is v\u00e1lasztott. A t\u00e1rsas\u00e1g r\u00e9szv\u00e9nyesei az igazgat\u00f3s\u00e1g \u00faj k\u00fcls\u0151 tagj\u00e1v\u00e1 v\u00e1lasztott\u00e1k Sebesty\u00e9n Istv\u00e1nt, a F\u00f3kusz Takar\u00e9ksz\u00f6vetkezet eln\u00f6k-\u00fcgyvezet\u0151j\u00e9t, K\u00f6bli Gyul\u00e1t, a Magyar Takar\u00e9k Befektet\u00e9si \u00e9s Vagyongazd\u00e1lkod\u00e1si Zrt. Igazgat\u00f3s\u00e1g\u00e1nak eln\u00f6k\u00e9t. A fel\u00fcgyel\u0151bizotts\u00e1gi tiszts\u00e9g\u00e9r\u0151l lemondott Sebesty\u00e9n Istv\u00e1n hely\u00e9re \u00faj fb-tagnak P\u00e9nzes L\u00e1szl\u00f3n\u00e9t, a Hajd\u00fa Takar\u00e9ksz\u00f6vetkezet eln\u00f6k-\u00fcgyvezet\u0151j\u00e9t v\u00e1lasztott\u00e1k. A Takar\u00e9kBank Zrt. \u00faj igazgat\u00f3s\u00e1ga a k\u00f6zgy\u0171l\u00e9st k\u00f6vet\u0151 els\u0151 \u00fcl\u00e9s\u00e9n Sebesty\u00e9n Istv\u00e1nt v\u00e1lasztotta meg az igazgat\u00f3s\u00e1g eln\u00f6k\u00e9v\u00e9. Az igazgat\u00f3s\u00e1g \u00faj bels\u0151 tagja lett Vojnits Tam\u00e1s, aki a K\u00f6zgazdas\u00e1gi Elemz\u00e9si \u00e9s Integr\u00e1ci\u00f3s K\u00e9pz\u00e9si Div\u00edzi\u00f3\u00e9rt felel\u0151s vez\u00e9rigazgat\u00f3-helyettesk\u00e9nt dolgozik tov\u00e1bb a bankban. Az Igazgat\u00f3s\u00e1g megk\u00f6sz\u00f6nte a kor\u00e1bbi poz\u00edci\u00f3jukr\u00f3l lemond\u00f3 Vojnits Tam\u00e1s, Brezina Szabolcs \u00e9s Nyikos P\u00e9ter munk\u00e1j\u00e1t.<br \/>\nA k\u00f6zgy\u0171l\u00e9s d\u00f6nt\u00f6tt arr\u00f3l is, hogy a Takar\u00e9kBank nem fizikai, hanem dematerializ\u00e1lt k\u00f6tv\u00e9nyt bocs\u00e1t ki, ami k\u00f6lts\u00e9gmegtakar\u00edt\u00e1st jelent a Takar\u00e9kBank Zrt. sz\u00e1m\u00e1ra \u00e9s jelent\u0151sen egyszer\u0171s\u00edti a kibocs\u00e1t\u00e1si elj\u00e1r\u00e1st. Felid\u00e9zik: a Takar\u00e9kBank 2014. \u00e1prilis 24-i \u00e9ves k\u00f6zgy\u0171l\u00e9s\u00e9n sz\u00f6vetkezeti hitelint\u00e9zetek el\u0151terjeszt\u00e9se alapj\u00e1n a r\u00e9szv\u00e9nyesek 73 sz\u00e1zal\u00e9k\u00e1nak t\u00e1mogat\u00e1s\u00e1val (10 sz\u00e1zal\u00e9k tart\u00f3zkod\u00e1s mellett) elfogadt\u00e1k, hogy a bank 300 ezer darab, \u00f6sszesen 600 milli\u00f3 forint n\u00e9v\u00e9rt\u00e9k\u0171 \u00e9s kibocs\u00e1t\u00e1si \u00e9rt\u00e9k\u0171, &#8222;A&#8221; sorozat\u00fa k\u00f6tv\u00e9nyt bocs\u00e1t ki. A k\u00f6tv\u00e9nykibocs\u00e1t\u00e1s egy\u00e9b felt\u00e9telei v\u00e1ltozatlanok maradnak &#8211; \u00e1ll a k\u00f6zlem\u00e9nyben.(MTI)<\/p>\n","protected":false},"excerpt":{"rendered":"<p>Rendk\u00edv\u00fcli k\u00f6zgy\u0171l\u00e9st tartott cs\u00fct\u00f6rt\u00f6k\u00f6n a Takar\u00e9kBank, amelyen a r\u00e9szv\u00e9nyesek egyebek mellett elfogadt\u00e1k a jelent\u0151s \u00fczleti n\u00f6veked\u00e9st tartalmaz\u00f3 idei tervet, a tavalyi konszolid\u00e1lt besz\u00e1mol\u00f3t, \u00e9s \u00faj igazgat\u00f3s\u00e1gi \u00e9s fel\u00fcgyel\u0151bizotts\u00e1gi tagokat is v\u00e1lasztottak.<\/p>\n","protected":false},"author":1,"featured_media":23204,"comment_status":"open","ping_status":"closed","sticky":false,"template":"","format":"standard","meta":[],"categories":[19],"tags":[],"_links":{"self":[{"href":"https:\/\/gazdasagportal.hu\/index.php\/wp-json\/wp\/v2\/posts\/36021"}],"collection":[{"href":"https:\/\/gazdasagportal.hu\/index.php\/wp-json\/wp\/v2\/posts"}],"about":[{"href":"https:\/\/gazdasagportal.hu\/index.php\/wp-json\/wp\/v2\/types\/post"}],"author":[{"embeddable":true,"href":"https:\/\/gazdasagportal.hu\/index.php\/wp-json\/wp\/v2\/users\/1"}],"replies":[{"embeddable":true,"href":"https:\/\/gazdasagportal.hu\/index.php\/wp-json\/wp\/v2\/comments?post=36021"}],"version-history":[{"count":1,"href":"https:\/\/gazdasagportal.hu\/index.php\/wp-json\/wp\/v2\/posts\/36021\/revisions"}],"predecessor-version":[{"id":36022,"href":"https:\/\/gazdasagportal.hu\/index.php\/wp-json\/wp\/v2\/posts\/36021\/revisions\/36022"}],"wp:featuredmedia":[{"embeddable":true,"href":"https:\/\/gazdasagportal.hu\/index.php\/wp-json\/wp\/v2\/media\/23204"}],"wp:attachment":[{"href":"https:\/\/gazdasagportal.hu\/index.php\/wp-json\/wp\/v2\/media?parent=36021"}],"wp:term":[{"taxonomy":"category","embeddable":true,"href":"https:\/\/gazdasagportal.hu\/index.php\/wp-json\/wp\/v2\/categories?post=36021"},{"taxonomy":"post_tag","embeddable":true,"href":"https:\/\/gazdasagportal.hu\/index.php\/wp-json\/wp\/v2\/tags?post=36021"}],"curies":[{"name":"wp","href":"https:\/\/api.w.org\/{rel}","templated":true}]}}