{"id":35897,"date":"2014-05-28T11:31:11","date_gmt":"2014-05-28T09:31:11","guid":{"rendered":"http:\/\/stockportal.hu\/?p=35897"},"modified":"2014-05-28T11:04:16","modified_gmt":"2014-05-28T09:04:16","slug":"felmeres-a-britek-30-szazaleka-eloiteletesnek-vallja-maga","status":"publish","type":"post","link":"https:\/\/gazdasagportal.hu\/index.php\/felmeres-a-britek-30-szazaleka-eloiteletesnek-vallja-maga\/","title":{"rendered":"Felm\u00e9r\u00e9s: a britek 30 sz\u00e1zal\u00e9ka el\u0151\u00edt\u00e9letesnek vallja mag\u00e1t"},"content":{"rendered":"<p><strong>A britek 30 sz\u00e1zal\u00e9ka elismeri, hogy rasszista el\u0151\u00edt\u00e9leteket t\u00e1pl\u00e1l.<\/strong><!--more--><br \/>\n<div class=\"ads-in-post1\"><div id=\"gazdasagportal.hu_fullbanner_wideboard\"><\/div>\r\n<\/div>\n<p>    A legnagyobb f\u00fcggetlen brit t\u00e1rsadalomkutat\u00f3 int\u00e9zet, a NatCen szerd\u00e1n ismertetett \u00e1tfog\u00f3 felm\u00e9r\u00e9se kimutatta azt is, hogy a valamilyen m\u00e9rt\u00e9kben el\u0151\u00edt\u00e9letes gondolkod\u00e1s\u00faak ar\u00e1nya \u00e9venk\u00e9nti jelent\u0151s ingadoz\u00e1sokkal ugyan, de hossz\u00fa id\u0151t\u00e1vot tekintve n\u00f6vekv\u0151ben van, \u00e9s ism\u00e9t el\u00e9ri a h\u00e1rom \u00e9vtizeddel ezel\u0151tt m\u00e9rt szintet.<br \/>\n    Arra a k\u00e9rd\u00e9sre, hogy mennyire jellemz\u0151 gondolkod\u00e1sukra a rasszista el\u0151\u00edt\u00e9let, a megk\u00e9rdezettek 30 sz\u00e1zal\u00e9ka jel\u00f6lte be a &#8222;kicsit&#8221; vagy a &#8222;nagyon&#8221; v\u00e1laszlehet\u0151s\u00e9geket.<br \/>\n    Az eddigi rekord\u00e9rt\u00e9ket a kutat\u00f3int\u00e9zet 1987-ben m\u00e9rte: akkor 38 sz\u00e1zal\u00e9knyian mondt\u00e1k magukat el\u0151\u00edt\u00e9letesnek. Innen az ar\u00e1ny cs\u00f6kken\u00e9snek indult, \u00e9s 2001-ben \u00e9rte el eddigi m\u00e9lypontj\u00e1t, 25 sz\u00e1zal\u00e9kkal. Az\u00f3ta viszont ism\u00e9t emelkedik, \u00e9s 2011-ben be\u00e1ll\u00edtotta a 38 sz\u00e1zal\u00e9kos rekordot.<br \/>\n    A k\u00f6vetkez\u0151 \u00e9vben 26 sz\u00e1zal\u00e9kra esett vissza az el\u0151\u00edt\u00e9letes gondolkod\u00e1sukat elismer\u0151k ar\u00e1nya, a NatCen szak\u00e9rt\u0151i szerint f\u0151leg az etnikai kisebbs\u00e9gekhez tartoz\u00f3 brit sportol\u00f3k \u00e1ltal a 2012-es londoni ny\u00e1ri olimpiai j\u00e1t\u00e9kokon el\u00e9rt kiemelked\u0151 sikerek hat\u00e1s\u00e1ra.<br \/>\n    Az\u00f3ta azonban \u00fajb\u00f3l n\u00f6vekszik az \u00f6nmaguk \u00e1ltal is elismerten el\u0151\u00edt\u00e9letes gondolkod\u00e1s\u00faak ar\u00e1nya, amely jelenleg 30 sz\u00e1zal\u00e9k &#8211; \u00e1ll az elemz\u00e9sben.<br \/>\n    A NatCen \u00e1ltal a felm\u00e9r\u00e9shez f\u0171z\u00f6tt grafikus kimutat\u00e1s egy\u00e9rtelm\u0171en jelzi, hogy az el\u0151\u00edt\u00e9letes gondolkod\u00e1s t\u00e9rnyer\u00e9se a brit t\u00e1rsadalomban sokszor kapcsolhat\u00f3 gazdas\u00e1gi vagy vil\u00e1gpolitikai traum\u00e1khoz. Az 1987-ben m\u00e9rt kiugr\u00e1s az abban az \u00e9vben bek\u00f6vetkezett &#8211; a gazdas\u00e1gt\u00f6rt\u00e9netbe &#8222;Fekete H\u00e9tf\u0151k\u00e9nt&#8221; bevonult &#8211; glob\u00e1lis t\u0151zsdei \u00f6sszeoml\u00e1st k\u00f6vette, a 2001. szeptember 11-ei amerikai mer\u00e9nyletsorozat \u00f3ta pedig \u00e9venk\u00e9nti jelent\u0151s ingadoz\u00e1sokkal ugyan, de \u00f6sszess\u00e9g\u00e9ben folyamatos az el\u0151\u00edt\u00e9letes gondolkod\u00e1s\u00fa britek ar\u00e1ny\u00e1nak emelked\u00e9se.<br \/>\n    Az okok k\u00f6z\u00f6tt szerepel a nagyar\u00e1ny\u00fa bev\u00e1ndorl\u00e1s is, b\u00e1r a felm\u00e9r\u00e9s kimutatta, hogy a magukat nem el\u0151\u00edt\u00e9letesnek vall\u00f3k csaknem h\u00e1romnegyede is a bev\u00e1ndorl\u00f3k sz\u00e1m\u00e1nak cs\u00f6kken\u00e9s\u00e9t szeretn\u00e9. Az el\u0151\u00edt\u00e9letes gondolkod\u00e1st elismer\u0151k k\u00f6z\u00f6tt 90 sz\u00e1zal\u00e9k az \u00edgy nyilatkoz\u00f3k ar\u00e1nya.<br \/>\n    Az orsz\u00e1gos \u00e1tlagon bel\u00fcl London t\u0171nik a legtoler\u00e1nsabbnak: a brit f\u0151v\u00e1ros belter\u00fclet\u00e9n \u00e9l\u0151 megk\u00e9rdezetteknek mind\u00f6ssze a 16 sz\u00e1zal\u00e9ka mondta azt, hogy jellemz\u0151 r\u00e1 a rasszista el\u0151\u00edt\u00e9let. A legmagasabb ar\u00e1nyt a NatCen kutat\u00f3i a k\u00f6z\u00e9p-angliai West Midlands t\u00e9rs\u00e9gben m\u00e9rt\u00e9k: itt 35 sz\u00e1zal\u00e9knyian mondt\u00e1k magukat el\u0151\u00edt\u00e9letes gondolkod\u00e1s\u00fanak.<br \/>\n    A felm\u00e9r\u00e9s kimutatta azt is, hogy az \u00e9letkor emelked\u00e9s\u00e9vel szint\u00e9n n\u00f6vekszik az el\u0151\u00edt\u00e9letes gondolkod\u00e1st elismer\u0151k ar\u00e1nya.(MTI)<\/p>\n","protected":false},"excerpt":{"rendered":"<p>A britek 30 sz\u00e1zal\u00e9ka elismeri, hogy rasszista el\u0151\u00edt\u00e9leteket t\u00e1pl\u00e1l.<\/p>\n","protected":false},"author":1,"featured_media":0,"comment_status":"open","ping_status":"closed","sticky":false,"template":"","format":"standard","meta":[],"categories":[12],"tags":[],"_links":{"self":[{"href":"https:\/\/gazdasagportal.hu\/index.php\/wp-json\/wp\/v2\/posts\/35897"}],"collection":[{"href":"https:\/\/gazdasagportal.hu\/index.php\/wp-json\/wp\/v2\/posts"}],"about":[{"href":"https:\/\/gazdasagportal.hu\/index.php\/wp-json\/wp\/v2\/types\/post"}],"author":[{"embeddable":true,"href":"https:\/\/gazdasagportal.hu\/index.php\/wp-json\/wp\/v2\/users\/1"}],"replies":[{"embeddable":true,"href":"https:\/\/gazdasagportal.hu\/index.php\/wp-json\/wp\/v2\/comments?post=35897"}],"version-history":[{"count":2,"href":"https:\/\/gazdasagportal.hu\/index.php\/wp-json\/wp\/v2\/posts\/35897\/revisions"}],"predecessor-version":[{"id":35899,"href":"https:\/\/gazdasagportal.hu\/index.php\/wp-json\/wp\/v2\/posts\/35897\/revisions\/35899"}],"wp:attachment":[{"href":"https:\/\/gazdasagportal.hu\/index.php\/wp-json\/wp\/v2\/media?parent=35897"}],"wp:term":[{"taxonomy":"category","embeddable":true,"href":"https:\/\/gazdasagportal.hu\/index.php\/wp-json\/wp\/v2\/categories?post=35897"},{"taxonomy":"post_tag","embeddable":true,"href":"https:\/\/gazdasagportal.hu\/index.php\/wp-json\/wp\/v2\/tags?post=35897"}],"curies":[{"name":"wp","href":"https:\/\/api.w.org\/{rel}","templated":true}]}}