{"id":35856,"date":"2014-05-27T18:19:58","date_gmt":"2014-05-27T16:19:58","guid":{"rendered":"http:\/\/stockportal.hu\/?p=35856"},"modified":"2014-05-27T17:21:14","modified_gmt":"2014-05-27T15:21:14","slug":"amerikai-szakerto-a-kinai-vallalatok-a-nyugati-orszagok-fele-igyekeznek","status":"publish","type":"post","link":"https:\/\/gazdasagportal.hu\/index.php\/amerikai-szakerto-a-kinai-vallalatok-a-nyugati-orszagok-fele-igyekeznek\/","title":{"rendered":"Amerikai szak\u00e9rt\u0151: a k\u00ednai v\u00e1llalatok a nyugati orsz\u00e1gok fel\u00e9 igyekeznek"},"content":{"rendered":"<p><strong>A k\u00ednai v\u00e1llalatok v\u00e1rhat\u00f3an fokozz\u00e1k nyugati orsz\u00e1gokbeli terjeszked\u00e9s\u00fcket a j\u00f6v\u0151ben   &#8211; mondta el Joel Backaler, az amerikai-k\u00ednai kapcsolatok nemzeti bizotts\u00e1g\u00e1nak tagja Sanghajban.<\/strong><!--more--><br \/>\n<div class=\"ads-in-post1\"><div id=\"gazdasagportal.hu_fullbanner_wideboard\"><\/div>\r\n<\/div>\n<p>    A k\u00ednai c\u00e9gek az elm\u00falt \u00e9vekben jelent\u0151sen n\u00f6velt\u00e9k befektet\u00e9seiket nyugati orsz\u00e1gokban &#8211; mutatott r\u00e1 Backaler az Eur\u00f3pai Uni\u00f3 helyi kereskedelmi kamar\u00e1j\u00e1ban tartott el\u0151ad\u00e1s\u00e1n.<br \/>\n    A statisztik\u00e1k szerint az Egyes\u00fclt \u00c1llamokban 14 milli\u00e1rd doll\u00e1r \u00e9rt\u00e9kben 82 k\u00ednai befektet\u00e9st jegyeztek 2013 sor\u00e1n, ugyanakkor 35 eur\u00f3pai orsz\u00e1gban 7300 k\u00ednai c\u00e9g volt jelen tavaly \u00e9v v\u00e9g\u00e9n, m\u00e1sf\u00e9lszer annyi, mint 2011-ben.     A vil\u00e1g legnagyobb c\u00e9geit a felt\u00f6rekv\u0151 piacokkal kapcsolatos strat\u00e9giai tan\u00e1csokkal ell\u00e1t\u00f3 Frontier Strategy Group igazgat\u00f3ja \u00fagy v\u00e9lekedett: a nyugati terjeszked\u00e9s motorja r\u00e9szint az, hogy hogy a vagyonosod\u00f3, tereb\u00e9lyesed\u0151 c\u00e9geket K\u00edna globaliz\u00e1ci\u00f3j\u00e1val p\u00e1rhuzamosan a nemzetk\u00f6ziv\u00e9 v\u00e1l\u00e1s v\u00e1gya f\u0171ti. Ezt a hat\u00e1rokon bel\u00fcli verseny is \u00f6szt\u00f6nzi, ami az elm\u00falt \u00e9vekben szinte minden ipar\u00e1gban ki\u00e9lez\u0151d\u00f6tt. Ugyanakkor a k\u00ednai vezet\u00e9s k\u00f6zponti \u00f6szt\u00f6nz\u0151kkel, kedvezm\u00e9nyes politik\u00e1kkal kifejezetten t\u00e1mogatja a hat\u00e1rokon t\u00fal beruh\u00e1z\u00f3kat. Ez hatalmas seg\u00edts\u00e9g a c\u00e9gek sz\u00e1m\u00e1ra, amelyre kor\u00e1bban sosem volt p\u00e9lda &#8211; tette hozz\u00e1 a szak\u00e9rt\u0151.<br \/>\n    A nemzetk\u00f6zi terjeszked\u00e9sen t\u00fal a nyugati orsz\u00e1gokbeli c\u00e9geket felv\u00e1s\u00e1rl\u00f3 k\u00ednai v\u00e1llalatoknak c\u00e9lja a j\u00f3l m\u0171k\u00f6d\u0151 \u00fczleti gyakorlatok \u00e9s technol\u00f3gi\u00e1k elsaj\u00e1t\u00edt\u00e1sa is. Egyre fontosabb tov\u00e1bb\u00e1 a tehets\u00e9ges munkaer\u0151 bevonz\u00e1sa, a helyi menedzsment megtart\u00e1sa, amely egyr\u00e9szt tanul\u00f3i b\u00e1zis a k\u00fclf\u00f6ld\u00f6n jellemz\u0151en tapasztalatlan c\u00e9geknek, m\u00e1sr\u00e9szt a felv\u00e1s\u00e1rolt egys\u00e9gek fenntarthat\u00f3 m\u0171k\u00f6d\u00e9s\u00e9t seg\u00edti. A k\u00ednai v\u00e1llalatok sz\u00e1m\u00e1ra ugyanis az egyik f\u0151 probl\u00e9ma, hogy a t\u00e1vols\u00e1g, a kult\u00far\u00e1k k\u00f6zti k\u00fcl\u00f6nbs\u00e9gek \u00e9s adminisztr\u00e1ci\u00f3s folyamatok miatt a tulajdonosi l\u00e1togat\u00e1sok neh\u00e9zkesek, vagyis a c\u00e9lorsz\u00e1gban j\u00f3l m\u0171k\u00f6d\u0151, megb\u00edzhat\u00f3 menedzsmentre van sz\u00fcks\u00e9g\u00fck.<br \/>\n    A nyugatra igyekv\u0151 c\u00e9gek emellett a helyi korm\u00e1nyokkal val\u00f3 kapcsolatot is m\u00e9rlegelik, s \u00f6r\u00f6mmel l\u00e1tj\u00e1k a kifejezetten nekik sz\u00f3l\u00f3 kedvezm\u00e9nyeket.<br \/>\n    Az MTI tud\u00f3s\u00edt\u00f3j\u00e1nak k\u00e9rd\u00e9s\u00e9re Backaler \u00fagy fogalmazott: nem jellemz\u0151, hogy a nyugati orsz\u00e1gok elutas\u00edt\u00f3ak lenn\u00e9nek a k\u00ednai befektet\u0151kkel szemben, igaz, az Egyes\u00fclt \u00c1llamok r\u00e9sz\u00e9r\u0151l tov\u00e1bbra is a bizonytalans\u00e1g tapasztalhat\u00f3. Az USA \u00e9s az eur\u00f3pai orsz\u00e1gok \u00f6sszehasonl\u00edt\u00e1s\u00e1ban egy\u00e9rtelm\u0171en az ut\u00f3bbiak vonz\u00f3bbak, szimpatikusabbak a k\u00ednaiak sz\u00e1m\u00e1ra, \u00e9s ezt az \u00e9rintett orsz\u00e1goknak ki kellene haszn\u00e1lniuk &#8211; v\u00e9lekedett Backaler.(MTI)<\/p>\n","protected":false},"excerpt":{"rendered":"<p>A k\u00ednai v\u00e1llalatok v\u00e1rhat\u00f3an fokozz\u00e1k nyugati orsz\u00e1gokbeli terjeszked\u00e9s\u00fcket a j\u00f6v\u0151ben &#8211; mondta el Joel Backaler, az amerikai-k\u00ednai kapcsolatok nemzeti bizotts\u00e1g\u00e1nak tagja Sanghajban.<\/p>\n","protected":false},"author":1,"featured_media":0,"comment_status":"open","ping_status":"closed","sticky":false,"template":"","format":"standard","meta":[],"categories":[12],"tags":[],"_links":{"self":[{"href":"https:\/\/gazdasagportal.hu\/index.php\/wp-json\/wp\/v2\/posts\/35856"}],"collection":[{"href":"https:\/\/gazdasagportal.hu\/index.php\/wp-json\/wp\/v2\/posts"}],"about":[{"href":"https:\/\/gazdasagportal.hu\/index.php\/wp-json\/wp\/v2\/types\/post"}],"author":[{"embeddable":true,"href":"https:\/\/gazdasagportal.hu\/index.php\/wp-json\/wp\/v2\/users\/1"}],"replies":[{"embeddable":true,"href":"https:\/\/gazdasagportal.hu\/index.php\/wp-json\/wp\/v2\/comments?post=35856"}],"version-history":[{"count":1,"href":"https:\/\/gazdasagportal.hu\/index.php\/wp-json\/wp\/v2\/posts\/35856\/revisions"}],"predecessor-version":[{"id":35857,"href":"https:\/\/gazdasagportal.hu\/index.php\/wp-json\/wp\/v2\/posts\/35856\/revisions\/35857"}],"wp:attachment":[{"href":"https:\/\/gazdasagportal.hu\/index.php\/wp-json\/wp\/v2\/media?parent=35856"}],"wp:term":[{"taxonomy":"category","embeddable":true,"href":"https:\/\/gazdasagportal.hu\/index.php\/wp-json\/wp\/v2\/categories?post=35856"},{"taxonomy":"post_tag","embeddable":true,"href":"https:\/\/gazdasagportal.hu\/index.php\/wp-json\/wp\/v2\/tags?post=35856"}],"curies":[{"name":"wp","href":"https:\/\/api.w.org\/{rel}","templated":true}]}}