{"id":35851,"date":"2014-05-27T17:33:00","date_gmt":"2014-05-27T15:33:00","guid":{"rendered":"http:\/\/stockportal.hu\/?p=35851"},"modified":"2014-05-27T17:14:09","modified_gmt":"2014-05-27T15:14:09","slug":"uj-vezetok-a-premium-penztarak-elen","status":"publish","type":"post","link":"https:\/\/gazdasagportal.hu\/index.php\/uj-vezetok-a-premium-penztarak-elen\/","title":{"rendered":"\u00daj vezet\u0151k a Pr\u00e9mium p\u00e9nzt\u00e1rak \u00e9l\u00e9n"},"content":{"rendered":"<p><strong>A j\u00f6v\u0151ben V\u00e1radi P\u00e9ter t\u00f6lti be az AXA szervezet\u00e9t\u0151l a k\u00f6zelm\u00faltban f\u00fcggetlenn\u00e9 v\u00e1lt Pr\u00e9mium Eg\u00e9szs\u00e9gp\u00e9nzt\u00e1r, Pr\u00e9mium \u00d6nk\u00e9ntes Nyugd\u00edjp\u00e9nzt\u00e1r \u00e9s Horizont Mag\u00e1nnyugd\u00edjp\u00e9nzt\u00e1r igazgat\u00f3tan\u00e1csainak eln\u00f6ki posztj\u00e1t, a p\u00e9nzt\u00e1rak m\u0171k\u00f6d\u00e9s\u00e9t pedig Pataki Tam\u00e1sn\u00e9 ir\u00e1ny\u00edtja majd \u00fcgyvezet\u0151 igazgat\u00f3k\u00e9nt &#8211; k\u00f6z\u00f6lt\u00e9k a p\u00e9nzt\u00e1rak kedden az MTI-vel.<\/strong><!--more--><br \/>\n<div class=\"ads-in-post1\"><div id=\"gazdasagportal.hu_fullbanner_wideboard\"><\/div>\r\n<\/div>\n<p>    Az egy\u00fctt 205 ezer tagot sz\u00e1ml\u00e1l\u00f3, kor\u00e1bbi AXA Eg\u00e9szs\u00e9gp\u00e9nzt\u00e1r \u00e9s AXA \u00d6nk\u00e9ntes Nyugd\u00edjp\u00e9nzt\u00e1r igazgat\u00f3s\u00e1gai id\u00e9n febru\u00e1rban d\u00f6nt\u00f6ttek arr\u00f3l, hogy Pr\u00e9mium Eg\u00e9szs\u00e9gp\u00e9nzt\u00e1r \u00e9s Pr\u00e9mium \u00d6nk\u00e9ntes Nyugd\u00edjp\u00e9nzt\u00e1r n\u00e9ven \u00faj strat\u00e9gi\u00e1val, az AXA szervezet\u00e9t\u0151l f\u00fcggetlen\u00fcl m\u0171k\u00f6dnek tov\u00e1bb. A p\u00e9nzt\u00e1rak akkor azt k\u00f6z\u00f6lt\u00e9k, hogy a t\u00f6bbl\u00e9pcs\u0151s meg\u00fajul\u00e1s v\u00e1rhat\u00f3an 2015 elej\u00e9n z\u00e1rul le.<br \/>\n    A Pr\u00e9mium Eg\u00e9szs\u00e9gp\u00e9nzt\u00e1r, Pr\u00e9mium \u00d6nk\u00e9ntes Nyugd\u00edjp\u00e9nzt\u00e1r \u00e9s Horizont Mag\u00e1nnyugd\u00edjp\u00e9nzt\u00e1r keddi k\u00f6zlem\u00e9nye szerint V\u00e1radi P\u00e9ter p\u00e9nzt\u00e1ri szakmai p\u00e1lyafut\u00e1s\u00e1t a Dimenzi\u00f3 Eg\u00e9szs\u00e9gp\u00e9nzt\u00e1rban kedzte, mint szolg\u00e1ltat\u00e1si \u00fcgyvezet\u0151-helyettes, majd 2004-t\u0151l a Credit-Suisse &#8211; k\u00e9s\u0151bb Winterthur, majd AXA Eg\u00e9szs\u00e9gp\u00e9nzt\u00e1r &#8211; \u00fcgyvezet\u0151jek\u00e9nt, majd igazgat\u00f3tan\u00e1cs\u00e1nak eln\u00f6kek\u00e9nt dolgozott. Ezzel p\u00e1rhuzamosan az AXA Biztos\u00edt\u00f3 vezet\u0151 orvosak\u00e9nt, 2011-t\u0151l pedig az AXA \u00d6nk\u00e9ntes- \u00e9s Mag\u00e1nnyugd\u00edjp\u00e9nzt\u00e1r igazgat\u00f3s\u00e1g\u00e1nak eln\u00f6kek\u00e9nt tev\u00e9kenykedett.<br \/>\n    Pataki Tam\u00e1sn\u00e9 szakmai p\u00e1lyafut\u00e1s\u00e1t 1997-ben, az akkori p\u00e9nzt\u00e1rfel\u00fcgyeleten kezdte. Ezt k\u00f6vet\u0151en, 1998-t\u00f3l az OTP Mag\u00e1nnyugd\u00edjp\u00e9nzt\u00e1rn\u00e1l p\u00e9nz\u00fcgyi vezet\u0151k\u00e9nt, majd 2004-t\u0151l az Uniqa Eg\u00e9szs\u00e9gp\u00e9nzt\u00e1rn\u00e1l gazdas\u00e1gi vezet\u0151k\u00e9nt dolgozott. T\u00f6bb mint \u00f6t \u00e9ve a Pr\u00e9mium (kor\u00e1bbi AXA) Eg\u00e9szs\u00e9gp\u00e9nzt\u00e1r \u00fcgyvezet\u0151je, \u00e9s emellett 2011 \u00f3ta a Pr\u00e9mium \u00d6nk\u00e9ntes Nyugd\u00edjp\u00e9nzt\u00e1r \u00fcgyvezet\u0151i feladatait is ell\u00e1tja.(MTI)<\/p>\n","protected":false},"excerpt":{"rendered":"<p>A j\u00f6v\u0151ben V\u00e1radi P\u00e9ter t\u00f6lti be az AXA szervezet\u00e9t\u0151l a k\u00f6zelm\u00faltban f\u00fcggetlenn\u00e9 v\u00e1lt Pr\u00e9mium Eg\u00e9szs\u00e9gp\u00e9nzt\u00e1r, Pr\u00e9mium \u00d6nk\u00e9ntes Nyugd\u00edjp\u00e9nzt\u00e1r \u00e9s Horizont Mag\u00e1nnyugd\u00edjp\u00e9nzt\u00e1r igazgat\u00f3tan\u00e1csainak eln\u00f6ki posztj\u00e1t, a p\u00e9nzt\u00e1rak m\u0171k\u00f6d\u00e9s\u00e9t pedig Pataki Tam\u00e1sn\u00e9 ir\u00e1ny\u00edtja majd \u00fcgyvezet\u0151 igazgat\u00f3k\u00e9nt &#8211; k\u00f6z\u00f6lt\u00e9k a p\u00e9nzt\u00e1rak kedden az MTI-vel.<\/p>\n","protected":false},"author":1,"featured_media":0,"comment_status":"open","ping_status":"closed","sticky":false,"template":"","format":"standard","meta":[],"categories":[51],"tags":[],"_links":{"self":[{"href":"https:\/\/gazdasagportal.hu\/index.php\/wp-json\/wp\/v2\/posts\/35851"}],"collection":[{"href":"https:\/\/gazdasagportal.hu\/index.php\/wp-json\/wp\/v2\/posts"}],"about":[{"href":"https:\/\/gazdasagportal.hu\/index.php\/wp-json\/wp\/v2\/types\/post"}],"author":[{"embeddable":true,"href":"https:\/\/gazdasagportal.hu\/index.php\/wp-json\/wp\/v2\/users\/1"}],"replies":[{"embeddable":true,"href":"https:\/\/gazdasagportal.hu\/index.php\/wp-json\/wp\/v2\/comments?post=35851"}],"version-history":[{"count":1,"href":"https:\/\/gazdasagportal.hu\/index.php\/wp-json\/wp\/v2\/posts\/35851\/revisions"}],"predecessor-version":[{"id":35852,"href":"https:\/\/gazdasagportal.hu\/index.php\/wp-json\/wp\/v2\/posts\/35851\/revisions\/35852"}],"wp:attachment":[{"href":"https:\/\/gazdasagportal.hu\/index.php\/wp-json\/wp\/v2\/media?parent=35851"}],"wp:term":[{"taxonomy":"category","embeddable":true,"href":"https:\/\/gazdasagportal.hu\/index.php\/wp-json\/wp\/v2\/categories?post=35851"},{"taxonomy":"post_tag","embeddable":true,"href":"https:\/\/gazdasagportal.hu\/index.php\/wp-json\/wp\/v2\/tags?post=35851"}],"curies":[{"name":"wp","href":"https:\/\/api.w.org\/{rel}","templated":true}]}}