{"id":35843,"date":"2014-05-27T16:03:49","date_gmt":"2014-05-27T14:03:49","guid":{"rendered":"http:\/\/stockportal.hu\/?p=35843"},"modified":"2014-05-27T16:03:49","modified_gmt":"2014-05-27T14:03:49","slug":"londoni-strategiai-elemzok-valoszinutlen-hogy-juncker-lesz-az-eu-bizottsag-elnoke","status":"publish","type":"post","link":"https:\/\/gazdasagportal.hu\/index.php\/londoni-strategiai-elemzok-valoszinutlen-hogy-juncker-lesz-az-eu-bizottsag-elnoke\/","title":{"rendered":"Londoni strat\u00e9giai elemz\u0151k: val\u00f3sz\u00edn\u0171tlen, hogy Juncker lesz az EU-bizotts\u00e1g eln\u00f6ke"},"content":{"rendered":"<p><strong>A jelent\u0151s ellen\u00e1ll\u00e1s miatt val\u00f3sz\u00edn\u0171tlen, hogy a n\u00e9pp\u00e1rti Jean-Claude Juncker elnyerheti az Eur\u00f3pai Bizotts\u00e1g eln\u00f6ki tiszts\u00e9g\u00e9t &#8211; v\u00e9lekedtek keddi helyzet\u00e9rt\u00e9kel\u00e9s\u00fckben londoni strat\u00e9giai elemz\u0151k.<\/strong><!--more--><br \/>\n<div class=\"ads-in-post1\"><div id=\"gazdasagportal.hu_fullbanner_wideboard\"><\/div>\r\n<\/div>\n<p>    Az Eurasia Group nev\u0171 glob\u00e1lis politikai-gazdas\u00e1gi kock\u00e1zatelemz\u0151 csoport szak\u00e9rt\u0151inek v\u00e9lem\u00e9nye szerint azonban nehezen lehetne teljes m\u00e9rt\u00e9kben figyelmen k\u00edv\u00fcl hagyni az eur\u00f3pai parlamenti v\u00e1laszt\u00e1sok eredm\u00e9ny\u00e9t, ez\u00e9rt a val\u00f3sz\u00edn\u0171bb ki\u00fat az, hogy Juncker nem az Eur\u00f3pai Bizotts\u00e1g, hanem Herman Van Rompuy ut\u00f3djak\u00e9nt az Eur\u00f3pai Tan\u00e1cs eln\u00f6ke lesz.<br \/>\n    Az Eurasia elemz\u0151i lehets\u00e9ges jel\u00f6ltnek tartj\u00e1k a br\u00fcsszeli bizotts\u00e1g eln\u00f6ki posztj\u00e1ra Christine Lagarde-ot, a Nemzetk\u00f6zi Valutaalap (IMF) vez\u00e9rigazgat\u00f3j\u00e1t, Enda Kenny \u00edr korm\u00e1nyf\u0151t, Pascal Lamy kor\u00e1bbi EU-biztost, a Kereskedelmi Vil\u00e1gszervezet (WTO) volt vezet\u0151j\u00e9t, vagy Donald Tusk lengyel minisztereln\u00f6k\u00f6t.<br \/>\n    A h\u00e1z szerint azonban az EU-ellenes er\u0151k el\u0151ret\u00f6r\u00e9s\u00e9t hoz\u00f3 EP-v\u00e1laszt\u00e1soknak sz\u00e1mos, enn\u00e9l sz\u00e9lesebb k\u00f6r\u0171 k\u00f6vetkezm\u00e9nye is lesz; ezek k\u00f6z\u00fcl is a legjelent\u0151sebb az, hogy a tov\u00e1bbi eur\u00f3pai integr\u00e1ci\u00f3 egy id\u0151re mindenk\u00e9ppen leker\u00fcl a napirendr\u0151l.<br \/>\n    Ez hat\u00e1ssal lesz az eur\u00f3\u00f6vezeti gondok megold\u00e1s\u00e1ra, mivel az EU-integr\u00e1ci\u00f3 tov\u00e1bbi m\u00e9ly\u00edt\u00e9s\u00e9hez hasonl\u00f3an lehetetlenn\u00e9 v\u00e1lhat a k\u00f6lts\u00e9gvet\u00e9si integr\u00e1ci\u00f3 elm\u00e9ly\u00edt\u00e9se is. Ezzel viszont val\u00f3sz\u00edn\u0171tlenn\u00e9 v\u00e1lik azoknak az int\u00e9zm\u00e9nyes\u00edtett k\u00f6lts\u00e9gvet\u00e9si transzfermechanizmusoknak a kialak\u00edt\u00e1sa is, amelyekre a k\u00f6zgazd\u00e1szok szerint sz\u00fcks\u00e9g lenne az eur\u00f3 m\u0171k\u00f6d\u0151k\u00e9pess\u00e9g\u00e9hez &#8211; \u00e1ll az Eurasia keddi elemz\u00e9s\u00e9ben.<br \/>\n    A h\u00e1z szerint a tag\u00e1llami politik\u00e1k &#8222;elm\u00e9rgesed\u0151 jellege&#8221; hat\u00e1st gyakorol a bev\u00e1ndorl\u00e1si k\u00e9rd\u00e9sekre is, \u00e9s ezt szint\u00e9n a valutauni\u00f3 szenvedheti meg, a bev\u00e1ndorl\u00e1si szigor\u00edt\u00e1sok ugyanis az egyik legfontosabb eur\u00f3\u00f6vezeti kiigaz\u00edt\u00e1si mechanizmusnak, a munkaer\u0151-mobilit\u00e1snak \u00e1rtan\u00e1nak.<br \/>\n    Az Eurasia Group londoni elemz\u0151i szerint mindezek k\u00f6vetkezm\u00e9nyek\u00e9nt val\u00f3sz\u00edn\u0171tlen az EU k\u00f6lts\u00e9gvet\u00e9s-politikai ir\u00e1nymutat\u00e1si filoz\u00f3fi\u00e1j\u00e1nak rendszerszint\u0171 v\u00e1ltoz\u00e1sa, ehelyett eseti alapon k\u00f6t\u00f6tt, ad hoc jelleg\u0171 politikai kompromisszumok v\u00e1rhat\u00f3k, amelyeknek gazdas\u00e1gi szemsz\u00f6gb\u0151l n\u00e9zve nem mindig lesz \u00e9rtelm\u00fck.(MTI)<\/p>\n","protected":false},"excerpt":{"rendered":"<p>A jelent\u0151s ellen\u00e1ll\u00e1s miatt val\u00f3sz\u00edn\u0171tlen, hogy a n\u00e9pp\u00e1rti Jean-Claude Juncker elnyerheti az Eur\u00f3pai Bizotts\u00e1g eln\u00f6ki tiszts\u00e9g\u00e9t &#8211; v\u00e9lekedtek keddi helyzet\u00e9rt\u00e9kel\u00e9s\u00fckben londoni strat\u00e9giai elemz\u0151k.<\/p>\n","protected":false},"author":1,"featured_media":2125,"comment_status":"open","ping_status":"closed","sticky":false,"template":"","format":"standard","meta":[],"categories":[12],"tags":[],"_links":{"self":[{"href":"https:\/\/gazdasagportal.hu\/index.php\/wp-json\/wp\/v2\/posts\/35843"}],"collection":[{"href":"https:\/\/gazdasagportal.hu\/index.php\/wp-json\/wp\/v2\/posts"}],"about":[{"href":"https:\/\/gazdasagportal.hu\/index.php\/wp-json\/wp\/v2\/types\/post"}],"author":[{"embeddable":true,"href":"https:\/\/gazdasagportal.hu\/index.php\/wp-json\/wp\/v2\/users\/1"}],"replies":[{"embeddable":true,"href":"https:\/\/gazdasagportal.hu\/index.php\/wp-json\/wp\/v2\/comments?post=35843"}],"version-history":[{"count":1,"href":"https:\/\/gazdasagportal.hu\/index.php\/wp-json\/wp\/v2\/posts\/35843\/revisions"}],"predecessor-version":[{"id":35844,"href":"https:\/\/gazdasagportal.hu\/index.php\/wp-json\/wp\/v2\/posts\/35843\/revisions\/35844"}],"wp:featuredmedia":[{"embeddable":true,"href":"https:\/\/gazdasagportal.hu\/index.php\/wp-json\/wp\/v2\/media\/2125"}],"wp:attachment":[{"href":"https:\/\/gazdasagportal.hu\/index.php\/wp-json\/wp\/v2\/media?parent=35843"}],"wp:term":[{"taxonomy":"category","embeddable":true,"href":"https:\/\/gazdasagportal.hu\/index.php\/wp-json\/wp\/v2\/categories?post=35843"},{"taxonomy":"post_tag","embeddable":true,"href":"https:\/\/gazdasagportal.hu\/index.php\/wp-json\/wp\/v2\/tags?post=35843"}],"curies":[{"name":"wp","href":"https:\/\/api.w.org\/{rel}","templated":true}]}}