{"id":35839,"date":"2014-05-27T15:05:27","date_gmt":"2014-05-27T13:05:27","guid":{"rendered":"http:\/\/stockportal.hu\/?p=35839"},"modified":"2014-05-27T15:34:54","modified_gmt":"2014-05-27T13:34:54","slug":"forex-tozsde-deviza-arany-olaj-technikai-es-fundamentalis-elemzese-2014-05-27","status":"publish","type":"post","link":"https:\/\/gazdasagportal.hu\/index.php\/forex-tozsde-deviza-arany-olaj-technikai-es-fundamentalis-elemzese-2014-05-27\/","title":{"rendered":"Forex, t\u0151zsde, deviza, arany, olaj technikai \u00e9s fundament\u00e1lis elemz\u00e9se  &#8211; 2014.05.27"},"content":{"rendered":"<p><strong>\u00dagy t\u0171nik, hogy a k\u00f6nny\u00edt\u00e9sre teljes m\u00e9rt\u00e9kben sz\u00e1m\u00edtanak az EUR-t illet\u0151en A tegnapi piac csendes volt, mivel az USA-ban \u00e9s az Egyes\u00fclt Kir\u00e1lys\u00e1gban is \u201eMemorial Day\u201d \u00fcnnepnapot tartottak.<!--more--><\/strong><br \/>\n<div class=\"ads-in-post1\"><div id=\"gazdasagportal.hu_fullbanner_wideboard\"><\/div>\r\n<\/div>\n<p><strong><a title=\"IronFX\" href=\"https:\/\/www.ironfx.com\/hu\/forex-demo-competition?utm_source=631980&amp;utm_medium=ib_link&amp;utm_campaign=IB\" target=\"_blank\" rel=\"noopener\"><strong>IronFX<\/strong><\/a>\u00a0napi elemz\u00e9s:<\/strong><\/p>\n<p><strong>\u00dagy t\u0171nik, hogy a k\u00f6nny\u00edt\u00e9sre teljes m\u00e9rt\u00e9kben sz\u00e1m\u00edtanak az EUR-t illet\u0151en\u00a0\u00a0\u00a0\u00a0\u00a0\u00a0\u00a0\u00a0\u00a0\u00a0\u00a0<\/strong>A tegnapi piac csendes volt, mivel az USA-ban \u00e9s az Egyes\u00fclt Kir\u00e1lys\u00e1gban is \u201eMemorial Day\u201d \u00fcnnepnapot tartottak. Az egyik \u00e9rdekes pont az EUR helyre\u00e1ll\u00e1sa annak ellen\u00e9re, hogy az EKB eln\u00f6ke, Draghi tov\u00e1bbra is meger\u0151s\u00edtette, hogy a Tan\u00e1cs tov\u00e1bbi k\u00f6nny\u00edt\u00e9st fontolgat. Az EUR\/USD p\u00e1r a m\u00e1jusi EKB \u00e9rtekezlet \u00f3ta el\u00e9rte minimum szintj\u00e9t (1,3612) p\u00e9nteken \u00e9s h\u00e9tf\u0151n egyar\u00e1nt, de az\u00f3ta helyre\u00e1llt az EKB eln\u00f6ke, Draghi tegnapi megjegyz\u00e9sei ellen\u00e9re, miszerint az EKB-nak \u201ek\u00fcl\u00f6n\u00f6sen \u00f3vatosnak kellene lennie\u201d az alacsony infl\u00e1ci\u00f3, a cs\u00f6kken\u0151 infl\u00e1ci\u00f3s v\u00e1rakoz\u00e1sok \u00e9s a hitel k\u00f6z\u00f6tti \u201enegat\u00edv spir\u00e1l\u201d val\u00f3sz\u00edn\u0171s\u00e9ge miatt. Az a t\u00e9ny, hogy azon a szinten m\u00e1r k\u00e9tszer volt, arra utal, hogy az als\u00f3 szinten, vagy annak k\u00f6zel\u00e9ben van. Az EONIA 3 havi swap r\u00e1ta most 5 b\u00e1zispontra tehet\u0151 (\u00f6sszehasonl\u00edt\u00e1sk\u00e9ppen: a m\u00e1jus 8-i EKB \u00e9rtekezletet megel\u0151z\u0151 kb. egy h\u00f3napban ez 13-15 b\u00e1zispont volt). Az EKB esetleg megpr\u00f3b\u00e1lkozik a negat\u00edv bet\u00e9ti kamatl\u00e1bbal, de val\u00f3sz\u00edn\u0171tlen, hogy refinansz\u00edroz\u00e1si kamatl\u00e1b\u00e1t is negat\u00edvv\u00e1 tegye, ez\u00e9rt az EONIA legfeljebb z\u00e9rus lehet. Ez\u00e9rt \u00fagy v\u00e9lem, hogy a kamatl\u00e1b cs\u00f6kkent\u00e9s\u00e9re m\u00e1r nagyr\u00e9szt sz\u00e1m\u00edtanak, \u00e9s az EUR el\u00e9gg\u00e9 stabil maradhat a j\u00fanius 5-i \u00e9rtekezletig, \u00e9s ak\u00e1r valamelyest visszapattanhat azut\u00e1n, ha az EKB int\u00e9zked\u00e9sei csal\u00f3d\u00e1st keltenek a piacon. A piac gondosan megfigyeli, mit mond Draghi \u00e9s n\u00e9h\u00e1ny koll\u00e9g\u00e1ja a mai nap k\u00e9s\u0151bbi r\u00e9sz\u00e9ben (l\u00e1sd al\u00e1bb).<\/p>\n<ul>\n<li>M\u00e1sik \u00e9rdekes dolog az volt, hogy a jen nem reag\u00e1lt a Reuters egyik cikk\u00e9re, miszerint \u201ea Jap\u00e1n Nemzeti Bank megkezdte \u00e1tt\u00e9r\u00e9s\u00e9t a n\u00f6veked\u00e9s t\u00e1mogat\u00e1s\u00e1r\u00f3l a hatalmas \u00f6szt\u00f6nz\u00e9s\u00e9nek fokozatos le\u00e1ll\u00edt\u00e1s\u00e1ra\u2026\u201d \u201e\u00e9s a bels\u0151 t\u00e1rgyal\u00e1sokat ismer\u0151, jelenlegi \u00e9s kor\u00e1bbi k\u00f6zponti banki hivatalnokok szerint nem hivatalos t\u00e1rgyal\u00e1sokat folytatnak arr\u00f3l, hogy hogyan k\u00e9sz\u00fcljenek fel a BoJ 13 h\u00f3napos \u201emennyis\u00e9gi \u00e9s min\u0151s\u00e9gi k\u00f6nny\u00edt\u00e9si programj\u00e1b\u00f3l\u201d val\u00f3 kil\u00e9p\u00e9sre &#8211; \u00e1llt a cikkben. A k\u00f6zelm\u00faltbeli k\u00f6zv\u00e9lem\u00e9ny-kutat\u00e1sokb\u00f3l kider\u00fclt, hogy sok elemz\u0151 &#8211; akik el\u0151z\u0151leg arra sz\u00e1m\u00edtottak, hogy a BoJ n\u00f6veli \u00f6szt\u00f6nz\u00e9s\u00e9t &#8211; elod\u00e1zt\u00e1k el\u0151rejelz\u00e9seiket azzal kapcsolatban, hogy v\u00e1rhat\u00f3an mikor ker\u00fcl arra sor, \u00e9s ak\u00e1r elvetett\u00e9k a tov\u00e1bbi \u00f6szt\u00f6nz\u00e9s gondolat\u00e1t is, mivel a gazdas\u00e1g a v\u00e1rtn\u00e1l jobban viseli a fogyaszt\u00e1si ad\u00f3 emel\u00e9s\u00e9t; a BoJ korm\u00e1nyz\u00f3ja, Kuroda magabiztosan elmondta, hogy a k\u00f6zponti bank el\u00e9ri az infl\u00e1ci\u00f3s c\u00e9lkit\u0171z\u00e9s\u00e9t. A vita l\u00e1tsz\u00f3lag nem arr\u00f3l sz\u00f3l, hogy kor\u00e1n v\u00e9get vessenek-e a programnak, hanem ink\u00e1bb arr\u00f3l, hogy \u201ea BoJ-nak meddig kell fenntartania \u00f6szt\u00f6nz\u00e9s\u00e9t, miut\u00e1n 2015 \u00e1prilis\u00e1ban el\u00e9ri a k\u00e9t\u00e9ves c\u00e9lkit\u0171z\u00e9s\u00e9t\u201d. Az a t\u00e9ny, hogy a jen nem er\u0151s\u00f6d\u00f6tt ezen jelent\u00e9s hat\u00e1s\u00e1ra, arra utal, hogy tal\u00e1n egy\u00e9b, sokkal fundament\u00e1lisabb okok \u00e1llhatnak a deviza gyeng\u00fcl\u00e9se m\u00f6g\u00f6tt, p\u00e9ld\u00e1ul a foly\u00f3 fizet\u00e9si m\u00e9rleg t\u00f6bblet\u00e9nek cs\u00f6kken\u00e9se.<\/li>\n<li>A BoJ beavatkoz\u00e1s\u00e1nak v\u00e9ge katasztrof\u00e1lis k\u00f6vetkezm\u00e9nyekkel j\u00e1rhat Jap\u00e1nra n\u00e9zve; az egyik meger\u0151s\u00edtetlen jelent\u00e9s szerint, amikor a BoJ visszal\u00e9pett a piact\u00f3l a k\u00f6zelm\u00faltban, 1,5 napra le\u00e1llt a k\u00f6tv\u00e9nyek keresked\u00e9se. Eszerint a k\u00f6tv\u00e9nypiac \u00f6sszeomolhat, ha \u00e9s amikor a BoJ felhagy a beavatkoz\u00e1ssal. Sokan, k\u00f6zt\u00fck \u00e9n is, tov\u00e1bbi monet\u00e1ris \u00f6szt\u00f6nz\u00e9sre sz\u00e1m\u00edtottak, ami gyeng\u00edten\u00e9 a jent. De annak val\u00f3sz\u00edn\u0171s\u00e9ge, hogy az \u00f6szt\u00f6nz\u00e9s visszavon\u00e1sa tov\u00e1bb gyeng\u00edtheti a jent az\u00e1ltal, hogy \u00f6sszeoml\u00e1st okoz Jap\u00e1n \u00e1llamk\u00f6tv\u00e9nyeinek piac\u00e1n, \u00faj gondolat, amelyet a piacnak esetleg fontol\u00f3ra kell vennie.<\/li>\n<li>A doll\u00e1r \u00e1ltal\u00e1noss\u00e1gban gyeng\u00e9bben nyit Eur\u00f3p\u00e1ban a G10 deviz\u00e1kkal, valamint vegyesen nyit a felt\u00f6rekv\u0151 piacok deviz\u00e1ival szemben.<\/li>\n<li><strong>A mai piac:<\/strong>\u00a0Az eur\u00f3pai nap sor\u00e1n k\u00f6zz\u00e9teszik Franciaorsz\u00e1g \u00e9s Olaszorsz\u00e1g fogyaszt\u00f3i bizalmi index\u00e9t \u00e1prilisra vonatkoz\u00f3an. A francia index az el\u0151rejelz\u00e9s szerint nem v\u00e1ltozik, mik\u00f6zben az olasz index v\u00e1rhat\u00f3an cs\u00f6kkent.<\/li>\n<li>Az Egyes\u00fclt Kir\u00e1lys\u00e1gban a BBA jelz\u00e1logk\u00f6lcs\u00f6n-j\u00f3v\u00e1hagy\u00e1sok sz\u00e1ma \u00e1prilisban v\u00e1rhat\u00f3an cs\u00f6kkent.<\/li>\n<li>Ma sok mutat\u00f3sz\u00e1mot tesznek k\u00f6zz\u00e9 USA-ban, amelyek az el\u0151rejelz\u00e9s szerint valamelyest csal\u00f3d\u00e1st kelt\u0151 k\u00e9pet festenek az USA gazdas\u00e1g\u00e1r\u00f3l, aminek hat\u00e1s\u00e1ra a doll\u00e1rra tov\u00e1bbra is nyom\u00e1s nehezedik. A f\u0151 adat az USA \u00e1prilisi tart\u00f3s fogyaszt\u00e1si cikkek rendel\u00e9s\u00e1llom\u00e1nya lesz, amely v\u00e1rhat\u00f3an nem k\u00fcl\u00f6n\u00f6sen kedvez\u0151. A teljes adat az el\u0151rejelz\u00e9sek szerint havi szinten 0,7%-os cs\u00f6kken\u00e9st jelez, miut\u00e1n az el\u0151z\u0151 h\u00f3napban havi szinten 2,5%-os emelked\u00e9sre ker\u00fclt sor, mik\u00f6zben a sz\u00e1ll\u00edt\u00e1s figyelmen k\u00edv\u00fcl hagy\u00e1s\u00e1val sz\u00e1m\u00edtott adat a becsl\u00e9s szerint havi szinten v\u00e1ltozatlan maradt, miut\u00e1n m\u00e1rciusban havi szinten 2,1%-kal emelkedett. Ez a mutat\u00f3sz\u00e1m ugyan fontos az USA gazdas\u00e1g\u00e1nak \u00e1ltal\u00e1nos kil\u00e1t\u00e1sait tekintve, \u00e1m nem annyira befoly\u00e1solja a Forex piacot. Az EUR\/USD p\u00e1r \u00e1tlagosan kb. \u00b10,14%-os mozg\u00e1st v\u00e9gez a mutat\u00f3sz\u00e1m k\u00f6zz\u00e9t\u00e9tele ut\u00e1n egy \u00f3r\u00e1val, att\u00f3l f\u00fcgg\u0151en, hogy fel\u00fclm\u00falja-e a becsl\u00e9seket vagy csal\u00f3d\u00e1st kelt.<\/li>\n<li>Ezenk\u00edv\u00fcl k\u00f6zz\u00e9teszik a lak\u00e1s\u00e1rakat: a Federal Housing Finance Agency (FHFA) \u00e9s az S&amp;P\/Case-Shiller lak\u00e1s\u00e1rindexek ter\u00e9n a becsl\u00e9s szerint m\u00e1rciusban lassul\u00e1s \u00e1llt be. A m\u00e1jusi el\u0151zetes Markit szolg\u00e1ltat\u00e1si szektorbeli PMI-index v\u00e1rhat\u00f3an m\u00e9rs\u00e9kelten cs\u00f6kkent, mik\u00f6zben a Konferenciatan\u00e1cs fogyaszt\u00f3i bizalmi indexe azonos h\u00f3napra vonatkoz\u00f3an v\u00e1rhat\u00f3an emelkedett. A m\u00e1jusi richmondi \u00e9s a dallasi gy\u00e1rt\u00e1si tev\u00e9kenys\u00e9g index az el\u0151rejelz\u00e9s szerint cs\u00f6kken\u00e9st jelez.<\/li>\n<li>Kedden n\u00e9gyen tartanak besz\u00e9det. Az EKB eln\u00f6ke, Mario Draghi \u00e9s az EKB Igazgat\u00f3tan\u00e1cs\u00e1nak tagja, Peter Praet egy t\u00e1rgyal\u00e1son vesznek r\u00e9szt Portug\u00e1li\u00e1ban, mik\u00f6zben az Osztr\u00e1k K\u00f6zponti Bank korm\u00e1nyz\u00f3ja \u00e9s az EKB Korm\u00e1nyz\u00f3tan\u00e1cs\u00e1nak tagja, Ewald Nowotny sajt\u00f3konferenci\u00e1t tart a Bank r\u00e9szv\u00e9nyeseinek \u00e9ves k\u00f6zgy\u0171l\u00e9se ut\u00e1n. Az Egyes\u00fclt Kir\u00e1lys\u00e1gban a Bank of England korm\u00e1nyz\u00f3ja, Mark Carney egy konferenci\u00e1n sz\u00f3lal fel.<\/li>\n<\/ul>\n<p><strong>Az EUR\/USD p\u00e1r visszapattant az 1,3612-es szintr\u0151l<\/strong><\/p><div id=\"gazda-3121885049\" class=\"gazda-tartalomban gazda-entity-placement\"><script async src=\"https:\/\/pagead2.googlesyndication.com\/pagead\/js\/adsbygoogle.js\"><\/script>\r\n<ins class=\"adsbygoogle\"\r\n     style=\"display:block\"\r\n     data-ad-format=\"fluid\"\r\n     data-ad-layout-key=\"-6t+ed+2i-1n-4w\"\r\n     data-ad-client=\"ca-pub-1959107119989764\"\r\n     data-ad-slot=\"4008251320\"><\/ins>\r\n<script>\r\n     (adsbygoogle = window.adsbygoogle || []).push({});\r\n<\/script><\/div>\n<ul>\n<li>Az<strong>\u00a0EUR\/USD\u00a0<\/strong>p\u00e1r k\u00e9ptelen volt el\u00e9rni az 1,3600-os szintet, majd miut\u00e1n t\u00e1maszszintre tal\u00e1lt az 1,3612-es (T1) szinten, emelkedett, \u00e9s ism\u00e9t az 1,3650-es szint felett zajlott a keresked\u00e9s. A p\u00e1r most az 1,3685-\u00f6s (E1) ellen\u00e1ll\u00e1sszint alatt van, amely az 50 peri\u00f3dus\u00fa mozg\u00f3\u00e1tlag k\u00f6zel\u00e9ben tal\u00e1lhat\u00f3. Mindk\u00e9t momentum mutat\u00f3sz\u00e1munkat \u00e9s az \u00e1rfolyam mozg\u00e1s\u00e1t \u00f6sszehasonl\u00edtva pozit\u00edv divergencia tal\u00e1lhat\u00f3, ez\u00e9rt nem z\u00e1rhat\u00f3 ki a tov\u00e1bbi el\u0151remenetel. Ezenk\u00edv\u00fcl a napi grafikonon val\u00f3sz\u00edn\u0171leg \u201epiercing line\u201d gyertya alakzat azonos\u00edthat\u00f3, ami kedvez a visszapattan\u00e1s folytat\u00f3d\u00e1s\u00e1nak. Mindazon\u00e1ltal &#8211; figyelembe v\u00e9ve, hogy az EKB politik\u00e1j\u00e1nak megalkot\u00f3i \u201ek\u00e9szen \u00e1llnak\u201d arra, hogy a Bank j\u00f6v\u0151 heti \u00e9rtekezlet\u00e9n int\u00e9zked\u00e9seket foganatos\u00edtsanak, b\u00e1rmilyen bika jelleg\u0171 hull\u00e1mot meg\u00fajult elad\u00e1si lehet\u0151s\u00e9gnek tekintek, miel\u0151tt a medv\u00e9k ism\u00e9t fel\u00fclkerekednek.<\/li>\n<li>T\u00e1maszszint: 1,3612 (T1), 1,3475 (T2), 1,3400 (T3).<\/li>\n<li>Ellen\u00e1ll\u00e1sszint: 1,3685 (E1), 1,3745 (E2), 1,3790 (E3).<\/li>\n<\/ul>\n<p>&nbsp;<\/p>\n<p><strong>Az EUR\/JPY p\u00e1r el\u00e9rte a 139,30-as ellen\u00e1ll\u00e1sszintet<\/strong><\/p>\n<ul>\n<li>Az<strong>\u00a0EUR\/JPY<\/strong>\u00a0p\u00e1r emelkedett, \u00e9s sikeresen el\u00e9rte a 139,30-as (E1) ellen\u00e1ll\u00e1sszinti korl\u00e1tot. Ezen tartom\u00e1ny egy\u00e9rtelm\u0171, felfel\u00e9 val\u00f3 \u00e1tt\u00f6r\u00e9se hosszabb\u00edt\u00e1sokat v\u00e1lthat ki a pszichol\u00f3giai korl\u00e1t fel\u00e9 (140,00 &#8211; E2). Az RSI \u00e9s az MACD is n\u00f6vekv\u0151 \u00fatvonalat k\u00f6vet; az ut\u00f3bbi ind\u00edt\u00f3 \u00e9s z\u00e9rus vonala felett van, ami meger\u0151s\u00edti a devizap\u00e1r k\u00f6zelm\u00faltbeli pozit\u00edv momentum\u00e1t. A napi grafikonon \u201ekalap\u00e1cs\u201d gyertya alakzat azonos\u00edthat\u00f3 a 138,15-\u00f6s (T1) minimum szinten, ami kedvez a n\u00f6vekv\u0151 hull\u00e1m folytat\u00f3d\u00e1s\u00e1nak. Azonban t\u00fal korai a n\u00f6vekv\u0151 trend kialakul\u00e1s\u00e1nak meg\u00e1llap\u00edt\u00e1sa, ez\u00e9rt a jelenlegi hull\u00e1mot az el\u0151z\u0151 cs\u00f6kken\u00e9s korrekci\u00f3s f\u00e1zis\u00e1nak tekinten\u00e9m.<\/li>\n<li>T\u00e1maszszint: 138,15 (T1), 137,55 (T2), 136,20 (T3).<\/li>\n<li>Ellen\u00e1ll\u00e1sszint: 139,30 (E1), 140,00 (E2), 141,00 (E3).<\/li>\n<\/ul>\n<p>&nbsp;<\/p>\n<p><strong>A GBP\/USD p\u00e1r k\u00e9szen \u00e1ll az 1,6900-es szint \u00fajb\u00f3li tesztel\u00e9s\u00e9re<\/strong><\/p>\n<ul>\n<li>A<strong>\u00a0GBP\/USD<\/strong>\u00a0p\u00e1r el\u00e9rte a t\u00e1maszszintet a 200 peri\u00f3dus\u00fa mozg\u00f3\u00e1tlagon, majd emelkedett, \u00e9s ism\u00e9t a 1,6840-es s\u00e1v felett zajlott a keresked\u00e9s. Figyelembe v\u00e9ve, hogy az MACD &#8211; amely m\u00e1r z\u00e9rus vonala felett van &#8211; k\u00e9szen \u00e1llni l\u00e1tszik ind\u00edt\u00f3 vonal\u00e1n felfel\u00e9 \u00e1tt\u00e9rni, a bik\u00e1k tesztelhetik az 1,6900-es (E1) akad\u00e1lyt. Az 1,6900-es (E1) ellen\u00e1ll\u00e1sszint egy\u00e9rtelm\u0171, felfel\u00e9 val\u00f3 \u00e1tt\u00f6r\u00e9se el\u0151k\u00e9sz\u00edtheti az utat egy \u00fajabb teszthez az 1,7000-es (E2) tartom\u00e1nyban. Kitekintve, az \u00e1rfolyam a hossz\u00fa t\u00e1v\u00fa n\u00f6vekv\u0151 tartom\u00e1nyban marad, de a napi MACD \u00e9s az \u00e1rfolyam mozg\u00e1sa k\u00f6z\u00f6tti negat\u00edv divergencia \u00e9rv\u00e9nyben marad. Ennek eredm\u00e9nyek\u00e9ppen fenntartan\u00e1m semleges \u00e1ll\u00e1spontomat, ami a hossz\u00fa t\u00e1v\u00fa k\u00e9pet illeti.<\/li>\n<li>T\u00e1maszszint: 1,6840 (T1), 1,6760 (T2), 1,6700 (T3).<\/li>\n<li>Ellen\u00e1ll\u00e1sszint: 1,6900 (E1), 1,7000 (E2), 1,7100 (E3).<\/li>\n<\/ul>\n<p>&nbsp;<\/p>\n<p><strong>Az arany tov\u00e1bbra is oldalir\u00e1ny\u00fa mozg\u00e1st folytat<\/strong><\/p>\n<ul>\n<li>Az<strong>\u00a0arany<\/strong>\u00a0ism\u00e9t csendesen mozgott, \u00e9s oldalir\u00e1ny\u00fa \u00fatvonal\u00e1n maradt. \u00dagy t\u0171nik, hogy a nemesf\u00e9m tov\u00e1bbra is szimmetrikus h\u00e1romsz\u00f6g alakzatban van. Mindk\u00e9t mozg\u00f3\u00e1tlag tov\u00e1bbra is oldalir\u00e1nyba mutat, mik\u00f6zben a napi MACD \u00e9s a napi RSI is semleges szintjei k\u00f6zel\u00e9ben van, ami meger\u0151s\u00edti a trend n\u00e9lk\u00fcli k\u00e9pet. Az alakzat fels\u0151 hat\u00e1r\u00e1nak felfel\u00e9 val\u00f3 \u00e1tt\u00f6r\u00e9se hat\u00e1s\u00e1ra el\u00e9rheti el\u0151sz\u00f6r az 1315-\u00f6s (E2) szintet, \u00e9s ezen szint egy\u00e9rtelm\u0171 \u00e1tt\u00f6r\u00e9se megc\u00e9lozhatja a k\u00f6vetkez\u0151 ellen\u00e1ll\u00e1sszintet (1330 &#8211; E3). M\u00e1sr\u00e9szt a h\u00e1romsz\u00f6g als\u00f3 hat\u00e1r\u00e1nak \u00e9s az 1280-as (T1) t\u00e1maszszint lefel\u00e9 t\u00f6rt\u00e9n\u0151 \u00e1tt\u00f6r\u00e9se tesztelheti az 1268-as (T2) akad\u00e1lyt.<\/li>\n<li>T\u00e1maszszint: 1280 (T1), 1268 (T2), 1250 (T3).<\/li>\n<li>Ellen\u00e1ll\u00e1sszint: 1305 (E1), 1315 (E2), 1330 (E3).<\/li>\n<\/ul>\n<p>&nbsp;<\/p>\n<p><strong>A WTI el\u00e9ri a 105,00-\u00f6s szintet?<\/strong><\/p>\n<ul>\n<li>A<strong>\u00a0WTI<\/strong>\u00a0ism\u00e9t felfel\u00e9 \u00e1tt\u00f6rte a 104,10-es szintet, \u00e9s hosszabb\u00edt\u00e1sokra ker\u00fclhet sor a 105,00-\u00f6s (E1) kulcsfontoss\u00e1g\u00fa korl\u00e1t fel\u00e9. Am\u00edg a WTI magasabb maximum szinteket \u00e9r el mindk\u00e9t mozg\u00f3\u00e1tlag \u00e9s a k\u00e9k trendvonal felett, a n\u00f6vekv\u0151 trend \u00e9rv\u00e9nyben marad. Azonban a negat\u00edv divergencia a momentum mutat\u00f3sz\u00e1mok \u00e9s az \u00e1rfolyam mozg\u00e1sa k\u00f6z\u00f6tt m\u00e9g mindig \u00e9rv\u00e9nyben van, ami jelzi, hogy a trend vesz\u00edt momentum\u00e1b\u00f3l, valamint esetleg ez lesz az utols\u00f3 mozg\u00e1sa.<\/li>\n<li>T\u00e1maszszint: 104,10 (T1), 103,50 (T2), 103,00 (T3).<\/li>\n<li>Ellen\u00e1ll\u00e1sszint: 105,00 (E1), 108,00 (E2), 110,00 (E3).<\/li>\n<\/ul>\n","protected":false},"excerpt":{"rendered":"<p>\u00dagy t\u0171nik, hogy a k\u00f6nny\u00edt\u00e9sre teljes m\u00e9rt\u00e9kben sz\u00e1m\u00edtanak az EUR-t illet\u0151en A tegnapi piac csendes volt, mivel az USA-ban \u00e9s az Egyes\u00fclt Kir\u00e1lys\u00e1gban is \u201eMemorial Day\u201d \u00fcnnepnapot tartottak.<\/p>\n","protected":false},"author":1,"featured_media":20409,"comment_status":"open","ping_status":"closed","sticky":false,"template":"","format":"standard","meta":[],"categories":[146,131,122],"tags":[],"_links":{"self":[{"href":"https:\/\/gazdasagportal.hu\/index.php\/wp-json\/wp\/v2\/posts\/35839"}],"collection":[{"href":"https:\/\/gazdasagportal.hu\/index.php\/wp-json\/wp\/v2\/posts"}],"about":[{"href":"https:\/\/gazdasagportal.hu\/index.php\/wp-json\/wp\/v2\/types\/post"}],"author":[{"embeddable":true,"href":"https:\/\/gazdasagportal.hu\/index.php\/wp-json\/wp\/v2\/users\/1"}],"replies":[{"embeddable":true,"href":"https:\/\/gazdasagportal.hu\/index.php\/wp-json\/wp\/v2\/comments?post=35839"}],"version-history":[{"count":1,"href":"https:\/\/gazdasagportal.hu\/index.php\/wp-json\/wp\/v2\/posts\/35839\/revisions"}],"predecessor-version":[{"id":35840,"href":"https:\/\/gazdasagportal.hu\/index.php\/wp-json\/wp\/v2\/posts\/35839\/revisions\/35840"}],"wp:featuredmedia":[{"embeddable":true,"href":"https:\/\/gazdasagportal.hu\/index.php\/wp-json\/wp\/v2\/media\/20409"}],"wp:attachment":[{"href":"https:\/\/gazdasagportal.hu\/index.php\/wp-json\/wp\/v2\/media?parent=35839"}],"wp:term":[{"taxonomy":"category","embeddable":true,"href":"https:\/\/gazdasagportal.hu\/index.php\/wp-json\/wp\/v2\/categories?post=35839"},{"taxonomy":"post_tag","embeddable":true,"href":"https:\/\/gazdasagportal.hu\/index.php\/wp-json\/wp\/v2\/tags?post=35839"}],"curies":[{"name":"wp","href":"https:\/\/api.w.org\/{rel}","templated":true}]}}