{"id":35704,"date":"2014-05-26T10:10:48","date_gmt":"2014-05-26T08:10:48","guid":{"rendered":"http:\/\/stockportal.hu\/?p=35704"},"modified":"2014-05-26T10:10:48","modified_gmt":"2014-05-26T08:10:48","slug":"ukran-elnokvalasztas-a-reszeredmenyek-is-porosenko-folenyes-gyozelmerol-tanuskodnak","status":"publish","type":"post","link":"https:\/\/gazdasagportal.hu\/index.php\/ukran-elnokvalasztas-a-reszeredmenyek-is-porosenko-folenyes-gyozelmerol-tanuskodnak\/","title":{"rendered":"Ukr\u00e1n eln\u00f6kv\u00e1laszt\u00e1s: A r\u00e9szeredm\u00e9nyek is Porosenko f\u00f6l\u00e9nyes gy\u0151zelm\u00e9r\u0151l tan\u00faskodnak"},"content":{"rendered":"<p><strong>A voksok harmad\u00e1nak \u00f6sszes\u00edt\u00e9se alapj\u00e1n is elmondhat\u00f3, hogy Petro Porosenko d\u00fasgazdag \u00fczletember f\u00f6l\u00e9nyes gy\u0151zelmet aratott a vas\u00e1rnapi ukrajnai eln\u00f6kv\u00e1laszt\u00e1son, \u00e9s nincs sz\u00fcks\u00e9g m\u00e1sodik fordul\u00f3ra. A sz\u00e9ls\u0151jobboldali jel\u00f6ltekre leadott szavazatok ar\u00e1nya eleny\u00e9sz\u0151.<!--more--><\/strong><\/p>\n<div class=\"ads-in-post1\"><div id=\"gazdasagportal.hu_fullbanner_wideboard\"><\/div>\r\n<\/div>\n<p>A k\u00f6zponti v\u00e1laszt\u00e1si bizotts\u00e1g h\u00e9tf\u0151 reggel a szavaz\u00f3helyis\u00e9gek 33,2 sz\u00e1zal\u00e9k\u00e1ban leadott voksok \u00f6sszesz\u00e1ml\u00e1l\u00e1sa ut\u00e1n k\u00f6z\u00f6lte, hogy Petro Porosenko, a Vitalij Klicsko vezette \u00dct\u00e9s (UDAR) p\u00e1rt jel\u00f6ltje a szavazatok 54,1 sz\u00e1zal\u00e9k\u00e1t szerezte meg. Julija Timosenko volt korm\u00e1nyf\u0151, a Haza (Batykivscsina) p\u00e1rt jel\u00f6ltje a m\u00e1sodik helyre szorult a voksok 13,1 sz\u00e1zal\u00e9k\u00e1val, messze lemaradva a gy\u0151ztest\u0151l. A v\u00e1laszt\u00e1si bizotts\u00e1g hivatalos r\u00e9szeredm\u00e9nyei t\u00f6bb\u00e9-kev\u00e9sb\u00e9 megegyeznek az exitpoll-adatokkal.<br \/>\nA v\u00e1laszt\u00e1si test\u00fclet szerint Oleh Ljasko f\u00fcggetlen parlamenti k\u00e9pvisel\u0151 harmadik lett a voksok 8,5 sz\u00e1zal\u00e9k\u00e1val, m\u00edg Anatolij Gricenk\u00f3ra, a Haza p\u00e1rt parlamenti frakci\u00f3j\u00e1b\u00f3l kiv\u00e1lt volt v\u00e9delmi miniszterre a polg\u00e1rok 5,5 sz\u00e1zal\u00e9ka, Szerhij Tihipko r\u00e9gi\u00f3p\u00e1rti politikusra pedig a polg\u00e1rok 5,1 sz\u00e1zal\u00e9ka adta szavazat\u00e1t. Mihajlo Dobkin, Harkiv megye exkorm\u00e1nyz\u00f3ja, a R\u00e9gi\u00f3k P\u00e1rtj\u00e1nak (PR) hivatalos jel\u00f6ltje a voksok mind\u00f6ssze 3,3 sz\u00e1zal\u00e9k\u00e1t gy\u0171jt\u00f6tte \u00f6ssze, s 2 sz\u00e1zal\u00e9kra tett szert Vadim Robinovics m\u00e9diamogul, az Ukrajnai Zsid\u00f3 Parlament eln\u00f6ke.<br \/>\nA t\u00f6bbi jel\u00f6lt k\u00e9t sz\u00e1zal\u00e9kn\u00e1l kevesebb voksot kapott. Oleh Tyahnibok, a nacionalista Szabads\u00e1g (Szvoboda) p\u00e1rt eln\u00f6ke \u00e9s Dmitro Jaros, a radik\u00e1lis Jobboldali Szektor vezet\u0151je is enn\u00e9l kevesebb szavazatot gy\u0171jt\u00f6tt \u00f6ssze. Elemz\u0151k szerint a sz\u00e9ls\u0151jobboldali jel\u00f6ltek rendk\u00edv\u00fcl gy\u00f6nge szerepl\u00e9se az eln\u00f6kv\u00e1laszt\u00e1s egyik fontos tanuls\u00e1ga, s egyben \u00fczenet azoknak a moszkvai politikusoknak, akik azt hangoztatt\u00e1k, hogy Kijevben Viktor Janukovics \u00e1llamf\u0151 megbuktat\u00e1sa \u00f3ta a h\u00e1tt\u00e9rb\u0151l &#8222;fasiszt\u00e1k&#8221; \u00e9s radik\u00e1lis nacionalist\u00e1k ir\u00e1ny\u00edtj\u00e1k a politik\u00e1t.<br \/>\nA v\u00e1laszt\u00e1si bizotts\u00e1g szerint Porosenko minden ukrajnai megy\u00e9ben f\u00f6l\u00e9nyesen vezet. A legnagyobb a t\u00e1mogatotts\u00e1ga a nyugat-ukrajnai r\u00e9gi\u00f3kban: Lemberg megy\u00e9ben 71, Vinnicja megy\u00e9ben 66, Ivano-Frankivszk megy\u00e9ben 65, K\u00e1rp\u00e1talj\u00e1n 64 sz\u00e1zal\u00e9k a r\u00e1 leadott voksok ar\u00e1nya. A f\u0151v\u00e1rosban, Kijevben a v\u00e1laszt\u00e1son r\u00e9szt vev\u0151k 62 sz\u00e1zal\u00e9ka szavazott a milli\u00e1rdosra. A v\u00e1laszt\u00e1si bizotts\u00e1g adatai abban is megegyeznek az exitpoll-felm\u00e9r\u00e9sekkel, hogy Vitalij Klicsko volt profi \u00f6k\u00f6lv\u00edv\u00f3 lesz Kijev polg\u00e1rmestere, miut\u00e1n \u00f6sszegy\u0171jt\u00f6tte a szavazatok 54,7 sz\u00e1zal\u00e9k\u00e1t.(MTI)<\/p>\n<p><a title=\"Hely megnyit\u00e1sa\" href=\"http:\/\/www.unian.ua\/politics\/921887-tsvk-opratsyuvala-332-viborchih-protokoliv.html\" target=\"_blank\" rel=\"noopener\">http:\/\/www.unian.ua\/politics\/921887-tsvk-opratsyuvala-332-viborchih-protokoliv.html<\/a><\/p><div id=\"gazda-191425900\" class=\"gazda-tartalomban gazda-entity-placement\"><script async src=\"https:\/\/pagead2.googlesyndication.com\/pagead\/js\/adsbygoogle.js\"><\/script>\r\n<ins class=\"adsbygoogle\"\r\n     style=\"display:block\"\r\n     data-ad-format=\"fluid\"\r\n     data-ad-layout-key=\"-6t+ed+2i-1n-4w\"\r\n     data-ad-client=\"ca-pub-1959107119989764\"\r\n     data-ad-slot=\"4008251320\"><\/ins>\r\n<script>\r\n     (adsbygoogle = window.adsbygoogle || []).push({});\r\n<\/script><\/div>\n","protected":false},"excerpt":{"rendered":"<p>A voksok harmad\u00e1nak \u00f6sszes\u00edt\u00e9se alapj\u00e1n is elmondhat\u00f3, hogy Petro Porosenko d\u00fasgazdag \u00fczletember f\u00f6l\u00e9nyes gy\u0151zelmet aratott a vas\u00e1rnapi ukrajnai eln\u00f6kv\u00e1laszt\u00e1son, \u00e9s nincs sz\u00fcks\u00e9g m\u00e1sodik fordul\u00f3ra. A sz\u00e9ls\u0151jobboldali jel\u00f6ltekre leadott szavazatok ar\u00e1nya eleny\u00e9sz\u0151.<\/p>\n","protected":false},"author":1,"featured_media":0,"comment_status":"open","ping_status":"closed","sticky":false,"template":"","format":"standard","meta":[],"categories":[139],"tags":[],"_links":{"self":[{"href":"https:\/\/gazdasagportal.hu\/index.php\/wp-json\/wp\/v2\/posts\/35704"}],"collection":[{"href":"https:\/\/gazdasagportal.hu\/index.php\/wp-json\/wp\/v2\/posts"}],"about":[{"href":"https:\/\/gazdasagportal.hu\/index.php\/wp-json\/wp\/v2\/types\/post"}],"author":[{"embeddable":true,"href":"https:\/\/gazdasagportal.hu\/index.php\/wp-json\/wp\/v2\/users\/1"}],"replies":[{"embeddable":true,"href":"https:\/\/gazdasagportal.hu\/index.php\/wp-json\/wp\/v2\/comments?post=35704"}],"version-history":[{"count":1,"href":"https:\/\/gazdasagportal.hu\/index.php\/wp-json\/wp\/v2\/posts\/35704\/revisions"}],"predecessor-version":[{"id":35705,"href":"https:\/\/gazdasagportal.hu\/index.php\/wp-json\/wp\/v2\/posts\/35704\/revisions\/35705"}],"wp:attachment":[{"href":"https:\/\/gazdasagportal.hu\/index.php\/wp-json\/wp\/v2\/media?parent=35704"}],"wp:term":[{"taxonomy":"category","embeddable":true,"href":"https:\/\/gazdasagportal.hu\/index.php\/wp-json\/wp\/v2\/categories?post=35704"},{"taxonomy":"post_tag","embeddable":true,"href":"https:\/\/gazdasagportal.hu\/index.php\/wp-json\/wp\/v2\/tags?post=35704"}],"curies":[{"name":"wp","href":"https:\/\/api.w.org\/{rel}","templated":true}]}}