{"id":35630,"date":"2014-05-25T14:49:34","date_gmt":"2014-05-25T12:49:34","guid":{"rendered":"http:\/\/stockportal.hu\/?p=35630"},"modified":"2014-05-25T20:08:46","modified_gmt":"2014-05-25T18:08:46","slug":"ep-valasztas-joseph-daul-junckert-vagy-schulzot-kell-jelolni-az-europai-bizottsag-elnokenek","status":"publish","type":"post","link":"https:\/\/gazdasagportal.hu\/index.php\/ep-valasztas-joseph-daul-junckert-vagy-schulzot-kell-jelolni-az-europai-bizottsag-elnokenek\/","title":{"rendered":"EP-v\u00e1laszt\u00e1s &#8211; Joseph Daul: Junckert vagy Schulzot kell jel\u00f6lni az Eur\u00f3pai Bizotts\u00e1g eln\u00f6k\u00e9nek"},"content":{"rendered":"<p><strong>Joseph Daul, az Eur\u00f3pai N\u00e9pp\u00e1rt eln\u00f6ke felsz\u00f3l\u00edtotta az uni\u00f3s tagorsz\u00e1gok \u00e1llam- \u00e9s korm\u00e1nyf\u0151it, hogy az eur\u00f3pai parlamenti (EP-) v\u00e1laszt\u00e1s eredm\u00e9ny\u00e9nek megfelel\u0151en a n\u00e9pp\u00e1rt vagy az eur\u00f3pai szocialist\u00e1k cs\u00facsjel\u00f6ltj\u00e9t, Jean-Claude Junckert vagy Martin Schulzot jel\u00f6lj\u00e9k az Eur\u00f3pai Bizotts\u00e1g \u00e9l\u00e9re.<\/strong><!--more--><br \/>\n<div class=\"ads-in-post1\"><div id=\"gazdasagportal.hu_fullbanner_wideboard\"><\/div>\r\n<\/div>\n<p>Joseph Daul a Die Welt c\u00edm\u0171 n\u00e9met lap online kiad\u00e1s\u00e1ban vas\u00e1rnap id\u00e9zett nyilatkozat\u00e1ban kiemelte, hogy azt a politikust kell az EU-bizotts\u00e1g \u00e9l\u00e9re jel\u00f6lni, aki &#8222;el\u00f6l v\u00e9gez&#8221; a v\u00e1laszt\u00e1son, &#8222;mindegy, hogy az Jean-Claude Juncker vagy Martin Schulz&#8221;.<br \/>\n&#8222;Nem lehet megtenni, hogy bemutatunk a v\u00e1laszt\u00f3knak k\u00e9t cs\u00facsjel\u00f6ltet, a v\u00e1laszt\u00e1s ut\u00e1n pedig egy harmadikat var\u00e1zsolunk el\u0151 a kalapb\u00f3l bizotts\u00e1gi eln\u00f6knek. Ez a v\u00e1laszt\u00f3k becsap\u00e1sa lenne&#8221; &#8211; mondta az Eur\u00f3pai N\u00e9pp\u00e1rt eln\u00f6ke.<br \/>\nA Lisszaboni Szerz\u0151d\u00e9s \u00e9rtelm\u00e9ben az Eur\u00f3pai Bizotts\u00e1g \u00faj eln\u00f6k\u00e9t &#8211; a portug\u00e1l n\u00e9pp\u00e1rti Jos\u00e9 Manuel Barroso ut\u00f3dj\u00e1t &#8211; az EP-v\u00e1laszt\u00e1sok eredm\u00e9ny\u00e9nek figyelembe v\u00e9tel\u00e9vel kell megv\u00e1lasztani. A tagorsz\u00e1gok \u00e1llam-, illetve korm\u00e1nyf\u0151it \u00f6sszefog\u00f3 Eur\u00f3pai Tan\u00e1csra az a feladat h\u00e1rul, hogy a v\u00e1laszt\u00e1sok eredm\u00e9nyeire tekintettel szem\u00e9lyi javaslatot tegyen a tiszts\u00e9g bet\u00f6lt\u00e9s\u00e9re. Az \u00faj eln\u00f6k megv\u00e1laszt\u00e1sa az EP feladata, a test\u00fclet egyszer\u0171 t\u00f6bbs\u00e9ggel v\u00e1lasztja meg a uni\u00f3 v\u00e9grehajt\u00f3 int\u00e9zm\u00e9ny\u00e9nek \u00faj eln\u00f6k\u00e9t.<br \/>\nA nagy eur\u00f3pai p\u00e1rtcsal\u00e1dok a v\u00e1laszt\u00e1si kamp\u00e1ny kezdete el\u0151tt megnevezt\u00e9k a cs\u00facstiszts\u00e9gre \u00e1ltaluk jel\u00f6lt politikust.<br \/>\nAz Eur\u00f3pai Tan\u00e1cs tagjai kedd este gy\u0171lnek \u00f6ssze Br\u00fcsszelben, hogy \u00e1ttekints\u00e9k az EP-v\u00e1laszt\u00e1s kimenetel\u00e9t.<br \/>\nN\u00e9metorsz\u00e1gban nem teljesen egy\u00e9rtelm\u0171 az eur\u00f3pai p\u00e1rtcsal\u00e1dok cs\u00facsjel\u00f6lti rendszer\u00e9nek t\u00e1mogatotts\u00e1ga. Angela Merkel n\u00e9met kancell\u00e1r a v\u00e1laszt\u00e1si kamp\u00e1ny sor\u00e1n nem \u00e1llt ki nyilv\u00e1nosan amellett, hogy az Eur\u00f3pai Tan\u00e1cs a legt\u00f6bb parlamenti helyet megszerz\u0151 p\u00e1rtcsal\u00e1d cs\u00facsjel\u00f6ltj\u00e9t jel\u00f6lje a br\u00fcsszeli bizotts\u00e1g \u00e9l\u00e9re, ami\u00e9rt a Merkel vezette konzervat\u00edvok koal\u00edci\u00f3s partnere, a szoci\u00e1ldemokrata p\u00e1rt (SPD) b\u00edr\u00e1lta is a kancell\u00e1rt.<br \/>\nYasmin Fahimi, az SPD f\u0151titk\u00e1ra a napokban \u00fajs\u00e1g\u00edr\u00f3knak azt mondta, szerinte Merkel arra t\u00f6rekedik, hogy &#8222;relativiz\u00e1lja&#8221; a cs\u00facsjel\u00f6lti sziszt\u00e9m\u00e1t \u00e9s az EP-v\u00e1laszt\u00e1st, \u00e9s azt a l\u00e1tszatot kelti, mintha \u0151 lenne a &#8222;meghat\u00e1roz\u00f3 szerepl\u0151&#8221; az Eur\u00f3pai Bizotts\u00e1g k\u00f6vetkez\u0151 eln\u00f6k\u00e9nek kiv\u00e1laszt\u00e1s\u00e1ban. &#8222;Ez vesz\u00e9lyes j\u00e1t\u00e9k, nem demokratikus elj\u00e1r\u00e1s \u00e9s a v\u00e1laszt\u00f3k becsap\u00e1s\u00e1t jelenti&#8221; &#8211; hangs\u00falyozta az SPD f\u0151titk\u00e1ra.<br \/>\nUgyanakkor Merkel egy interj\u00faban lesz\u00f6gezte, hogy a berlini vezet\u00e9s egys\u00e9gesen k\u00e9pviseli majd N\u00e9metorsz\u00e1got az uni\u00f3s tiszt\u00faj\u00edt\u00e1si folyamatban. A koal\u00edci\u00f3s p\u00e1rtok &#8222;egys\u00e9ges n\u00e9met \u00e1ll\u00e1spontot dolgoznak ki az uni\u00f3s vezet\u0151 tiszts\u00e9gek bet\u00f6lt\u00e9s\u00e9r\u0151l&#8221; &#8211; mondta a kancell\u00e1r a Leipziger Volkszeitungnak a h\u00e9ten adott interj\u00faban.<br \/>\nA h\u00e9t v\u00e9g\u00e9n t\u00f6bb n\u00e9met lap arr\u00f3l \u00edrt, hogy a koal\u00edci\u00f3s p\u00e1rtok &#8211; a CDU\/CSU konzervat\u00edv p\u00e1rtsz\u00f6vets\u00e9g \u00e9s az SPD &#8211; vezet\u0151i m\u00e1r h\u00e9tf\u0151n elkezdik az egyeztet\u00e9st.<br \/>\nAz EP-v\u00e1laszt\u00e1sokkal csak az els\u0151 szakasz z\u00e1rul le az uni\u00f3s int\u00e9zm\u00e9nyek \u00e1tfog\u00f3 meg\u00faj\u00edt\u00e1s\u00e1nak v\u00e1rhat\u00f3an h\u00f3napokig tart\u00f3 folyamat\u00e1ban. A br\u00fcsszeli bizotts\u00e1g eln\u00f6ki tiszts\u00e9ge mellett az Eur\u00f3pai Tan\u00e1cs eln\u00f6ki tiszts\u00e9g\u00e9t is be kell t\u00f6lteni, ki kell jel\u00f6lni az EU \u00faj k\u00fcl- \u00e9s biztons\u00e1gpolitikai f\u0151k\u00e9pvisel\u0151j\u00e9t, \u00e9s \u00f6ssze kell \u00e1ll\u00edtani az \u00faj Eur\u00f3pai Bizotts\u00e1got.(MTI)<\/p>\n","protected":false},"excerpt":{"rendered":"<p>Joseph Daul, az Eur\u00f3pai N\u00e9pp\u00e1rt eln\u00f6ke felsz\u00f3l\u00edtotta az uni\u00f3s tagorsz\u00e1gok \u00e1llam- \u00e9s korm\u00e1nyf\u0151it, hogy az eur\u00f3pai parlamenti (EP-) v\u00e1laszt\u00e1s eredm\u00e9ny\u00e9nek megfelel\u0151en a n\u00e9pp\u00e1rt vagy az eur\u00f3pai szocialist\u00e1k cs\u00facsjel\u00f6ltj\u00e9t, Jean-Claude Junckert vagy Martin Schulzot jel\u00f6lj\u00e9k az Eur\u00f3pai Bizotts\u00e1g \u00e9l\u00e9re.<\/p>\n","protected":false},"author":1,"featured_media":0,"comment_status":"open","ping_status":"closed","sticky":false,"template":"","format":"standard","meta":[],"categories":[18],"tags":[],"_links":{"self":[{"href":"https:\/\/gazdasagportal.hu\/index.php\/wp-json\/wp\/v2\/posts\/35630"}],"collection":[{"href":"https:\/\/gazdasagportal.hu\/index.php\/wp-json\/wp\/v2\/posts"}],"about":[{"href":"https:\/\/gazdasagportal.hu\/index.php\/wp-json\/wp\/v2\/types\/post"}],"author":[{"embeddable":true,"href":"https:\/\/gazdasagportal.hu\/index.php\/wp-json\/wp\/v2\/users\/1"}],"replies":[{"embeddable":true,"href":"https:\/\/gazdasagportal.hu\/index.php\/wp-json\/wp\/v2\/comments?post=35630"}],"version-history":[{"count":3,"href":"https:\/\/gazdasagportal.hu\/index.php\/wp-json\/wp\/v2\/posts\/35630\/revisions"}],"predecessor-version":[{"id":35653,"href":"https:\/\/gazdasagportal.hu\/index.php\/wp-json\/wp\/v2\/posts\/35630\/revisions\/35653"}],"wp:attachment":[{"href":"https:\/\/gazdasagportal.hu\/index.php\/wp-json\/wp\/v2\/media?parent=35630"}],"wp:term":[{"taxonomy":"category","embeddable":true,"href":"https:\/\/gazdasagportal.hu\/index.php\/wp-json\/wp\/v2\/categories?post=35630"},{"taxonomy":"post_tag","embeddable":true,"href":"https:\/\/gazdasagportal.hu\/index.php\/wp-json\/wp\/v2\/tags?post=35630"}],"curies":[{"name":"wp","href":"https:\/\/api.w.org\/{rel}","templated":true}]}}