{"id":3554,"date":"2013-02-25T15:42:55","date_gmt":"2013-02-25T14:42:55","guid":{"rendered":"http:\/\/stockportal.hu\/?p=3554"},"modified":"2013-02-25T15:42:55","modified_gmt":"2013-02-25T14:42:55","slug":"megnovelte-a-japan-kormanyfo-onbizalmat-az-obamaval-folytatott-talalkozo","status":"publish","type":"post","link":"https:\/\/gazdasagportal.hu\/index.php\/megnovelte-a-japan-kormanyfo-onbizalmat-az-obamaval-folytatott-talalkozo\/","title":{"rendered":"Megn\u00f6velte a jap\u00e1n korm\u00e1nyf\u0151 \u00f6nbizalm\u00e1t az Obam\u00e1val folytatott tal\u00e1lkoz\u00f3"},"content":{"rendered":"<p><strong>\u00d3vatos optimizmussal \u00e9rt\u00e9kelt\u00e9k a vezet\u0151 jap\u00e1n lapok h\u00e9tf\u0151n Abe Sindz\u00f3 korm\u00e1nyf\u0151 \u00e9s Barack Obama amerikai eln\u00f6k h\u00e9tv\u00e9gi tal\u00e1lkoz\u00f3j\u00e1t, amely a sajt\u00f3 szerint megn\u00f6velte a minisztereln\u00f6k \u00f6nbizalm\u00e1t.<!--more--><\/strong><\/p>\n<p>A konzervat\u00edv Jomiuri Simbun szerint a tal\u00e1lkoz\u00f3 azt jelezte: az amerikai-jap\u00e1n kapcsolat visszat\u00e9rt a rendes ker\u00e9kv\u00e1g\u00e1sba, miut\u00e1n az el\u0151z\u0151 korm\u00e1ny alatt &#8222;zavarok&#8221; jellemezt\u00e9k azt. A sz\u00f6vets\u00e9g a destabiliz\u00e1l\u00f3 t\u00e9nyez\u0151k &#8211; K\u00edna \u00e9s \u00c9szak-Korea &#8211; \u00e1ltal fenyegetett Kelet-\u00c1zsia b\u00e9k\u00e9j\u00e9nek \u00e9s j\u00f3l\u00e9t\u00e9nek z\u00e1loga, ez\u00e9rt Toki\u00f3nak \u00e9s Washingtonnak hat\u00e1rozott \u00e9s felel\u0151ss\u00e9gteljes szerepet kell j\u00e1tszania a r\u00e9gi\u00f3ban &#8211; \u00edrta a lap.<br \/>\nAbe Washingtonban k\u00f6z\u00f6lte: Jap\u00e1n visszat\u00e9rt, a szigetorsz\u00e1g elsz\u00e1nts\u00e1g\u00e1t pedig senkinek sem aj\u00e1nlott pr\u00f3b\u00e1ra tennie. A balk\u00f6z\u00e9p Aszahi Simbun v\u00e9lem\u00e9nye szerint a korm\u00e1nyf\u0151 \u00f6nbizalma jelent\u0151sen n\u0151tt a tal\u00e1lkoz\u00f3 ut\u00e1n. &#8222;V\u00e9lhet\u0151en gazdas\u00e1gpolitik\u00e1j\u00e1ban val\u00f3 bizalma miatt Abe a kor\u00e1bbiakt\u00f3l elt\u00e9r\u0151en m\u00e1r nem egy ijedt vezet\u0151 k\u00e9p\u00e9t mutatta&#8221; &#8211; \u00edrta a lap.<br \/>\nA jap\u00e1n sajt\u00f3 \u00e1ltal megsz\u00f3laltatott elemz\u0151k \u00fagy v\u00e9lt\u00e9k: Abe \u00fagy \u00e9rzi, hogy t\u00e1mogat\u00e1st kapott er\u0151teljes \u00e1llami \u00e9l\u00e9nk\u00edt\u00e9sen \u00e9s agressz\u00edv monet\u00e1ris politik\u00e1n alapul\u00f3 gazdas\u00e1gi programj\u00e1hoz Obam\u00e1t\u00f3l, ami magabiztos l\u00e9p\u00e9sekre sarkallhatja, emiatt pedig k\u00fclpolitikai retorik\u00e1ja mark\u00e1nsabban er\u00e9lyesebb\u00e9 v\u00e1lt.<br \/>\nAz Aszahi ugyanakkor \u00fagy v\u00e9lte, Washington a tal\u00e1lkoz\u00f3n a gyakorlati hasznokra \u00f6sszpontos\u00edtott, els\u0151sorban arra, hogy becsalogassa Jap\u00e1nt a Csendes-\u00f3ce\u00e1ni Partners\u00e9g (TPP) elnevez\u00e9s\u0171 szabadkereskedelmi kezdem\u00e9nyez\u00e9sbe.<br \/>\n\u00c9rtes\u00fcl\u00e9sek szerint Abe hamarosan d\u00f6nt a t\u00e1rgyal\u00e1sokhoz val\u00f3 csatlakoz\u00e1sr\u00f3l. A Jomiuri, a Nikkei gazdas\u00e1gi lap \u00e9s a jap\u00e1n ipari lobbi is a mihamarabbi csatlakoz\u00e1st s\u00fcrgette. Ugyanakkor az Abe vezette Liber\u00e1lis Demokrata P\u00e1rt felett komoly befoly\u00e1ssal b\u00edr\u00f3 mez\u0151gazdas\u00e1gi szektor csak akkor t\u00e1mogatja a bel\u00e9p\u00e9st, ha egyes agr\u00e1rterm\u00e9kek kimaradnak a meg\u00e1llapod\u00e1s hat\u00e1lya al\u00f3l. Abe Washingtonban jelezte: ez ut\u00f3bbi lehets\u00e9ges \u00fat Jap\u00e1n sz\u00e1m\u00e1ra.<br \/>\nA Jomiuri \u00fcdv\u00f6z\u00f6lte tov\u00e1bb\u00e1, hogy John Kerry amerikai k\u00fcl\u00fcgyminiszter ism\u00e9t lesz\u00f6gezte: a k\u00e9t orsz\u00e1g k\u00f6zti v\u00e9delmi sz\u00f6vets\u00e9g kiterjed a kelet-k\u00ednai-tengeri Szenkaku-szigetekre (k\u00ednaiul Tiaoj\u00fc) is, amelyeket K\u00edna mag\u00e1\u00e9nak tart. Jap\u00e1nnak higgadts\u00e1got kell tan\u00fas\u00edtania a szigetvit\u00e1ban a k\u00ednai provok\u00e1ci\u00f3k ellen\u00e9re is, \u00e9s K\u00edna \u00f6nm\u00e9rs\u00e9kletre fog\u00e1s\u00e1nak \u00e9rdek\u00e9ben szorosan egy\u00fctt kell m\u0171k\u00f6dnie az Egyes\u00fclt \u00c1llamokkal &#8211; \u00edrta a lap. (MTI)<\/p>\n","protected":false},"excerpt":{"rendered":"<p>\u00d3vatos optimizmussal \u00e9rt\u00e9kelt\u00e9k a vezet\u0151 jap\u00e1n lapok h\u00e9tf\u0151n Abe Sindz\u00f3 korm\u00e1nyf\u0151 \u00e9s Barack Obama amerikai eln\u00f6k h\u00e9tv\u00e9gi tal\u00e1lkoz\u00f3j\u00e1t, amely a sajt\u00f3 szerint megn\u00f6velte a minisztereln\u00f6k \u00f6nbizalm\u00e1t.<\/p>\n","protected":false},"author":1,"featured_media":0,"comment_status":"closed","ping_status":"open","sticky":false,"template":"","format":"standard","meta":[],"categories":[13,14],"tags":[],"_links":{"self":[{"href":"https:\/\/gazdasagportal.hu\/index.php\/wp-json\/wp\/v2\/posts\/3554"}],"collection":[{"href":"https:\/\/gazdasagportal.hu\/index.php\/wp-json\/wp\/v2\/posts"}],"about":[{"href":"https:\/\/gazdasagportal.hu\/index.php\/wp-json\/wp\/v2\/types\/post"}],"author":[{"embeddable":true,"href":"https:\/\/gazdasagportal.hu\/index.php\/wp-json\/wp\/v2\/users\/1"}],"replies":[{"embeddable":true,"href":"https:\/\/gazdasagportal.hu\/index.php\/wp-json\/wp\/v2\/comments?post=3554"}],"version-history":[{"count":2,"href":"https:\/\/gazdasagportal.hu\/index.php\/wp-json\/wp\/v2\/posts\/3554\/revisions"}],"predecessor-version":[{"id":3556,"href":"https:\/\/gazdasagportal.hu\/index.php\/wp-json\/wp\/v2\/posts\/3554\/revisions\/3556"}],"wp:attachment":[{"href":"https:\/\/gazdasagportal.hu\/index.php\/wp-json\/wp\/v2\/media?parent=3554"}],"wp:term":[{"taxonomy":"category","embeddable":true,"href":"https:\/\/gazdasagportal.hu\/index.php\/wp-json\/wp\/v2\/categories?post=3554"},{"taxonomy":"post_tag","embeddable":true,"href":"https:\/\/gazdasagportal.hu\/index.php\/wp-json\/wp\/v2\/tags?post=3554"}],"curies":[{"name":"wp","href":"https:\/\/api.w.org\/{rel}","templated":true}]}}