{"id":35473,"date":"2014-05-23T09:39:28","date_gmt":"2014-05-23T07:39:28","guid":{"rendered":"http:\/\/stockportal.hu\/?p=35473"},"modified":"2014-05-23T09:39:28","modified_gmt":"2014-05-23T07:39:28","slug":"adocsalo-munkaero-kolcsonzoket-szamolt-fel-az-adohatosag","status":"publish","type":"post","link":"https:\/\/gazdasagportal.hu\/index.php\/adocsalo-munkaero-kolcsonzoket-szamolt-fel-az-adohatosag\/","title":{"rendered":"Ad\u00f3csal\u00f3 munkaer\u0151-k\u00f6lcs\u00f6nz\u0151ket sz\u00e1molt fel az ad\u00f3hat\u00f3s\u00e1g"},"content":{"rendered":"<p><strong>K\u00e9t munkaer\u0151-k\u00f6lcs\u00f6nz\u00e9ssel foglalkoz\u00f3 t\u00e1rsas\u00e1g vezet\u0151it vett\u00e9k \u0151rizetbe a napokban a NAV k\u00f6z\u00e9p-dun\u00e1nt\u00fali region\u00e1lis b\u0171n\u00fcgyi igazgat\u00f3s\u00e1g\u00e1nak nyomoz\u00f3i, mert a gyan\u00fa szerint 244 milli\u00f3 forint ad\u00f3t csaltak el &#8211; t\u00e1j\u00e9koztatta a szervezet sajt\u00f3referense p\u00e9nteken az MTI-t.<\/strong><!--more--><br \/>\n<div class=\"ads-in-post1\"><div id=\"gazdasagportal.hu_fullbanner_wideboard\"><\/div>\r\n<\/div>\n<p>    R\u00e1skai Rita k\u00f6z\u00f6lte: az ad\u00f3csal\u00f3 c\u00e9gh\u00e1l\u00f3zat kom\u00e1romi \u00e9s oroszl\u00e1nyi ir\u00e1ny\u00edt\u00f3i pr\u00f3b\u00e1ltak kib\u00fajni a felel\u0151ss\u00e9gre von\u00e1s al\u00f3l, k\u00e9t v\u00e1llalkoz\u00e1st p\u00e9ld\u00e1ul v\u00e9gst\u00e1diumban l\u00e9v\u0151 r\u00e1kbetegekre \u00edrattak \u00e1t, akik a c\u00e9gszerz\u00e9s ut\u00e1n r\u00f6videsen elhal\u00e1loztak.<br \/>\n    A gyan\u00fas\u00edtottak 2012-t\u0151l m\u0171k\u00f6dtettek munkaer\u0151-k\u00f6lcs\u00f6nz\u0151 c\u00e9geket, \u00e9s a bev\u00e9teleket a f\u0151v\u00e1llalkoz\u00e1s ir\u00e1ny\u00edt\u00f3ihoz k\u00f6thet\u0151 alv\u00e1llalkoz\u00e1sok fikt\u00edv sz\u00e1ml\u00e1ival ellens\u00falyozt\u00e1k. Ut\u00f3bbi c\u00e9gek k\u00f6z\u00f6tt volt olyan, amelynek m\u00e9g munkav\u00e1llal\u00f3i sem voltak.<br \/>\n    A b\u0171n\u00f6z\u0151i csoportra egyszerre 25 helysz\u00ednen, 96 p\u00e9nz\u00fcgyi nyomoz\u00f3, ad\u00f3revizor \u00e9s p\u00e9nz\u00fcgy\u0151r csapott le. Lefoglalt\u00e1k a c\u00e9gek k\u00f6nyvel\u00e9si anyagait \u00e9s telefonjait, valamint a sz\u00e1ml\u00e1z\u00e1sokra haszn\u00e1lt sz\u00e1m\u00edt\u00e1stechnikai eszk\u00f6z\u00f6ket. Az akci\u00f3ban csaknem 16 milli\u00f3 forint k\u00e9szp\u00e9nzt foglaltak le, \u00e9s mintegy 131 milli\u00f3 forint \u00e9rt\u00e9k\u0171 vagyont &#8211; banksz\u00e1ml\u00e1kat, ingatlanokat &#8211; z\u00e1roltak.<br \/>\n    Kider\u00fclt, hogy a kom\u00e1romi f\u0151szervez\u0151 rendszeresen j\u00e1rt j\u00f3sn\u0151h\u00f6z, aki 2013 v\u00e9g\u00e9n megj\u00f3solta neki, hogy 2014 \u00e1prilis\u00e1ban vagy m\u00e1jus\u00e1ban lecsukj\u00e1k. A k\u00f6lts\u00e9gvet\u00e9si csal\u00e1s miatt ind\u00edtott elj\u00e1r\u00e1snak \u00f6t gyan\u00fas\u00edtottja van, k\u00f6z\u00fcl\u00fck a k\u00e9t f\u0151szervez\u0151 el\u0151zetes letart\u00f3ztat\u00e1sba ker\u00fclt &#8211; k\u00f6z\u00f6lte a sajt\u00f3referens.(MTI)<\/p>\n","protected":false},"excerpt":{"rendered":"<p>K\u00e9t munkaer\u0151-k\u00f6lcs\u00f6nz\u00e9ssel foglalkoz\u00f3 t\u00e1rsas\u00e1g vezet\u0151it vett\u00e9k \u0151rizetbe a napokban a NAV k\u00f6z\u00e9p-dun\u00e1nt\u00fali region\u00e1lis b\u0171n\u00fcgyi igazgat\u00f3s\u00e1g\u00e1nak nyomoz\u00f3i, mert a gyan\u00fa szerint 244 milli\u00f3 forint ad\u00f3t csaltak el &#8211; t\u00e1j\u00e9koztatta a szervezet sajt\u00f3referense p\u00e9nteken az MTI-t.<\/p>\n","protected":false},"author":1,"featured_media":0,"comment_status":"open","ping_status":"closed","sticky":false,"template":"","format":"standard","meta":[],"categories":[20],"tags":[],"_links":{"self":[{"href":"https:\/\/gazdasagportal.hu\/index.php\/wp-json\/wp\/v2\/posts\/35473"}],"collection":[{"href":"https:\/\/gazdasagportal.hu\/index.php\/wp-json\/wp\/v2\/posts"}],"about":[{"href":"https:\/\/gazdasagportal.hu\/index.php\/wp-json\/wp\/v2\/types\/post"}],"author":[{"embeddable":true,"href":"https:\/\/gazdasagportal.hu\/index.php\/wp-json\/wp\/v2\/users\/1"}],"replies":[{"embeddable":true,"href":"https:\/\/gazdasagportal.hu\/index.php\/wp-json\/wp\/v2\/comments?post=35473"}],"version-history":[{"count":1,"href":"https:\/\/gazdasagportal.hu\/index.php\/wp-json\/wp\/v2\/posts\/35473\/revisions"}],"predecessor-version":[{"id":35474,"href":"https:\/\/gazdasagportal.hu\/index.php\/wp-json\/wp\/v2\/posts\/35473\/revisions\/35474"}],"wp:attachment":[{"href":"https:\/\/gazdasagportal.hu\/index.php\/wp-json\/wp\/v2\/media?parent=35473"}],"wp:term":[{"taxonomy":"category","embeddable":true,"href":"https:\/\/gazdasagportal.hu\/index.php\/wp-json\/wp\/v2\/categories?post=35473"},{"taxonomy":"post_tag","embeddable":true,"href":"https:\/\/gazdasagportal.hu\/index.php\/wp-json\/wp\/v2\/tags?post=35473"}],"curies":[{"name":"wp","href":"https:\/\/api.w.org\/{rel}","templated":true}]}}