{"id":35422,"date":"2014-05-22T15:08:18","date_gmt":"2014-05-22T13:08:18","guid":{"rendered":"http:\/\/stockportal.hu\/?p=35422"},"modified":"2014-05-22T15:08:18","modified_gmt":"2014-05-22T13:08:18","slug":"forex-tozsde-deviza-arany-olaj-technikai-es-fundamentalis-elemzese-2014-05-22","status":"publish","type":"post","link":"https:\/\/gazdasagportal.hu\/index.php\/forex-tozsde-deviza-arany-olaj-technikai-es-fundamentalis-elemzese-2014-05-22\/","title":{"rendered":"Forex, t\u0151zsde, deviza, arany, olaj technikai \u00e9s fundament\u00e1lis elemz\u00e9se  &#8211; 2014.05.22"},"content":{"rendered":"<p><strong>N\u00e9ha nem igaz\u00e1n \u00e9rdemes v\u00e1rni\u00a0\u00a0\u00a0\u00a0A k\u00f6zelm\u00faltbeli FOMC \u00e9rtekezlet jegyz\u0151k\u00f6nyv\u00e9t nagyon v\u00e1rt\u00e1k, k\u00fcl\u00f6n\u00f6sen azut\u00e1n, miut\u00e1n t\u00f6bb FOMC tag el\u00e9gg\u00e9 \u201ek\u00ednz\u00f3\u201d besz\u00e9det tartott az elm\u00falt n\u00e9h\u00e1ny napban, amelynek sor\u00e1n provokat\u00edv megjegyz\u00e9seket tettek a megszor\u00edt\u00e1s sz\u00fcks\u00e9gess\u00e9g\u00e9r\u0151l, a Fed-nek a kamatl\u00e1bemel\u00e9ssel kapcsolatos elk\u00e9pzel\u00e9seir\u0151l, valamint a piacot nagyon aggaszt\u00f3 egy\u00e9b t\u00e9m\u00e1kr\u00f3l. Mindazon\u00e1ltal a t\u00e9nyek nem egyeztek meg a v\u00e1rakoz\u00e1sokkal.\u00a0<!--more--><\/strong><\/p>\n<div class=\"ads-in-post1\"><div id=\"gazdasagportal.hu_fullbanner_wideboard\"><\/div>\r\n<\/div>\n<p><strong>N\u00e9ha nem igaz\u00e1n \u00e9rdemes v\u00e1rni\u00a0\u00a0\u00a0\u00a0\u00a0\u00a0\u00a0\u00a0 <\/strong>A k\u00f6zelm\u00faltbeli FOMC \u00e9rtekezlet jegyz\u0151k\u00f6nyv\u00e9t nagyon v\u00e1rt\u00e1k, k\u00fcl\u00f6n\u00f6sen azut\u00e1n, miut\u00e1n t\u00f6bb FOMC tag el\u00e9gg\u00e9 \u201ek\u00ednz\u00f3\u201d besz\u00e9det tartott az elm\u00falt n\u00e9h\u00e1ny napban, amelynek sor\u00e1n provokat\u00edv megjegyz\u00e9seket tettek a megszor\u00edt\u00e1s sz\u00fcks\u00e9gess\u00e9g\u00e9r\u0151l, a Fed-nek a kamatl\u00e1bemel\u00e9ssel kapcsolatos elk\u00e9pzel\u00e9seir\u0151l, valamint a piacot nagyon aggaszt\u00f3 egy\u00e9b t\u00e9m\u00e1kr\u00f3l. Mindazon\u00e1ltal a t\u00e9nyek nem egyeztek meg a v\u00e1rakoz\u00e1sokkal. A jegyz\u0151k\u00f6nyvben szemmel l\u00e1that\u00f3an kev\u00e9s v\u00e1ltoz\u00e1s volt \u2013 a \u201em\u00e1rciusi \u00e9rtekezlet \u00f3ta jelent\u0151sen nem v\u00e1ltozott\u201d \u00e1ll\u00edt\u00e1s t\u00f6bbsz\u00f6r szerepelt \u2013, \u00e9s mik\u00f6zben elmondt\u00e1k, hogy \u201et\u00e9m\u00e1k sz\u00e9les k\u00f6r\u00e9t t\u00e1rgyalt\u00e1k a politika normaliz\u00e1l\u00e1s\u00e1val kapcsolatban\u201d, az egyetlen int\u00e9zked\u00e9s az volt, hogy tov\u00e1bbi elemz\u00e9st k\u00e9rtek a munkat\u00e1rsakt\u00f3l. A politika normaliz\u00e1l\u00e1s\u00e1nak \u201emik\u00e9ntje\u201d \u00e9ppoly figyelmet kap, mint annak \u201eideje\u201d vagy \u201emi\u00e9rtje\u201d, mivel a szem\u00e9lyzet prezent\u00e1ci\u00f3t tartott a p\u00e9nzpiacokon val\u00f3 m\u0171k\u00f6d\u00e9s t\u00f6bb \u00faj technik\u00e1j\u00e1r\u00f3l. Nem volt agg\u00e1ly az infl\u00e1ci\u00f3val kapcsolatban: a \u201elegt\u00f6bb r\u00e9sztvev\u0151\u201d szerint fokozatosan visszat\u00e9r a Fed 2%-os c\u00e9lkit\u0171z\u00e9s\u00e9hez, mik\u00f6zben \u201en\u00e9h\u00e1nyan\u201d agg\u00f3dnak amiatt, hogy hosszabb id\u0151t vesz ig\u00e9nybe. Ez\u00e9rt arra a k\u00f6vetkeztet\u00e9sre jutottak, hogy jelenleg nincs kompromisszum infl\u00e1ci\u00f3val vagy a foglalkoztat\u00e1ssal kapcsolatos feladataik k\u00f6z\u00f6tt; tov\u00e1bbi \u00f6szt\u00f6nz\u00e9s seg\u00edthet mindkett\u0151 el\u00e9r\u00e9s\u00e9ben. Ez nem az a megszor\u00edt\u00e1s-p\u00e1rti n\u00e9zet, amelyre sz\u00e1m\u00edtottam, miut\u00e1n a k\u00f6zelm\u00faltban n\u00e9h\u00e1ny Fed tag besz\u00e9d\u00e9t hallgattam, de elt\u00e9r\u00e9s sem volt az el\u0151z\u0151 Fed nyilatkozatokt\u00f3l. \u00daj inform\u00e1ci\u00f3 hi\u00e1ny\u00e1ban nem \u00e9rte hat\u00e1s a keresked\u00e9st, \u00e9s a r\u00e1t\u00e1k alig v\u00e1ltoztak:\u00a0 a Fed Alapokkal kapcsolatos v\u00e1rakoz\u00e1sok nem v\u00e1ltoztak; az \u00f6t- \u00e9s t\u00edz\u00e9ves hozamok kb. 2 b\u00e1zisponttal vagy kevesebbel emelkedtek, ami margin\u00e1lis mozg\u00e1s.<\/p>\n<ul>\n<li>T\u00f6bb mozg\u00e1sra ker\u00fclt sor az USA-beli z\u00e1r\u00e1st k\u00f6vet\u0151en, amikor a m\u00e1jusi HSBC\/Markit gy\u00e1rt\u00e1si PMI-index K\u00edna eset\u00e9ben jelent\u0151sen, 48,1-r\u0151l 49,7-re emelkedett, ami fel\u00fclm\u00falta a j\u00f3val kisebb, 48,3-ra val\u00f3 emelked\u00e9sre sz\u00e1m\u00edt\u00f3 v\u00e1rakoz\u00e1sokat; majdnem visszat\u00e9rt a kulcsfontoss\u00e1g\u00fa 50-es szintre. A jelent\u00e9sb\u0151l kider\u00fclt, hogy a kibocs\u00e1t\u00e1s \u00e9s a megrendel\u00e9sek is fordulatot vettek, ami kedvezett az optimizmusnak, miszerint a k\u00ednai kereslet stabiliz\u00e1l\u00f3dni fog. Az AUD \u00e9s az NZD is er\u0151s\u00f6d\u00f6tt a h\u00edrek hat\u00e1s\u00e1ra; az AUD t\u00falsz\u00e1rnyalta az NZD-t. Szerintem K\u00edna helyzete nem fog olyan gyorsan fordulatot venni, ez\u00e9rt nem k\u00edv\u00e1nom \u201e\u00fcld\u00f6z\u0151be venni\u201d ezt a rallyt; ellenkez\u0151leg: szerintem j\u00f3 alkalom k\u00edn\u00e1lkozhat az elad\u00e1si poz\u00edci\u00f3kra. A deviz\u00e1k azonban egyel\u0151re k\u00e9ptelenek voltak meg\u0151rizni momentumukat.<\/li>\n<li>Az eur\u00f3pai nap folyam\u00e1n k\u00f6zz\u00e9teszik az el\u0151zetes gy\u00e1rt\u00e1si \u00e9s szolg\u00e1ltat\u00e1si szektorbeli PMI-indexeket azonos h\u00f3napra vonatkoz\u00f3an Franciaorsz\u00e1gban, N\u00e9metorsz\u00e1gban \u00e9s az euroz\u00f3na eg\u00e9sz\u00e9re n\u00e9zve. Az indexek t\u00f6bbs\u00e9ge az el\u0151rejelz\u00e9s szerint cs\u00f6kkent, ami negat\u00edv hat\u00e1st gyakorolhat az eur\u00f3ra.<\/li>\n<li>Az Egyes\u00fclt Kir\u00e1lys\u00e1g 1. negyed\u00e9ves GDP adat\u00e1nak m\u00e1sodik becsl\u00e9s\u00e9t is k\u00f6zz\u00e9teszik. Az el\u0151rejelz\u00e9s szok\u00e1s szerint a kezdeti becsl\u00e9ssel azonos (negyed\u00e9ves szinten +0,8%).<\/li>\n<li>Az USA-beli adatok nagyr\u00e9szt kedvez\u0151bbek az el\u0151rejelz\u00e9s szerint. Az el\u0151zetes Markit gy\u00e1rt\u00e1si PMI-index az el\u0151rejelz\u00e9s szerint valamelyest emelkedett. Az USA-ban az \u00fajonnan regisztr\u00e1lt munkan\u00e9lk\u00fcliek \u00e1llom\u00e1nya az el\u0151rejelz\u00e9s szerint (a m\u00e1jus 17-\u00e9n befejez\u0151d\u00f6tt h\u00e9tre) v\u00e1rhat\u00f3an 297 ezerr\u0151l 310 ezerre n\u0151tt. Mindazon\u00e1ltal a 4 hetes mozg\u00f3\u00e1tlag 323 ezerr\u0151l 318 ezerre cs\u00f6kkent. Az USA-beli megl\u00e9v\u0151 lak\u00e1sok \u00e9rt\u00e9kes\u00edt\u00e9se \u00e1prilisban v\u00e1rhat\u00f3an 4,6 milli\u00f3r\u00f3l 4,7 milli\u00f3ra emelkedett. M\u00e1sr\u00e9szt a chicag\u00f3i Fed nemzeti aktivit\u00e1si index a becsl\u00e9s szerint cs\u00f6kkent. A nagyr\u00e9szt javul\u00f3 mutat\u00f3sz\u00e1mok ezen csoportja \u00e9s az euroz\u00f3na csal\u00f3d\u00e1st kelt\u0151 adatai k\u00f6z\u00f6tti ellent\u00e9t t\u00e1mogathatja az USD rally folytat\u00f3d\u00e1s\u00e1t.<\/li>\n<li>M\u00e1shol: Norv\u00e9gia AKU munkan\u00e9lk\u00fclis\u00e9gi r\u00e1t\u00e1ja az el\u0151rejelz\u00e9s szerint v\u00e1ltozatlan maradt. Kanada m\u00e1rciusi viszontelad\u00f3i \u00e9rt\u00e9kes\u00edt\u00e9se v\u00e1rhat\u00f3an lassult, ami hozz\u00e1j\u00e1rulhat a CAD k\u00f6zelm\u00faltbeli probl\u00e9m\u00e1ihoz.<\/li>\n<li>A cs\u00fct\u00f6rt\u00f6ki napirenden k\u00e9t szem\u00e9ly tart besz\u00e9det. Az EKB Korm\u00e1nyz\u00f3tan\u00e1cs\u00e1nak tagja \u00e9s a Spanyol Nemzeti Bank korm\u00e1nyz\u00f3ja, Luis Maria Linde Madridban sz\u00f3lal fel; a San Francisc\u00f3-i Fed eln\u00f6ke, John Williams kulcsfontoss\u00e1g\u00fa besz\u00e9det tart egy konferenci\u00e1n.<\/li>\n<\/ul>\n<p><strong>Az EUR\/USD p\u00e1r medv\u00e9i visszat\u00e9rtek<\/strong><\/p><div id=\"gazda-2602598324\" class=\"gazda-tartalomban gazda-entity-placement\"><script async src=\"https:\/\/pagead2.googlesyndication.com\/pagead\/js\/adsbygoogle.js\"><\/script>\r\n<ins class=\"adsbygoogle\"\r\n     style=\"display:block\"\r\n     data-ad-format=\"fluid\"\r\n     data-ad-layout-key=\"-6t+ed+2i-1n-4w\"\r\n     data-ad-client=\"ca-pub-1959107119989764\"\r\n     data-ad-slot=\"4008251320\"><\/ins>\r\n<script>\r\n     (adsbygoogle = window.adsbygoogle || []).push({});\r\n<\/script><\/div>\n<ul>\n<li>Az<strong> EUR\/USD <\/strong>p\u00e1r jelent\u0151sen esett szerd\u00e1n, \u00e9s ism\u00e9t el\u00e9rte az 1,3650-es (T1) t\u00e1maszszinti korl\u00e1tot. Ezen tartom\u00e1ny k\u00f6zel\u00e9ben a p\u00e1r n\u00e9h\u00e1ny v\u00e9teli megb\u00edz\u00e1sra tal\u00e1lt, \u00e9s valamelyest visszapattant, majd el\u00e9rte az 1,3685-\u00f6s (E1) ellen\u00e1ll\u00e1sszintet. Am\u00edg a p\u00e1r mindk\u00e9t mozg\u00f3\u00e1tlag alatt marad, a r\u00f6vid t\u00e1v\u00fa ir\u00e1ny cs\u00f6kken\u0151 marad, \u00e9s az 1,3650-es (T1) akad\u00e1ly egy\u00e9rtelm\u0171, lefel\u00e9 t\u00f6rt\u00e9n\u0151 \u00e1tt\u00f6r\u00e9se hat\u00e1s\u00e1ra el\u00e9rheti a k\u00f6vetkez\u0151, 1,3600-os (T2) szintet. Az MACD cs\u00f6kkent &#8211; m\u00e1r medve jelleg\u0171 tartom\u00e1nyban van &#8211; \u00e9s jelz\u0151 vonala al\u00e1 ker\u00fclt, meger\u0151s\u00edtve a tegnapi medve jelleg\u0171 hozz\u00e1\u00e1ll\u00e1st.<\/li>\n<li>T\u00e1maszszint: 1,3650 (T1), 1,3600 (T2), 1,3475 (T3).<\/li>\n<li>Ellen\u00e1ll\u00e1sszint: 1,3685 (E1), 1,3745 (E2), 1,3790 (E3).<\/li>\n<\/ul>\n<p>&nbsp;<\/p>\n<p><strong>Az USD\/JPY p\u00e1r visszapattant a 100,80-as szintr\u0151l<\/strong><\/p>\n<ul>\n<li>Az<strong> USD\/JPY<\/strong> p\u00e1r tegnap jelent\u0151sen esett, de miut\u00e1n t\u00e1maszszintre tal\u00e1lt a 100,80-as (T2) tartom\u00e1nyban, a 200 napos mozg\u00f3\u00e1tlag k\u00f6zel\u00e9ben, rallyzott, majd valamelyest a 101,60-as (E1) szint alatt zajlott a keresked\u00e9s. A korai eur\u00f3pai keresked\u00e9sen \u00fagy t\u0171nik, hogy az \u00e1rfolyam k\u00e9szen \u00e1ll ezen korl\u00e1t tesztel\u00e9s\u00e9re; egy felfel\u00e9 val\u00f3 \u00e1tt\u00f6r\u00e9s hat\u00e1s\u00e1ra el\u00e9rheti a k\u00f6vetkez\u0151 ellen\u00e1ll\u00e1sszinti akad\u00e1lyt a 102,00-es (E2) szinten. Mindk\u00e9t momentum mutat\u00f3sz\u00e1m felfel\u00e9 mutat, mik\u00f6zben az MACD felfel\u00e9 \u00e1tt\u00e9rt jelz\u0151 vonal\u00e1n, ami kedvez a n\u00f6vekv\u0151 hull\u00e1m folytat\u00f3d\u00e1s\u00e1nak. B\u00e1r a k\u00f6vetkez\u0151 mozg\u00e1s v\u00e1rhat\u00f3an bika jelleg\u0171 lesz, kitekintve az USD\/JPY p\u00e1r hossz\u00fa t\u00e1v\u00fa \u00fatvonala oldalir\u00e1ny\u00fa marad, mivel nem azonos\u00edthat\u00f3 egy\u00e9rtelm\u0171 trend strukt\u00fara.<\/li>\n<li>T\u00e1maszszint: 101,10 (T1), 100,80 (T2), 100,40 (T3).<\/li>\n<li>Ellen\u00e1ll\u00e1sszint: 101,60 (E1), 102,00 (E2), 102,35 (E3).<\/li>\n<\/ul>\n<p>&nbsp;<\/p>\n<p><strong>Az EUR\/GBP p\u00e1r cs\u00f6kken\u0151 trendje folytat\u00f3dik<\/strong><\/p>\n<ul>\n<li>Az<strong> EUR\/GBP <\/strong>p\u00e1r a 0,8130-as akad\u00e1ly al\u00e1 cs\u00f6kkent, ami meger\u0151s\u00edti az alacsonyabb minimum szintet \u00e9s jelzi a megl\u00e9v\u0151 r\u00f6vid t\u00e1v\u00fa cs\u00f6kken\u0151 trend folytat\u00f3d\u00e1s\u00e1t. A korai eur\u00f3pai reggel sor\u00e1n az \u00e1r valamelyest a k\u00e9k cs\u00f6kken\u0151 tartom\u00e1ny als\u00f3 hat\u00e1r\u00e1n, valamelyest a 0,8080-as (T1) t\u00e1maszszinti korl\u00e1t felett van. Figyelembe v\u00e9ve, hogy az MACD jelz\u0151 \u00e9s z\u00e9rus vonala alatt marad, a medv\u00e9k v\u00e1rhat\u00f3an tesztelni fogj\u00e1k ezt az akad\u00e1lyt. Ezen szint egy\u00e9rtelm\u0171, lefel\u00e9 t\u00f6rt\u00e9n\u0151 \u00e1tt\u00f6r\u00e9se megc\u00e9lozhatja a k\u00f6vetkez\u0151 t\u00e1maszszintet (0,8035 &#8211; T2).<\/li>\n<li>T\u00e1maszszint: 0,8080 (T1), 0,8035 (T2), 0,8000 (T3).<\/li>\n<li>Ellen\u00e1ll\u00e1sszint: 0,8130 (E1), 0,8200 (E2), 0,8246 (E3).<\/li>\n<\/ul>\n<p>&nbsp;<\/p>\n<p><strong>Az arany oldalir\u00e1ny\u00fa mozg\u00e1sa folytat\u00f3dik<\/strong><\/p>\n<ul>\n<li>Az<strong> arany <\/strong>szerd\u00e1n folytatta konszolid\u00e1ci\u00f3j\u00e1t, \u00e9s az 1290-es szint k\u00f6zel\u00e9ben maradt. \u00dagy t\u0171nik, hogy a nemesf\u00e9m az oldalir\u00e1ny\u00fa \u00fatvonalat kedveli az 1280-as (T1) t\u00e1maszszint \u00e9s az 1315-\u00f6s (E2) ellen\u00e1ll\u00e1sszint k\u00f6z\u00f6tt. Mindk\u00e9t mozg\u00f3\u00e1tlag tov\u00e1bbra is oldalir\u00e1nyba mutat, mik\u00f6zben a napi MACD \u00e9s a napi RSI is semleges szintjei k\u00f6zel\u00e9ben van, ami meger\u0151s\u00edti a nemesf\u00e9m trend n\u00e9lk\u00fcli k\u00e9p\u00e9t. Az 1315-\u00f6s (E2) szint felfel\u00e9 val\u00f3 \u00e1tt\u00f6r\u00e9se sz\u00fcks\u00e9ges ahhoz, hogy a k\u00e9p pozit\u00edvv\u00e1 v\u00e1ljon, \u00e9s megc\u00e9lozhatja az 1330-as (E3) ellen\u00e1ll\u00e1sszintet, mik\u00f6zben az 1280-as (T1) szint lefel\u00e9 t\u00f6rt\u00e9n\u0151 \u00e1tt\u00f6r\u00e9s\u00e9vel el\u00e9rheti az 1268-as (T2) t\u00e1maszszintet.<\/li>\n<li>T\u00e1maszszint: 1280 (T1), 1268 (T2), 1250 (T3).<\/li>\n<li>Ellen\u00e1ll\u00e1sszint: 1305 (E1), 1315 (E2), 1330 (E3).<\/li>\n<\/ul>\n<p>&nbsp;<\/p>\n<p><strong>A WTI el\u00e9rte \u00e1prilisi maximum szintj\u00e9t<\/strong><\/p>\n<ul>\n<li>A<strong> WTI <\/strong>emelkedett, \u00e9s a v\u00e1rakoz\u00e1soknak megfelel\u0151en el\u00e9rte az \u00e1prilisi maximum szintet a 104,10-es (E1) szinten. Ha a v\u00e9teli poz\u00edci\u00f3kkal rendelkez\u0151k el\u00e9g er\u0151sek ahhoz, hogy \u00e1tt\u00f6rj\u00e9k ezt a korl\u00e1tot, v\u00e1rhat\u00f3an \u00e1tt\u00f6rik a kor\u00e1bban eml\u00edtett ellen\u00e1ll\u00e1sszintet \u00e9s hosszabb\u00edt\u00e1sokat ind\u00edtanak el a 105,00-\u00f6s (E2) kritikus korl\u00e1t fel\u00e9. Am\u00edg a WTI magasabb maximum szinteket \u00e9s magasabb minimum szinteket \u00e9r el mindk\u00e9t mozg\u00f3\u00e1tlag felett, a n\u00f6vekv\u0151 trend \u00e9rv\u00e9nyben marad. Azonban v\u00e1rhat\u00f3an bizonyos m\u00e9rt\u00e9k\u0171 profit-kiv\u00e9telre ker\u00fcl sor a 104,10-es (E1) s\u00e1v k\u00f6zel\u00e9ben, ez\u00e9rt nem z\u00e1rhat\u00f3 ki bizonyos m\u00e9rt\u00e9k\u0171 konszolid\u00e1ci\u00f3 vagy visszat\u00e9r\u00e9s a k\u00e9k n\u00f6vekv\u0151 trendvonal k\u00f6zel\u00e9ben.<\/li>\n<li>T\u00e1maszszint: 103,00 (T1), 102,40 (T2), 101,70 (T3).<\/li>\n<li>Ellen\u00e1ll\u00e1sszint: 104,10 (E1), 105,00 (E2), 108,00 (E3).<\/li>\n<\/ul>\n","protected":false},"excerpt":{"rendered":"<p>N\u00e9ha nem igaz\u00e1n \u00e9rdemes v\u00e1rni\u00a0\u00a0\u00a0\u00a0A k\u00f6zelm\u00faltbeli FOMC \u00e9rtekezlet jegyz\u0151k\u00f6nyv\u00e9t nagyon v\u00e1rt\u00e1k, k\u00fcl\u00f6n\u00f6sen azut\u00e1n, miut\u00e1n t\u00f6bb FOMC tag el\u00e9gg\u00e9 \u201ek\u00ednz\u00f3\u201d besz\u00e9det tartott az elm\u00falt n\u00e9h\u00e1ny napban, amelynek sor\u00e1n provokat\u00edv megjegyz\u00e9seket tettek a megszor\u00edt\u00e1s sz\u00fcks\u00e9gess\u00e9g\u00e9r\u0151l, a Fed-nek a kamatl\u00e1bemel\u00e9ssel kapcsolatos elk\u00e9pzel\u00e9seir\u0151l, valamint a piacot nagyon aggaszt\u00f3 egy\u00e9b t\u00e9m\u00e1kr\u00f3l. Mindazon\u00e1ltal a t\u00e9nyek nem egyeztek meg a v\u00e1rakoz\u00e1sokkal.\u00a0<\/p>\n","protected":false},"author":1,"featured_media":20409,"comment_status":"open","ping_status":"closed","sticky":false,"template":"","format":"standard","meta":[],"categories":[146,8,131],"tags":[],"_links":{"self":[{"href":"https:\/\/gazdasagportal.hu\/index.php\/wp-json\/wp\/v2\/posts\/35422"}],"collection":[{"href":"https:\/\/gazdasagportal.hu\/index.php\/wp-json\/wp\/v2\/posts"}],"about":[{"href":"https:\/\/gazdasagportal.hu\/index.php\/wp-json\/wp\/v2\/types\/post"}],"author":[{"embeddable":true,"href":"https:\/\/gazdasagportal.hu\/index.php\/wp-json\/wp\/v2\/users\/1"}],"replies":[{"embeddable":true,"href":"https:\/\/gazdasagportal.hu\/index.php\/wp-json\/wp\/v2\/comments?post=35422"}],"version-history":[{"count":2,"href":"https:\/\/gazdasagportal.hu\/index.php\/wp-json\/wp\/v2\/posts\/35422\/revisions"}],"predecessor-version":[{"id":35519,"href":"https:\/\/gazdasagportal.hu\/index.php\/wp-json\/wp\/v2\/posts\/35422\/revisions\/35519"}],"wp:featuredmedia":[{"embeddable":true,"href":"https:\/\/gazdasagportal.hu\/index.php\/wp-json\/wp\/v2\/media\/20409"}],"wp:attachment":[{"href":"https:\/\/gazdasagportal.hu\/index.php\/wp-json\/wp\/v2\/media?parent=35422"}],"wp:term":[{"taxonomy":"category","embeddable":true,"href":"https:\/\/gazdasagportal.hu\/index.php\/wp-json\/wp\/v2\/categories?post=35422"},{"taxonomy":"post_tag","embeddable":true,"href":"https:\/\/gazdasagportal.hu\/index.php\/wp-json\/wp\/v2\/tags?post=35422"}],"curies":[{"name":"wp","href":"https:\/\/api.w.org\/{rel}","templated":true}]}}