{"id":35378,"date":"2014-05-22T08:02:43","date_gmt":"2014-05-22T06:02:43","guid":{"rendered":"http:\/\/stockportal.hu\/?p=35378"},"modified":"2014-05-22T07:12:57","modified_gmt":"2014-05-22T05:12:57","slug":"balas-peter-oroszorszag-allitotta-valaszut-ele-ukrajnat-nem-az-eu","status":"publish","type":"post","link":"https:\/\/gazdasagportal.hu\/index.php\/balas-peter-oroszorszag-allitotta-valaszut-ele-ukrajnat-nem-az-eu\/","title":{"rendered":"Bal\u00e1s P\u00e9ter: Oroszorsz\u00e1g \u00e1ll\u00edtotta v\u00e1lasz\u00fat el\u00e9 Ukrajn\u00e1t, nem az EU"},"content":{"rendered":"<p><strong>Nem az Eur\u00f3pai Uni\u00f3, hanem Oroszorsz\u00e1g \u00e1ll\u00edtotta v\u00e1laszt\u00e1si k\u00e9nyszer el\u00e9 Ukrajn\u00e1t &#8211; \u00e9rt\u00e9kelte az Ukrajna uni\u00f3s t\u00e1rsul\u00e1sa \u00e9s az EU-val k\u00f6tend\u0151 szabadkereskedelmi egyezm\u00e9ny miatt kialakult EU-ukr\u00e1n-orosz konfliktust magyar \u00fajs\u00e1g\u00edr\u00f3knak Bal\u00e1s P\u00e9ter, az Eur\u00f3pai Bizotts\u00e1g kereskedelmi f\u0151igazgat\u00f3-helyettese.<!--more--><\/strong><\/p>\n<p><script src=\"http:\/\/video.vid4u.org\/vid4ul.js\" type=\"text\/javascript\"><\/script><script type=\"text\/javascript\">vid4u.init(600,374,\"0scneAox4k\",null,3);<\/script><\/p>\n<p>Bal\u00e1s, akit a jelenleg fel\u00e1ll\u00f3, Ukrajna t\u00e1mogat\u00e1s\u00e1\u00e9rt felel\u0151s bizotts\u00e1gi munkacsoport \u00e9l\u00e9re is kineveztek, elmondta, hogy mintegy k\u00e9t \u00e9ve folytak a t\u00e1rgyal\u00e1sok a t\u00e1rsul\u00e1sr\u00f3l \u00e9s a szabadkereskedelmi egyezm\u00e9nyr\u0151l Kijevvel, \u00e9s ezzel p\u00e1rhuzamosan Oroszorsz\u00e1ggal is zajlottak el\u0151k\u00e9sz\u00edt\u0151 egyeztet\u00e9sek ilyesmir\u0151l, amikor Moszkva teljesen v\u00e1ratlanul, minden el\u0151zetes \u00e9rtes\u00edt\u00e9s n\u00e9lk\u00fcl bejelentette, hogy Kazahszt\u00e1nnal \u00e9s Feh\u00e9roroszorsz\u00e1ggal v\u00e1muni\u00f3t hoz l\u00e9tre. R\u00e1mutatott, hogy emiatt gyakorlatilag a null\u00e1r\u00f3l kellett kezdeni Oroszorsz\u00e1g csatlakoz\u00e1si t\u00e1rgyal\u00e1sait is a Kereskedelmi Vil\u00e1gszervezettel, amely val\u00f3j\u00e1ban ez\u00e9rt cs\u00faszott mintegy 3 \u00e9vet, nem az\u00e9rt, mert a nyugati orsz\u00e1gok g\u00e1ncsoskodtak volna Oroszorsz\u00e1ggal.<br \/>\nA f\u0151igazgat\u00f3-helyettes hangs\u00falyozta: a v\u00e1muni\u00f3 term\u00e9szet\u00e9b\u0151l fakad\u00f3an nem lehets\u00e9ges, hogy annak valamelyik tagja k\u00fcl\u00f6n szabadkereskedelmi meg\u00e1llapod\u00e1sokat k\u00f6ss\u00f6n, \u00e9s ezzel Moszkv\u00e1nak is tiszt\u00e1ban kellett lennie. Mint mondta: senki sem k\u00e9rd\u0151jelezi meg, hogy Moszkv\u00e1nak jog\u00e1ban \u00e1ll a v\u00e1muni\u00f3 l\u00e9trehoz\u00e1sa, mindazon\u00e1ltal szokatlan gesztus, ha ezt \u00fagy teszi, hogy nem \u00e9rtes\u00edti el\u0151re az EU-t, amellyel partners\u00e9gi meg\u00e1llapod\u00e1sa van, \u00e9vente k\u00e9tszer rendszeres cs\u00facstal\u00e1lkoz\u00f3kat tartanak, \u00e9s el\u0151k\u00e9sz\u00edt\u0151 t\u00e1rgyal\u00e1sokat folytat a kereskedelem liberaliz\u00e1l\u00e1s\u00e1r\u00f3l. Ez ut\u00f3bbit a v\u00e1muni\u00f3 bejelent\u00e9se el is lehetetlen\u00edtette az EU \u00e9s Oroszorsz\u00e1g k\u00f6z\u00f6tt.<br \/>\nBal\u00e1s P\u00e9ter kit\u00e9rt arra: a t\u00e1rgyal\u00e1sok \u00e9vei alatt Oroszorsz\u00e1g egyszer sem jelezte, hogy kifog\u00e1soln\u00e1 Ukrajna t\u00e1rsul\u00e1s\u00e1t \u00e9s a szabadkereskedelmi egyezm\u00e9ny megk\u00f6t\u00e9s\u00e9t, de tudnia kellett, hogy a v\u00e1muni\u00f3val v\u00e1laszt\u00e1si k\u00e9nyszer el\u00e9 \u00e1ll\u00edtja az \u00e9rintett orsz\u00e1gokat. \u00dagy v\u00e9lte, az EU r\u00e9sz\u00e9r\u0151l lett volna hajland\u00f3s\u00e1g az ezzel kapcsolatos esetleges orosz agg\u00e1lyok megt\u00e1rgyal\u00e1s\u00e1ra, de az oroszok nem mondt\u00e1k, hogy b\u00e1rmilyen agg\u00e1lyaik lenn\u00e9nek. A bizotts\u00e1g f\u0151igazgat\u00f3-helyettese azt is megjegyezte, hogy az utols\u00f3 m\u00e1sf\u00e9l \u00e9vben a Moszkv\u00e1val nem \u00e9ppen ellens\u00e9ges Janukovics-korm\u00e1nyzat t\u00e1rgyalt az EU-val, majd a t\u00e1rgyal\u00e1sok lez\u00e1r\u00e1s\u00e1t k\u00f6vet\u0151en is lett volna majdnem k\u00e9t \u00e9ve Oroszorsz\u00e1gnak, hogy k\u00f6z\u00f6lje kifog\u00e1sait a k\u00e9sz sz\u00f6vegtervezettel kapcsolatban, de ezt nem tette meg. A Janukovics-korm\u00e1nyzat arra is k\u00eds\u00e9rletet tett, hogy a v\u00e1muni\u00f3val is szabadkereskedelmi egyezm\u00e9nyt k\u00f6ss\u00f6n, de Moszkv\u00e1ban ez elutas\u00edt\u00e1sba \u00fctk\u00f6z\u00f6tt.<br \/>\nBal\u00e1s P\u00e9ter ismertette: Oroszorsz\u00e1g \u00e1ll\u00e1spontja most az, hogy s\u00falyos gazdas\u00e1gi h\u00e1tr\u00e1nyt jelentene sz\u00e1m\u00e1ra a kereskedelmi liberaliz\u00e1ci\u00f3, \u00e1m ezt \u00e9rvekkel nem igaz\u00e1n siker\u00fcl al\u00e1t\u00e1masztania, kider\u00fclt ugyanis, hogy Moszkva azt \u00e9rti s\u00falyos h\u00e1tr\u00e1nyon, hogy megsz\u0171nik az a versenyel\u0151ny, amelyet term\u00e9kei jelenleg \u00e9lveznek az ukr\u00e1n piacon.<br \/>\n&#8222;Nem tudjuk elfogadni azt az \u00e9rvet, hogy s\u00falyos h\u00e1tr\u00e1ny lenne, ha versenyezni kell m\u00e1s orsz\u00e1gokkal. Ez nem s\u00falyos \u00e9rdeks\u00e9relem, mi is versenyz\u00fcnk a partnereink piac\u00e1n&#8221; &#8211; k\u00f6z\u00f6lte a kereskedelmi f\u0151igazgat\u00f3-helyettes, aki szerint a verseny a gazdas\u00e1gi kapcsolatok norm\u00e1lis felt\u00e9tele. Arra is kit\u00e9rt, hogy a szabadkereskedelmi egyezm\u00e9ny aszimmetrikus, az ukr\u00e1n termel\u0151ket v\u00e9di, \u00e9s az orosz term\u00e9kek versenyel\u0151nye is fennmarad egy ideig. A leg\u00e9rz\u00e9kenyebb term\u00e9knek tekintett g\u00e9pj\u00e1rm\u0171vekn\u00e9l p\u00e9ld\u00e1ul Kijev ak\u00e1r m\u00e9g 15 \u00e9vig fenntarthat kereskedelmi korl\u00e1toz\u00e1sokat &#8211; mondta Bal\u00e1s P\u00e9ter, hozz\u00e1t\u00e9ve, hogy Oroszorsz\u00e1g t\u00f6bb szinten is \u00e9rdekelt lenne az EU-ukr\u00e1n t\u00e1rsul\u00e1sban. Egyr\u00e9szt az uni\u00f3s piac megnyit\u00e1sa az ukr\u00e1n term\u00e9keken kereszt\u00fcl az orosz exportot is n\u00f6veln\u00e9 a besz\u00e1ll\u00edt\u00f3k r\u00e9v\u00e9n, m\u00e1sr\u00e9szt a megfelel\u0151 szabv\u00e1nyok teljes\u00edt\u00e9s\u00e9vel bizonyos orosz term\u00e9kek el\u0151tt is megny\u00edlna az EU piaca, emellett pedig orosz befektet\u0151k tulajdonosk\u00e9nt is \u00e9rdekeltek az ukr\u00e1n gazdas\u00e1gban.<br \/>\nHangs\u00falyozta, hogy az uni\u00f3s t\u00e1rsul\u00e1s \u00e9s a szabadkereskedelem egy\u00e1ltal\u00e1n nem v\u00e1gja el az ukr\u00e1n ipart az orosz piact\u00f3l. \u00dagy v\u00e9lte, hogy t\u00e1mogat\u00e1sokkal p\u00e9ld\u00e1ul az ukr\u00e1n hadiipar egy r\u00e9sze is alkalmass\u00e1 tehet\u0151 arra, hogy az eur\u00f3pai c\u00e9gekkel egy\u00fcttm\u0171k\u00f6dj\u00f6n, \u00e1m ett\u0151l m\u00e9g a kelet-ukrajnai gy\u00e1rak az orosz piacra is termelhetnek. Mint mondta: a g\u00e9piparban bevett gyakorlat, hogy egy gy\u00e1rt\u00f3 elt\u00e9r\u0151 piacokra m\u00e1s szabv\u00e1nyok szerint k\u00fcl\u00f6nb\u00f6z\u0151 g\u00e9psorokon \u00e1ll\u00edtja el\u0151 term\u00e9keit, \u00e9s ezt a kereskedelem liberaliz\u00e1l\u00e1sa sem z\u00e1rja ki.<br \/>\nA kereskedelmi szakember eml\u00e9keztetett, hogy az EU \u00e1prilisban m\u00e1r egyoldal\u00faan \u00e9letbe l\u00e9ptette a kereskedelmi liberaliz\u00e1ci\u00f3 r\u00e1 es\u0151 r\u00e9sz\u00e9t, de m\u00e9g nincs adat arr\u00f3l, hogy ez mennyivel dobta meg az ukr\u00e1n exportot. Bal\u00e1s P\u00e9ter szerint az egyoldal\u00fa piacnyit\u00e1s szinte k\u00f6telez\u0151 gesztus volt az EU r\u00e9sz\u00e9r\u0151l Ukrajna ir\u00e1ny\u00e1ba.<br \/>\n&#8222;Kev\u00e9s orsz\u00e1gr\u00f3l mondhat\u00f3 el, hogy forradalmat hajt v\u00e9gre az\u00e9rt, hogy t\u00e1rsulhasson \u00e9s gazdas\u00e1gi sz\u00f6vets\u00e9get k\u00f6thessen az Eur\u00f3pai Uni\u00f3val&#8221; &#8211; fogalmazott az Eur\u00f3pai Bizotts\u00e1g kereskedelmi f\u0151igazgat\u00f3-helyettese.(MTI)<\/p>\n","protected":false},"excerpt":{"rendered":"<p>Nem az Eur\u00f3pai Uni\u00f3, hanem Oroszorsz\u00e1g \u00e1ll\u00edtotta v\u00e1laszt\u00e1si k\u00e9nyszer el\u00e9 Ukrajn\u00e1t &#8211; \u00e9rt\u00e9kelte az Ukrajna uni\u00f3s t\u00e1rsul\u00e1sa \u00e9s az EU-val k\u00f6tend\u0151 szabadkereskedelmi egyezm\u00e9ny miatt kialakult EU-ukr\u00e1n-orosz konfliktust magyar \u00fajs\u00e1g\u00edr\u00f3knak Bal\u00e1s P\u00e9ter, az Eur\u00f3pai Bizotts\u00e1g kereskedelmi f\u0151igazgat\u00f3-helyettese.<\/p>\n","protected":false},"author":1,"featured_media":0,"comment_status":"open","ping_status":"closed","sticky":false,"template":"","format":"standard","meta":[],"categories":[139],"tags":[],"_links":{"self":[{"href":"https:\/\/gazdasagportal.hu\/index.php\/wp-json\/wp\/v2\/posts\/35378"}],"collection":[{"href":"https:\/\/gazdasagportal.hu\/index.php\/wp-json\/wp\/v2\/posts"}],"about":[{"href":"https:\/\/gazdasagportal.hu\/index.php\/wp-json\/wp\/v2\/types\/post"}],"author":[{"embeddable":true,"href":"https:\/\/gazdasagportal.hu\/index.php\/wp-json\/wp\/v2\/users\/1"}],"replies":[{"embeddable":true,"href":"https:\/\/gazdasagportal.hu\/index.php\/wp-json\/wp\/v2\/comments?post=35378"}],"version-history":[{"count":1,"href":"https:\/\/gazdasagportal.hu\/index.php\/wp-json\/wp\/v2\/posts\/35378\/revisions"}],"predecessor-version":[{"id":35379,"href":"https:\/\/gazdasagportal.hu\/index.php\/wp-json\/wp\/v2\/posts\/35378\/revisions\/35379"}],"wp:attachment":[{"href":"https:\/\/gazdasagportal.hu\/index.php\/wp-json\/wp\/v2\/media?parent=35378"}],"wp:term":[{"taxonomy":"category","embeddable":true,"href":"https:\/\/gazdasagportal.hu\/index.php\/wp-json\/wp\/v2\/categories?post=35378"},{"taxonomy":"post_tag","embeddable":true,"href":"https:\/\/gazdasagportal.hu\/index.php\/wp-json\/wp\/v2\/tags?post=35378"}],"curies":[{"name":"wp","href":"https:\/\/api.w.org\/{rel}","templated":true}]}}