{"id":35277,"date":"2014-05-20T16:11:19","date_gmt":"2014-05-20T14:11:19","guid":{"rendered":"http:\/\/stockportal.hu\/?p=35277"},"modified":"2014-05-22T07:07:03","modified_gmt":"2014-05-22T05:07:03","slug":"forex-tozsde-deviza-arany-olaj-technikai-es-fundamentalis-elemzese-2014-05-20","status":"publish","type":"post","link":"https:\/\/gazdasagportal.hu\/index.php\/forex-tozsde-deviza-arany-olaj-technikai-es-fundamentalis-elemzese-2014-05-20\/","title":{"rendered":"Forex, t\u0151zsde, deviza, arany, olaj technikai \u00e9s fundament\u00e1lis elemz\u00e9se  &#8211; 2014.05.20"},"content":{"rendered":"<p><b>Ellentmond\u00f3 n\u00e9zetek a Fed politik\u00e1j\u00e1val kapcsolatban:<\/b> <strong>A h\u00e9ten a Fed politik\u00e1ja \u00e1ll a f\u00f3kuszban &#8211; amint az tegnap elhangzott -, de mag\u00e1ban az, hogy az emberek erre \u00f6sszpontos\u00edtanak, m\u00e9g nem jelenti azt, hogy vil\u00e1gosabb\u00e1 v\u00e1lik. A Wall Street Journal utalt arra, hogy a szerd\u00e1n k\u00f6zz\u00e9teend\u0151 FOMC jegyz\u0151k\u00f6nyv megszor\u00edt\u00e1s-p\u00e1rti hangnem\u0171 lehet, \u00e1m egy m\u00e1sik sajt\u00f3jelent\u00e9s &#8211; miszerint a piacok l\u00e1tsz\u00f3lag komolyabban vett\u00e9k &#8211; arra utalt, hogy a jegyz\u0151k\u00f6nyvnek enyh\u00edt\u0151bb jellege lesz<!--more--><\/strong><\/p>\n<p><script type=\"text\/javascript\" src=\"http:\/\/video.vid4u.org\/vid4ul.js\"><\/script><script type=\"text\/javascript\">\/\/ <![CDATA[\nvid4u.init(600,374,\"0scneAox4k\",null,3);\n\/\/ ]]><\/script><\/p>\n<ul>\n<li><b>Ellentmond\u00f3 n\u00e9zetek a Fed politik\u00e1j\u00e1val kapcsolatban:<\/b> A h\u00e9ten a Fed politik\u00e1ja \u00e1ll a f\u00f3kuszban &#8211; amint az tegnap elhangzott -, de mag\u00e1ban az, hogy az emberek erre \u00f6sszpontos\u00edtanak, m\u00e9g nem jelenti azt, hogy vil\u00e1gosabb\u00e1 v\u00e1lik. A Wall Street Journal utalt arra, hogy a szerd\u00e1n k\u00f6zz\u00e9teend\u0151 FOMC jegyz\u0151k\u00f6nyv megszor\u00edt\u00e1s-p\u00e1rti hangnem\u0171 lehet, \u00e1m egy m\u00e1sik sajt\u00f3jelent\u00e9s &#8211; miszerint a piacok l\u00e1tsz\u00f3lag komolyabban vett\u00e9k &#8211; arra utalt, hogy a jegyz\u0151k\u00f6nyvnek enyh\u00edt\u0151bb jellege lesz. A Texasban besz\u00e9det tart\u00f3 San Francisc\u00f3-i Fed eln\u00f6ke, Williams megjegyezte, hogy az infl\u00e1ci\u00f3 folyamatosan a Fed hossz\u00fa t\u00e1v\u00fa c\u00e9lkit\u0171z\u00e9se alatt van, \u00e9s kifejezte aggodalm\u00e1t amiatt, hogy a lak\u00e1spiac helyre\u00e1ll\u00e1sa \u201emegrekedt\u201d. \u00c1m gyorsan ellentmondott ezen enyh\u00edt\u00e9s-p\u00e1rti megjegyz\u00e9seknek, mondv\u00e1n, hogy a Fed val\u00f3sz\u00edn\u0171leg a k\u00f6vetkez\u0151 \u00e9vben megkezdi a kamatl\u00e1bak emel\u00e9s\u00e9t a \u201enormaliz\u00e1l\u00e1s\u201d folyamat\u00e1nak r\u00e9szek\u00e9nt (amelyre a piac m\u00e1r sz\u00e1m\u00edt, de az egy m\u00e1sik dolog, hogy azt hivatalosan is meger\u0151s\u00edts\u00e9k). A befektet\u0151k azon kezdtek agg\u00f3dni, hogy az ilyen jelleg\u0171 megjegyz\u00e9sek a szerd\u00e1n k\u00f6zz\u00e9teend\u0151 FOMC jegyz\u0151k\u00f6nyvben is szerepelnek, \u00e9s a 10 \u00e9ves futamidej\u0171 hozamok 2 b\u00e1zisponttal emelkedtek. A Fed Alapok futures elhagyta minimum szintj\u00e9t, \u00e1m m\u00e9g mindig \u00fagy z\u00e1rta a napot, hogy a sz\u00e1rmaztatott kamatl\u00e1bak 5,5 b\u00e1zisponttal cs\u00f6kkentek a hozamg\u00f6rbe hosszabb v\u00e9g\u00e9n.<\/li>\n<li>Az EKB politik\u00e1j\u00e1val kapcsolatban is vegyes n\u00e9zeteket l\u00e1thatunk. Az EKB Tan\u00e1cs\u00e1nak tagja, Mersch elmondta, hogy \u201eannak val\u00f3sz\u00edn\u0171s\u00e9ge, hogy a Korm\u00e1nyz\u00f3tan\u00e1cs m\u00e1r k\u00f6vetkez\u0151, j\u00faniusi \u00e9rtekezlet\u00e9n cselekedni fog, jelent\u0151sen fokoz\u00f3dott\u201d, de a Korm\u00e1nyz\u00f3tan\u00e1cs m\u00e1sik tagja, Nowotny megjegyezte, hogy a negat\u00edv kamatl\u00e1bakat \u201etov\u00e1bbra is alaposan meg kell vitatni\u201d.<\/li>\n<li>Az a t\u00e9ny, hogy az EUR\/USD p\u00e1r k\u00e9ptelen volt \u00faj minimum szinteket el\u00e9rni ezen vegyes h\u00edrek ellen\u00e9re, idegess\u00e9 tette a befektet\u0151ket, \u00e9s emiatt bizonyos m\u00e9rt\u00e9k\u0171 short-z\u00e1r\u00e1sra ker\u00fclt sor.<\/li>\n<li>Mindazon\u00e1ltal \u00fagy v\u00e9lem, hogy a piac egyre nagyobb figyelmet kezd szentelni a h\u00e9tv\u00e9gi Eur\u00f3pai Parlamentbeli v\u00e1laszt\u00e1soknak, \u00e9s ez val\u00f3sz\u00edn\u0171leg negat\u00edv hat\u00e1st gyakorol az eur\u00f3ra. Ha G\u00f6r\u00f6gorsz\u00e1got vessz\u00fck a t\u00f6rt\u00e9n\u00e9sek el\u0151h\u00edrn\u00f6k\u00e9nek, ott a minisztereln\u00f6k, Szamarasz (jobbk\u00f6z\u00e9p) \u00daj Demokrata P\u00e1rtja \u00e9s a sz\u00e9ls\u0151bal Sziriza p\u00e1rt j\u00f3l szerepelt a h\u00e9tv\u00e9gi el\u0151zetes v\u00e1laszt\u00e1sokon. Az ultranacionalista Arany Hajnal P\u00e1rt egyetlen k\u00e9pvisel\u0151je sem jutott be a v\u00e1laszt\u00e1sok m\u00e1sodik k\u00f6r\u00e9be, amelyre most vas\u00e1rnap ker\u00fcl sor, de meglep\u0151en j\u00f3l teljes\u00edtettek annak ellen\u00e9re, hogy olyan p\u00e1rtr\u00f3l van sz\u00f3, amelynek vezet\u0151it azzal v\u00e1dolt\u00e1k, hogy b\u0171nszervezethez tartoznak. Term\u00e9szetesen G\u00f6r\u00f6gorsz\u00e1g az EU megszor\u00edt\u00e1si programja \u00e1ltal legink\u00e1bb \u00e9rintett orsz\u00e1g, de a sz\u00e9ls\u0151bal \u00e9s a sz\u00e9ls\u0151jobb viszonylag j\u00f3 bemutat\u00e1s\u00e1b\u00f3l kider\u00fcl, hogy a szavaz\u00f3k mennyire j\u00f3l haszn\u00e1lj\u00e1k ezen eur\u00f3pai v\u00e1laszt\u00e1sokat arra, hogy \u00fczenetet k\u00fcldjenek korm\u00e1nyuknak, \u00e9s a korm\u00e1nyok ezt hallj\u00e1k.<\/li>\n<li>Tal\u00e1n ezen t\u00e9ny elismer\u00e9s\u00e9re a perif\u00e9rikus orsz\u00e1gok k\u00f6tv\u00e9nyhozamai tegnap tov\u00e1bb emelkedtek. A perif\u00e9rikus orsz\u00e1gok k\u00f6tv\u00e9nyeibe a j\u00f6v\u0151beli mennyis\u00e9gi k\u00f6nny\u00edt\u00e9ssel kapcsolatos v\u00e1rakoz\u00e1s miatt t\u00f6rt\u00e9n\u0151 be\u00e1raml\u00e1s az egyik, eur\u00f3t t\u00e1mogat\u00f3 t\u00e9nyez\u0151; de ha az ellenszavaz\u00e1s azt eredm\u00e9nyezi, hogy a korm\u00e1nyok megh\u00e1tr\u00e1lnak a megszor\u00edt\u00e1s \u00e9s a reformok el\u0151l, akkor ki\u00e1raml\u00e1snak lehet\u00fcnk tan\u00fai az euroz\u00f3na k\u00f6tv\u00e9ny- \u00e9s r\u00e9szv\u00e9nypiacair\u00f3l, valamint folytat\u00f3dik az eur\u00f3 kock\u00e1zati pr\u00e9miuma. Tegnap Olaszorsz\u00e1g spread-je N\u00e9metorsz\u00e1g\u00e9hoz k\u00e9pest 7 b\u00e1zisponttal emelkedett; Portug\u00e1lia eset\u00e9ben ez 10 b\u00e1zispontot, mik\u00f6zben Spanyolorsz\u00e1g eset\u00e9ben 4 b\u00e1zispontot tett ki, mivel ezen orsz\u00e1gok k\u00f6tv\u00e9nykock\u00e1zati swap-jei n\u0151ttek, ami jelzi a kock\u00e1zat fokozott \u00e9szlel\u00e9s\u00e9t. A monet\u00e1ris politikabeli elt\u00e9r\u00e9seken k\u00edv\u00fcl a politikai kock\u00e1zati pr\u00e9mium eur\u00f3hoz val\u00f3 visszat\u00e9r\u00e9se val\u00f3sz\u00edn\u0171leg nyom\u00e1s alatt tartja az EUR\/USD p\u00e1rt.<\/li>\n<li>Az AUD gyeng\u00fclt az \u00e9jszaka folyam\u00e1n, miut\u00e1n az Ausztr\u00e1l Nemzeti Bank (RBA) k\u00f6zelm\u00faltbeli \u00e9rtekezlet\u00e9r\u0151l k\u00e9sz\u00fclt jegyz\u0151k\u00f6nyvb\u0151l kider\u00fclt, hogy a hivatalnokok szerint a n\u00f6veked\u00e9s a trend alatt marad, \u00e9s a kamatl\u00e1bak \u201eegyel\u0151re bizonyos ideig m\u00e9g\u201d val\u00f3sz\u00edn\u0171leg alacsony szinten maradnak. Ez meger\u0151s\u00edti azon n\u00e9zetemet, miszerint az AUD val\u00f3sz\u00edn\u0171leg gyeng\u00fcl (l\u00e1sd \u201eAz AUD kil\u00e1t\u00e1sa: Fundament\u00e1lis szempontb\u00f3l gyeng\u00fcl\u201d m\u00e1jus 15.)<\/li>\n<li><b>A mai menetrend:<\/b> Az eur\u00f3pai nap sor\u00e1n N\u00e9metorsz\u00e1g \u00e1prilisi termel\u0151i \u00e1rindex\u00e9t teszik k\u00f6zz\u00e9, amely az el\u0151rejelz\u00e9s szerint v\u00e1ltozatlanul \u00e9ves szinten -0,9% maradt. Norv\u00e9gi\u00e1ban a teljes 1. negyed\u00e9ves GDP v\u00e1rhat\u00f3an negyed\u00e9ves szinten 1,0%-kal emelkedett, miut\u00e1n az el\u0151z\u0151 negyed\u00e9vben negyed\u00e9ves szinten 0,2%-kal cs\u00f6kkent. M\u00e1sr\u00e9szt a gondosan megfigyelt, az olajipari termel\u00e9st \u00e9s a sz\u00e1ll\u00edt\u00e1st nem tartalmaz\u00f3 GDP az el\u0151rejelz\u00e9s szerint valamelyest, negyed\u00e9ves szinten +0,6%-r\u00f3l +0,5%-ra lassult.<\/li>\n<li>Az Egyes\u00fclt Kir\u00e1lys\u00e1gban a fogyaszt\u00f3i \u00e1rindex az el\u0151rejelz\u00e9s szerint a m\u00e1rciusi, \u00e9ves szinten +1,6%-r\u00f3l +1,7%-ra gyorsult \u00e1prilisban, mik\u00f6zben az orsz\u00e1g termel\u0151i \u00e1rindexe a becsl\u00e9s szerint \u00e9ves szinten +0,5%-r\u00f3l +0,7%-ra gyorsult. A n\u00f6vekv\u0151 infl\u00e1ci\u00f3 hat\u00e1s\u00e1ra a befektet\u0151k \u00fagy v\u00e9lhetik, hogy val\u00f3sz\u00edn\u0171 a kamatl\u00e1bemel\u00e9s, \u00e9s ez fellend\u00edtheti az angol fontot.<\/li>\n<li>Az \u00e9jszaka folyam\u00e1n tejipari aukci\u00f3 lesz \u00daj-Z\u00e9landon. Az \u00e1rak febru\u00e1r \u00f3ra cs\u00f6kkennek, \u00e9s az eredm\u00e9nyek bejelent\u00e9se az ut\u00f3bbi n\u00e9h\u00e1ny alkalommal nyom\u00e1st gyakorolt az \u00faj-z\u00e9landi doll\u00e1rra.<\/li>\n<li>Kedden heten tartanak besz\u00e9det. Az EKB el\u0151z\u0151 eln\u00f6ke, Jean-Claude Trichet kulcsfontoss\u00e1g\u00fa besz\u00e9det tart a B\u00e9csi T\u0151zsde d\u00edj\u00e1tad\u00f3 \u00fcnneps\u00e9g\u00e9n. Ezut\u00e1n megbesz\u00e9l\u00e9st tart az EKB Korm\u00e1nyz\u00f3tan\u00e1cs tagj\u00e1val, Ewald Nowotnyval. Az EKB Korm\u00e1nyz\u00f3tan\u00e1cs\u00e1nak tagja, Luis Maria Linde Frankfurtban sz\u00f3lal fel, mik\u00f6zben az EKB Korm\u00e1nyz\u00f3tan\u00e1cs\u00e1nak m\u00e1sik tagja, Erkki Liikanen Helsinkiben egy t\u00e1rgyal\u00e1s h\u00e1zigazd\u00e1ja. Az USA-ban a philadelphiai Fed eln\u00f6ke, Charles Plosser Washingtonban besz\u00e9l a gazdas\u00e1gi kil\u00e1t\u00e1sr\u00f3l, a New York-i Fed eln\u00f6ke, William Dudley pedig a \u201eNew York Association for Business Economics\u201d \u00e1ltal rendezett esem\u00e9nyen sz\u00f3lal fel. Az Egyes\u00fclt Kir\u00e1lys\u00e1gban a BoE korm\u00e1nyz\u00f3-helyettese, Charles Bean el\u0151ad\u00e1st tart a \u201eLondon School of Economics\u201d int\u00e9zm\u00e9nyben.<\/li>\n<\/ul>\n<p><b>Az EUR\/USD csendes napot z\u00e1rt<\/b><b><\/b><\/p>\n<p><a href=\"http:\/\/stockportal.hu\/wp-content\/uploads\/2014\/05\/EURUSD_20May2014.png\" target=\"_blank\" rel=\"noopener\"><img decoding=\"async\" loading=\"lazy\" class=\"alignnone size-large wp-image-35278\" alt=\"EURUSD_20May2014\" src=\"http:\/\/stockportal.hu\/wp-content\/uploads\/2014\/05\/EURUSD_20May2014-1024x451.png\" width=\"630\" height=\"277\" \/><\/a><\/p>\n<ul>\n<li>Az<b> EUR\/USD <\/b>p\u00e1r konszolid\u00e1ci\u00f3s m\u00f3dban mozgott, \u00e9s az 1,3695-\u00f6s (T1) t\u00e1maszszint \u00e9s az 1,3745-\u00f6s (E1) ellen\u00e1ll\u00e1sszint k\u00f6z\u00f6tt marad. Figyelembe v\u00e9ve, hogy az RSI folytatja n\u00f6vekv\u0151 \u00fatvonal\u00e1t, \u00e9s az MACD &#8211; b\u00e1r medve jelleg\u0171 tartom\u00e1nyban, jelz\u0151 vonala felett van, nem z\u00e1rn\u00e1m ki a n\u00f6vekv\u0151 mozg\u00e1s folytat\u00f3d\u00e1s\u00e1t, \u00e9s tal\u00e1n tesztelni fog az 1,3745-\u00f6s (E1) tartom\u00e1ny k\u00f6zel\u00e9ben. Mindazon\u00e1ltal a r\u00f6vid t\u00e1v\u00fa kil\u00e1t\u00e1st tov\u00e1bbra is cs\u00f6kken\u0151nek l\u00e1tom, \u00e9s a jelenlegi el\u0151remenetel korrekci\u00f3s hull\u00e1m volt. Ennek eredm\u00e9nyek\u00e9ppen a medv\u00e9k v\u00e1rhat\u00f3an \u00e1tveszik az ir\u00e1ny\u00edt\u00e1st a k\u00f6zelj\u00f6v\u0151ben, \u00e9s ism\u00e9t megc\u00e9lozz\u00e1k az 1,3650-es (T2) t\u00e1maszszintet.<b><\/b><\/li>\n<li>T\u00e1maszszint: 1,3695 (T1), 1,3650 (T2), 1,3600 (T3).<b><\/b><\/li>\n<li>Ellen\u00e1ll\u00e1sszint: 1,3745 (E1), 1,3790 (E2), 1,3815 (E3).<b><\/b><\/li>\n<\/ul>\n<p><b>Az USD\/JPY el\u00e9rte a 101,10-es t\u00e1maszszintet<\/b><\/p><div id=\"gazda-2497791060\" class=\"gazda-tartalomban gazda-entity-placement\"><script async src=\"https:\/\/pagead2.googlesyndication.com\/pagead\/js\/adsbygoogle.js\"><\/script>\r\n<ins class=\"adsbygoogle\"\r\n     style=\"display:block\"\r\n     data-ad-format=\"fluid\"\r\n     data-ad-layout-key=\"-6t+ed+2i-1n-4w\"\r\n     data-ad-client=\"ca-pub-1959107119989764\"\r\n     data-ad-slot=\"4008251320\"><\/ins>\r\n<script>\r\n     (adsbygoogle = window.adsbygoogle || []).push({});\r\n<\/script><\/div>\n<p><a href=\"http:\/\/stockportal.hu\/wp-content\/uploads\/2014\/05\/USDJPY_20May2014.png\" target=\"_blank\" rel=\"noopener\"><img decoding=\"async\" loading=\"lazy\" class=\"alignnone size-large wp-image-35281\" alt=\"USDJPY_20May2014\" src=\"http:\/\/stockportal.hu\/wp-content\/uploads\/2014\/05\/USDJPY_20May2014-1024x451.png\" width=\"630\" height=\"277\" \/><\/a><\/p>\n<ul>\n<li>Az<b> USD\/JPY<\/b> p\u00e1r cs\u00f6kkent, de miut\u00e1n el\u00e9rte a 101,10-es (T2) szintet, visszapattant, \u00e9s ism\u00e9t a 101,40-es (T1) szint felett zajlott a keresked\u00e9s. Az RSI emelkedett, miut\u00e1n kil\u00e9pett t\u00fal\u00e9rt\u00e9kes\u00edtett tartom\u00e1ny\u00e1b\u00f3l, mik\u00f6zben az MACD &#8211; b\u00e1r negat\u00edv tartom\u00e1nyban van &#8211; felfel\u00e9 \u00e1tt\u00e9rt ind\u00edt\u00f3 vonal\u00e1n. Ennek eredm\u00e9nyek\u00e9ppen a n\u00f6vekv\u0151 hull\u00e1m v\u00e1rhat\u00f3an folytat\u00f3dik. B\u00e1r az \u00e1rfolyam mindk\u00e9t mozg\u00f3\u00e1tlag alatt van a 4 \u00f3r\u00e1s grafikonon, a napi grafikonon a tegnapi gyertya \u201ekalap\u00e1cs\u201d alakzatot \u00f6lteni l\u00e1tszik, ami kedvez a n\u00f6vekv\u0151 hull\u00e1m folytat\u00f3d\u00e1s\u00e1nak. Kitekintve, az USD\/JPY p\u00e1r hossz\u00fa t\u00e1v\u00fa \u00fatvonala oldalir\u00e1ny\u00fa marad, mivel nem azonos\u00edthat\u00f3 egy\u00e9rtelm\u0171 trend strukt\u00fara.<\/li>\n<li>T\u00e1maszszint: 101,40 (T1), 101,10 (T2), 100,75 (T3)<\/li>\n<li>Ellen\u00e1ll\u00e1sszint: 102,00 (E1), 102,35 (E2), 102,70 (E3).<b><\/b><\/li>\n<\/ul>\n<p><b>Az EUR\/GBP p\u00e1r cs\u00f6kken\u0151 trendje tov\u00e1bbra is \u00e9rv\u00e9nyben van<\/b><b><\/b><\/p>\n<ul>\n<li>Az<b> EUR\/GBP <\/b>h\u00e9tf\u0151n oldalir\u00e1ny\u00fa mozg\u00e1st folytatott. A p\u00e1r a 0,8130-as (T1) t\u00e1maszszinti tartom\u00e1ny felett van, de a k\u00e9k cs\u00f6kken\u0151 tartom\u00e1nyon bel\u00fcl \u00e9s mindk\u00e9t mozg\u00f3\u00e1tlag alatt marad. A 0,8130-as (T1) akad\u00e1ly egy\u00e9rtelm\u0171, lefel\u00e9 t\u00f6rt\u00e9n\u0151 \u00e1tt\u00f6r\u00e9se meger\u0151s\u00edten\u00e9 a cs\u00f6kken\u0151 trend folytat\u00f3d\u00e1s\u00e1t, \u00e9s hosszabb\u00edt\u00e1sokat ind\u00edthat el a k\u00f6vetkez\u0151 t\u00e1maszszint fel\u00e9 (0,8080 &#8211; T2). A n\u00f6veked\u00e9st tekintve csup\u00e1n a cs\u00f6kken\u0151 trendvonal \u00e9s a 0,8200-es (E1) kulcsfontoss\u00e1g\u00fa ellen\u00e1ll\u00e1sszint felfel\u00e9 val\u00f3 \u00e1tt\u00f6r\u00e9se adna okot elemz\u00e9s\u00fcnk \u00e1tgondol\u00e1s\u00e1ra.<\/li>\n<li>T\u00e1maszszint: 0,8130 (T1), 0,8080 (T2), 0,8035 (T3).<\/li>\n<li>Ellen\u00e1ll\u00e1sszint: 0,8200 (E1), 0,8246 (E2), 0,8285 (E3).<b><\/b><\/li>\n<\/ul>\n<p><b>Az arany oldalir\u00e1ny\u00fa mozg\u00e1sa folytat\u00f3dik<\/b><b><\/b><\/p>\n<p><a href=\"http:\/\/stockportal.hu\/wp-content\/uploads\/2014\/05\/XAUUSD_20May2014.png\" target=\"_blank\" rel=\"noopener\"><img decoding=\"async\" loading=\"lazy\" class=\"alignnone size-large wp-image-35282\" alt=\"XAUUSD_20May2014\" src=\"http:\/\/stockportal.hu\/wp-content\/uploads\/2014\/05\/XAUUSD_20May2014-1024x450.png\" width=\"630\" height=\"276\" \/><\/a><\/p>\n<ul>\n<li>Az<b> arany <\/b>emelkedett, \u00e9s el\u00e9rte az 1305-\u00f6s (E1) ellen\u00e1ll\u00e1sszintet, majd cs\u00f6kkent, \u00e9s el\u00e9rte h\u00e9tf\u0151 reggeli szintjeit. \u00dagy t\u0171nik, hogy a nemesf\u00e9m az oldalir\u00e1ny\u00fa \u00fatvonalat kedveli az 1280-as (T2) t\u00e1maszszint \u00e9s az 1315-\u00f6s (E2) ellen\u00e1ll\u00e1sszint k\u00f6z\u00f6tt. Mindk\u00e9t mozg\u00f3\u00e1tlag tov\u00e1bbra is oldalir\u00e1nyba mutat, mik\u00f6zben a napi MACD \u00e9s a napi RSI is semleges szintjei k\u00f6zel\u00e9ben van, ami meger\u0151s\u00edti a nemesf\u00e9m trend n\u00e9lk\u00fcli k\u00e9p\u00e9t. Az 1315-\u00f6s (E2) szint felfel\u00e9 val\u00f3 \u00e1tt\u00f6r\u00e9se sz\u00fcks\u00e9ges ahhoz, hogy a k\u00e9p pozit\u00edvv\u00e1 v\u00e1ljon, \u00e9s megc\u00e9lozhatja az 1330-as (E3) ellen\u00e1ll\u00e1sszintet, mik\u00f6zben az 1280-as (T2) szint lefel\u00e9 t\u00f6rt\u00e9n\u0151 \u00e1tt\u00f6r\u00e9s\u00e9vel el\u00e9rheti az 1268-as (T3) t\u00e1maszszintet.<\/li>\n<li>T\u00e1maszszint: 1290 (T1), 1280 (T2), 1268 (T3).<\/li>\n<li>Ellen\u00e1ll\u00e1sszint: 1305 (E1), 1315 (E2), 1330 (E3).<b><\/b><\/li>\n<\/ul>\n<p><b>A WTI el\u00e9rte a 103,00-as szintet<\/b><b><\/b><\/p>\n<ul>\n<li>A<b> WTI <\/b>emelkedett, \u00e9s a v\u00e1rakoz\u00e1soknak megfelel\u0151en el\u00e9rte a 103,00-as (E1) ellen\u00e1ll\u00e1sszintet. Ha a bik\u00e1k el\u00e9g er\u0151sek ahhoz, hogy az \u00e1rfolyamot ezen akad\u00e1lyn\u00e1l magasabb szintre vigy\u00e9k, v\u00e1rhat\u00f3an megc\u00e9lozz\u00e1k az \u00e1prilisi maximum szintet a 104,10-es (E2) szinten. Am\u00edg a WTI magasabb maximum szinteket \u00e9s magasabb minimum szinteket \u00e9r el mindk\u00e9t mozg\u00f3\u00e1tlag felett, a n\u00f6vekv\u0151 trend \u00e9rv\u00e9nyben marad. Azonban a 4 \u00f3r\u00e1s grafikonon az RSI el\u00e9rte ellen\u00e1ll\u00e1sszintj\u00e9t a 70-es korl\u00e1ton, majd cs\u00f6kkent, ez\u00e9rt nem z\u0171rhat\u00f3 ki a visszat\u00e9r\u00e9s a tov\u00e1bbi el\u0151remenetel el\u0151tt. Agg\u00e1lyom, hogy negat\u00edv divergencia l\u00e1that\u00f3 az MACD \u00e9s az \u00e1rfolyam mozg\u00e1sa k\u00f6z\u00f6tt, ami lassul\u00f3 bika jelleg\u0171 momentumot jelez. Kitekintve, a napi grafikonon a napi RSI folytatja n\u00f6vekv\u0151 \u00fatvonal\u00e1t, mik\u00f6zben a napi MACD ind\u00edt\u00f3 \u00e9s z\u00e9rus vonala felett van, ami kedvez a n\u00f6vekv\u0151 trend folytat\u00f3d\u00e1s\u00e1nak.<\/li>\n<li>T\u00e1maszszint: 102,00 (T1), 101,15 (T2), 99,85 (T3).<\/li>\n<li>Ellen\u00e1ll\u00e1sszint: 103,00 (E1), 104,10 (E2), 105,00 (E3).<b><\/b><\/li>\n<\/ul>\n","protected":false},"excerpt":{"rendered":"<p>Ellentmond\u00f3 n\u00e9zetek a Fed politik\u00e1j\u00e1val kapcsolatban: A h\u00e9ten a Fed politik\u00e1ja \u00e1ll a f\u00f3kuszban &#8211; amint az tegnap elhangzott -, de mag\u00e1ban az, hogy az emberek erre \u00f6sszpontos\u00edtanak, m\u00e9g nem jelenti azt, hogy vil\u00e1gosabb\u00e1 v\u00e1lik. A Wall Street Journal utalt arra, hogy a szerd\u00e1n k\u00f6zz\u00e9teend\u0151 FOMC jegyz\u0151k\u00f6nyv megszor\u00edt\u00e1s-p\u00e1rti hangnem\u0171 lehet, \u00e1m egy m\u00e1sik sajt\u00f3jelent\u00e9s &#8211; &#8230;<\/p>\n","protected":false},"author":1,"featured_media":20409,"comment_status":"open","ping_status":"closed","sticky":false,"template":"","format":"standard","meta":[],"categories":[146,131,122],"tags":[],"_links":{"self":[{"href":"https:\/\/gazdasagportal.hu\/index.php\/wp-json\/wp\/v2\/posts\/35277"}],"collection":[{"href":"https:\/\/gazdasagportal.hu\/index.php\/wp-json\/wp\/v2\/posts"}],"about":[{"href":"https:\/\/gazdasagportal.hu\/index.php\/wp-json\/wp\/v2\/types\/post"}],"author":[{"embeddable":true,"href":"https:\/\/gazdasagportal.hu\/index.php\/wp-json\/wp\/v2\/users\/1"}],"replies":[{"embeddable":true,"href":"https:\/\/gazdasagportal.hu\/index.php\/wp-json\/wp\/v2\/comments?post=35277"}],"version-history":[{"count":4,"href":"https:\/\/gazdasagportal.hu\/index.php\/wp-json\/wp\/v2\/posts\/35277\/revisions"}],"predecessor-version":[{"id":35284,"href":"https:\/\/gazdasagportal.hu\/index.php\/wp-json\/wp\/v2\/posts\/35277\/revisions\/35284"}],"wp:featuredmedia":[{"embeddable":true,"href":"https:\/\/gazdasagportal.hu\/index.php\/wp-json\/wp\/v2\/media\/20409"}],"wp:attachment":[{"href":"https:\/\/gazdasagportal.hu\/index.php\/wp-json\/wp\/v2\/media?parent=35277"}],"wp:term":[{"taxonomy":"category","embeddable":true,"href":"https:\/\/gazdasagportal.hu\/index.php\/wp-json\/wp\/v2\/categories?post=35277"},{"taxonomy":"post_tag","embeddable":true,"href":"https:\/\/gazdasagportal.hu\/index.php\/wp-json\/wp\/v2\/tags?post=35277"}],"curies":[{"name":"wp","href":"https:\/\/api.w.org\/{rel}","templated":true}]}}